{"id":19978,"date":"2014-12-24T16:17:57","date_gmt":"2014-12-24T19:17:57","guid":{"rendered":"https:\/\/portalv1.com.br\/?p=19978"},"modified":"2014-12-24T16:17:57","modified_gmt":"2014-12-24T19:17:57","slug":"policia-militar-prende-motorista-por-direcao-perigosa-e-uso-de-drogas","status":"publish","type":"post","link":"https:\/\/portalv1.com.br\/policia-militar-prende-motorista-por-direcao-perigosa-e-uso-de-drogas\/","title":{"rendered":"Policia Militar prende motorista por dire\u00e7\u00e3o perigosa e uso de drogas"},"content":{"rendered":"<figure id=\"attachment_19979\" aria-describedby=\"caption-attachment-19979\" style=\"width: 300px\" class=\"wp-caption alignright\"><a href=\"https:\/\/portalv1.com.br\/app\/wp-content\/uploads\/2014\/12\/policiarf.jpg\"><img loading=\"lazy\" decoding=\"async\" class=\"size-medium wp-image-19979\" src=\"https:\/\/portalv1.com.br\/app\/wp-content\/uploads\/2014\/12\/policiarf-300x225.jpg\" alt=\"O motorista realizava manobras perigosas em frente \u00e0 Secretaria Municipal de Obras\" width=\"300\" height=\"225\" srcset=\"https:\/\/portalv1.com.br\/app\/wp-content\/uploads\/2014\/12\/policiarf-300x225.jpg 300w, https:\/\/portalv1.com.br\/app\/wp-content\/uploads\/2014\/12\/policiarf-640x480.jpg 640w, https:\/\/portalv1.com.br\/app\/wp-content\/uploads\/2014\/12\/policiarf.jpg 960w\" sizes=\"auto, (max-width: 300px) 100vw, 300px\" \/><\/a><figcaption id=\"caption-attachment-19979\" class=\"wp-caption-text\">O motorista realizava manobras perigosas em frente \u00e0 Secretaria Municipal de Obras<\/figcaption><\/figure>\n<p>A Pol\u00edcia Militar desta 2\u00aa\/4\u00ba BPM prendeu por volta das 08h desta quarta-feira (24) em flagrante delito um motorista, que realizava manobras perigosas em frente \u00e0 Secretaria Municipal de Obras. A PM teve conhecimento do il\u00edcito atrav\u00e9s do 190 e imediatamente abordou o condutor, que estava em aparente estado de embriaguez alco\u00f3lica e portava no interior do ve\u00edculo (porta-luvas), uma pequena quantidade de p\u00f3 semelhante a coca\u00edna.<\/p>\n<p>Diante do fato, o condutor foi conduzido at\u00e9 a Delegacia Regional de Valen\u00e7a para as provid\u00eancias cab\u00edveis. A policia militar Alerta sobre os perigos trazidos pela bebida ao conduzir ve\u00edculos automotores, o problema \u00e9 que os motoristas embriagados ou sobre efeitos de outros entorpecentes tem seus reflexos prejudicados pelo uso dos mesmos, colocando sua vida e a de terceiros em risco. A Policia lembra que a puni\u00e7\u00e3o a tal crime \u00e9 bastante severa e onerosa financeiramente.<\/p>\n","protected":false},"excerpt":{"rendered":"<p>A Pol\u00edcia Militar desta 2\u00aa\/4\u00ba BPM prendeu por volta das 08h desta quarta-feira (24) em flagrante delito um motorista, que realizava manobras perigosas em frente \u00e0 Secretaria Municipal de Obras&#8230;.<\/p>\n","protected":false},"author":1,"featured_media":0,"comment_status":"open","ping_status":"open","sticky":false,"template":"","format":"standard","meta":{"ngg_post_thumbnail":0,"footnotes":""},"categories":[12],"tags":[],"class_list":["post-19978","post","type-post","status-publish","format-standard","hentry","category-valenca-news"],"views":630,"meta_data":{"thumb":"https:\/\/portalv1.com.br\/app\/wp-content\/uploads\/2014\/12\/policiarf.jpg","data":{"simple":"24\/12\/2014","date_time":"24\/12\/2014 13:17:57","date":"h\u00e1 11 anos"},"chapeu":"EM VALEN\u00c7A","source":"slide"},"_links":{"self":[{"href":"https:\/\/portalv1.com.br\/api\/wp\/v2\/posts\/19978","targetHints":{"allow":["GET"]}}],"collection":[{"href":"https:\/\/portalv1.com.br\/api\/wp\/v2\/posts"}],"about":[{"href":"https:\/\/portalv1.com.br\/api\/wp\/v2\/types\/post"}],"author":[{"embeddable":true,"href":"https:\/\/portalv1.com.br\/api\/wp\/v2\/users\/1"}],"replies":[{"embeddable":true,"href":"https:\/\/portalv1.com.br\/api\/wp\/v2\/comments?post=19978"}],"version-history":[{"count":0,"href":"https:\/\/portalv1.com.br\/api\/wp\/v2\/posts\/19978\/revisions"}],"wp:attachment":[{"href":"https:\/\/portalv1.com.br\/api\/wp\/v2\/media?parent=19978"}],"wp:term":[{"taxonomy":"category","embeddable":true,"href":"https:\/\/portalv1.com.br\/api\/wp\/v2\/categories?post=19978"},{"taxonomy":"post_tag","embeddable":true,"href":"https:\/\/portalv1.com.br\/api\/wp\/v2\/tags?post=19978"}],"curies":[{"name":"wp","href":"https:\/\/api.w.org\/{rel}","templated":true}]}}