{"id":200252,"date":"2024-05-03T21:31:12","date_gmt":"2024-05-04T00:31:12","guid":{"rendered":"https:\/\/portalv1.com.br\/?p=200252"},"modified":"2024-05-03T21:31:12","modified_gmt":"2024-05-04T00:31:12","slug":"governador-sanciona-lei-que-reajusta-salarios-dos-professores-da-rede-estadual","status":"publish","type":"post","link":"https:\/\/portalv1.com.br\/governador-sanciona-lei-que-reajusta-salarios-dos-professores-da-rede-estadual\/","title":{"rendered":"Governador sanciona lei que reajusta sal\u00e1rios dos professores da rede estadual"},"content":{"rendered":"<p>O governador Rafael Fonteles (PT) sancionou lei de n\u00ba 8.370 que reajusta em 5,35% o vencimento dos profissionais do magist\u00e9rio p\u00fablico da educa\u00e7\u00e3o b\u00e1sica no Piau\u00ed. A lei foi publicada no Di\u00e1rio Oficial do Piau\u00ed do dia 2 de maio.<\/p>\n<p>A proposta foi apresentada pelo governo e encaminhada para a Assembleia Legislativa do Piau\u00ed (Alepi) em abril deste ano. Ap\u00f3s passar por vota\u00e7\u00e3o, ela foi aprovada na \u00faltima ter\u00e7a-feira (30).<\/p>\n<p>O reajuste leva em considera\u00e7\u00e3o outra lei sancionada no m\u00eas de mar\u00e7o, de n\u00ba 8.316, que realizou uma atualiza\u00e7\u00e3o do valor do piso salarial profissional estadual para os profissionais do magist\u00e9rio p\u00fablico da educa\u00e7\u00e3o b\u00e1sica ocupantes de cargo efetivo para R$ 4.580,57 mil.<\/p>\n<p>J\u00e1 que ocorreu essa mudan\u00e7a no valor do piso, agora outra lei garante um reajuste de 5,35% para a categoria. Consta na lei que para os professores da educa\u00e7\u00e3o b\u00e1sica com v\u00ednculo tempor\u00e1rio, a renumera\u00e7\u00e3o ainda ser\u00e1 definida por decreto do governador.<\/p>\n<p>Na lei sancionada, foi publicada a tabela de vencimentos. Nela consta que para um professor, com carga hor\u00e1ria de 20h semanais, a menor renumera\u00e7\u00e3o ser\u00e1 de R$ 2.328,55, enquanto para quem trabalha 40h semanais, o menor valor seria de R$ 4.657,10.<\/p>\n","protected":false},"excerpt":{"rendered":"<p>O governador Rafael Fonteles (PT) sancionou lei de n\u00ba 8.370 que reajusta em 5,35% o vencimento dos profissionais do magist\u00e9rio p\u00fablico da educa\u00e7\u00e3o b\u00e1sica no Piau\u00ed. A lei foi publicada&#8230;<\/p>\n","protected":false},"author":1,"featured_media":88237,"comment_status":"open","ping_status":"open","sticky":false,"template":"","format":"standard","meta":{"ngg_post_thumbnail":0,"footnotes":""},"categories":[243],"tags":[],"class_list":["post-200252","post","type-post","status-publish","format-standard","has-post-thumbnail","hentry","category-geral"],"views":87,"meta_data":{"thumb":"https:\/\/portalv1.com.br\/app\/wp-content\/uploads\/2020\/09\/sala-de-aula.jpg","imagem":{"fullsize":{"url":"https:\/\/portalv1.com.br\/app\/wp-content\/uploads\/2020\/09\/sala-de-aula.jpg","width":652,"height":408},"medium":{"url":"https:\/\/portalv1.com.br\/app\/wp-content\/uploads\/2020\/09\/sala-de-aula-300x188.jpg","width":300,"height":188},"large":{"url":"https:\/\/portalv1.com.br\/app\/wp-content\/uploads\/2020\/09\/sala-de-aula-640x400.jpg","width":640,"height":400},"thumbnail":{"url":"https:\/\/portalv1.com.br\/app\/wp-content\/uploads\/2020\/09\/sala-de-aula-100x100.jpg","width":100,"height":100}},"data":{"simple":"03\/05\/2024","date_time":"03\/05\/2024 18:31:12","date":"h\u00e1 2 anos"},"chapeu":"Veja detalhes ","source":"m_destacada"},"_links":{"self":[{"href":"https:\/\/portalv1.com.br\/api\/wp\/v2\/posts\/200252","targetHints":{"allow":["GET"]}}],"collection":[{"href":"https:\/\/portalv1.com.br\/api\/wp\/v2\/posts"}],"about":[{"href":"https:\/\/portalv1.com.br\/api\/wp\/v2\/types\/post"}],"author":[{"embeddable":true,"href":"https:\/\/portalv1.com.br\/api\/wp\/v2\/users\/1"}],"replies":[{"embeddable":true,"href":"https:\/\/portalv1.com.br\/api\/wp\/v2\/comments?post=200252"}],"version-history":[{"count":0,"href":"https:\/\/portalv1.com.br\/api\/wp\/v2\/posts\/200252\/revisions"}],"wp:featuredmedia":[{"embeddable":true,"href":"https:\/\/portalv1.com.br\/api\/wp\/v2\/media\/88237"}],"wp:attachment":[{"href":"https:\/\/portalv1.com.br\/api\/wp\/v2\/media?parent=200252"}],"wp:term":[{"taxonomy":"category","embeddable":true,"href":"https:\/\/portalv1.com.br\/api\/wp\/v2\/categories?post=200252"},{"taxonomy":"post_tag","embeddable":true,"href":"https:\/\/portalv1.com.br\/api\/wp\/v2\/tags?post=200252"}],"curies":[{"name":"wp","href":"https:\/\/api.w.org\/{rel}","templated":true}]}}