{"id":20055,"date":"2015-01-07T00:23:50","date_gmt":"2015-01-07T03:23:50","guid":{"rendered":"https:\/\/portalv1.com.br\/?p=20055"},"modified":"2015-01-07T22:02:58","modified_gmt":"2015-01-08T01:02:58","slug":"ana-beatriz-nogueira-ganha-festa-surpresa-veja-fotos","status":"publish","type":"post","link":"https:\/\/portalv1.com.br\/ana-beatriz-nogueira-ganha-festa-surpresa-veja-fotos\/","title":{"rendered":"Ana Beatriz Nogueira ganha festa surpresa. Veja fotos"},"content":{"rendered":"<figure id=\"attachment_20056\" aria-describedby=\"caption-attachment-20056\" style=\"width: 300px\" class=\"wp-caption alignright\"><a href=\"https:\/\/portalv1.com.br\/app\/wp-content\/uploads\/2015\/01\/beatriz.jpg\"><img loading=\"lazy\" decoding=\"async\" class=\"size-medium wp-image-20056\" src=\"https:\/\/portalv1.com.br\/app\/wp-content\/uploads\/2015\/01\/beatriz-300x251.jpg\" alt=\"Ana Beatriz Nogueira\" width=\"300\" height=\"251\" srcset=\"https:\/\/portalv1.com.br\/app\/wp-content\/uploads\/2015\/01\/beatriz-300x251.jpg 300w, https:\/\/portalv1.com.br\/app\/wp-content\/uploads\/2015\/01\/beatriz.jpg 573w\" sizes=\"auto, (max-width: 300px) 100vw, 300px\" \/><\/a><figcaption id=\"caption-attachment-20056\" class=\"wp-caption-text\">Ana Beatriz Nogueira<\/figcaption><\/figure>\n<p>Ter\u00e7a-feira (06) de festa para Ana Beatriz Nogueira, filha do radialista Nogueira Filho (R\u00e1dio Confedera\u00e7\u00e3o Valenciana). A futura assistente social comemorou mais uma data festiva com direita a festa surpresa e tudo. Ao lado dos familiares e amigos e do padrinho Sergio Alves ela comemorou a data que certamente ser\u00e1 multiplicada por muitos e muitos anos.<\/p>\n<p><strong><div class=\"ngg-galleryoverview\" data-widget=\"Galeria\" data-props='{&quot;galeria&quot;:{&quot;gallery_id&quot;:1718,&quot;total&quot;:5,&quot;max_page&quot;:1,&quot;page&quot;:1,&quot;images&quot;:[{&quot;pid&quot;:35357,&quot;imageURL&quot;:&quot;https:\\\/\\\/portalv1.com.br\\\/app\\\/wp-content\\\/gallery\\\/beatriz_1\\\/01.jpg?t=1704587249&quot;,&quot;thumbnailURL&quot;:&quot;https:\\\/\\\/portalv1.com.br\\\/app\\\/wp-content\\\/gallery\\\/beatriz_1\\\/thumbs\\\/thumbs_01.jpg?t=1704587249&quot;,&quot;description&quot;:&quot; &quot;,&quot;alttext&quot;:&quot;01&quot;,&quot;style&quot;:&quot;&quot;},{&quot;pid&quot;:35358,&quot;imageURL&quot;:&quot;https:\\\/\\\/portalv1.com.br\\\/app\\\/wp-content\\\/gallery\\\/beatriz_1\\\/02.jpg?t=1704587284&quot;,&quot;thumbnailURL&quot;:&quot;https:\\\/\\\/portalv1.com.br\\\/app\\\/wp-content\\\/gallery\\\/beatriz_1\\\/thumbs\\\/thumbs_02.jpg?t=1704587284&quot;,&quot;description&quot;:&quot; &quot;,&quot;alttext&quot;:&quot;02&quot;,&quot;style&quot;:&quot;&quot;},{&quot;pid&quot;:35359,&quot;imageURL&quot;:&quot;https:\\\/\\\/portalv1.com.br\\\/app\\\/wp-content\\\/gallery\\\/beatriz_1\\\/03.jpg?t=1704587214&quot;,&quot;thumbnailURL&quot;:&quot;https:\\\/\\\/portalv1.com.br\\\/app\\\/wp-content\\\/gallery\\\/beatriz_1\\\/thumbs\\\/thumbs_03.jpg?t=1704587214&quot;,&quot;description&quot;:&quot; &quot;,&quot;alttext&quot;:&quot;03&quot;,&quot;style&quot;:&quot;&quot;},{&quot;pid&quot;:35360,&quot;imageURL&quot;:&quot;https:\\\/\\\/portalv1.com.br\\\/app\\\/wp-content\\\/gallery\\\/beatriz_1\\\/04.jpg?t=1704585606&quot;,&quot;thumbnailURL&quot;:&quot;https:\\\/\\\/portalv1.com.br\\\/app\\\/wp-content\\\/gallery\\\/beatriz_1\\\/thumbs\\\/thumbs_04.jpg?t=1704585606&quot;,&quot;description&quot;:&quot; &quot;,&quot;alttext&quot;:&quot;04&quot;,&quot;style&quot;:&quot;&quot;},{&quot;pid&quot;:35361,&quot;imageURL&quot;:&quot;https:\\\/\\\/portalv1.com.br\\\/app\\\/wp-content\\\/gallery\\\/beatriz_1\\\/dscn0272.jpg?t=1704587267&quot;,&quot;thumbnailURL&quot;:&quot;https:\\\/\\\/portalv1.com.br\\\/app\\\/wp-content\\\/gallery\\\/beatriz_1\\\/thumbs\\\/thumbs_dscn0272.jpg?t=1704587267&quot;,&quot;description&quot;:&quot; &quot;,&quot;alttext&quot;:&quot;dscn0272&quot;,&quot;style&quot;:&quot;&quot;}]}}'><\/div><\/strong>.<\/p>\n","protected":false},"excerpt":{"rendered":"<p>Ter\u00e7a-feira (06) de festa para Ana Beatriz Nogueira, filha do radialista Nogueira Filho (R\u00e1dio Confedera\u00e7\u00e3o Valenciana). A futura assistente social comemorou mais uma data festiva com direita a festa surpresa&#8230;<\/p>\n","protected":false},"author":1,"featured_media":0,"comment_status":"open","ping_status":"open","sticky":false,"template":"","format":"standard","meta":{"ngg_post_thumbnail":0,"footnotes":""},"categories":[12],"tags":[],"class_list":["post-20055","post","type-post","status-publish","format-standard","hentry","category-valenca-news"],"views":600,"meta_data":{"thumb":"https:\/\/portalv1.com.br\/app\/wp-content\/uploads\/2015\/01\/beatriz.jpg","data":{"simple":"06\/01\/2015","date_time":"06\/01\/2015 21:23:50","date":"h\u00e1 11 anos"},"chapeu":"Happy","source":"foto_menor"},"_links":{"self":[{"href":"https:\/\/portalv1.com.br\/api\/wp\/v2\/posts\/20055","targetHints":{"allow":["GET"]}}],"collection":[{"href":"https:\/\/portalv1.com.br\/api\/wp\/v2\/posts"}],"about":[{"href":"https:\/\/portalv1.com.br\/api\/wp\/v2\/types\/post"}],"author":[{"embeddable":true,"href":"https:\/\/portalv1.com.br\/api\/wp\/v2\/users\/1"}],"replies":[{"embeddable":true,"href":"https:\/\/portalv1.com.br\/api\/wp\/v2\/comments?post=20055"}],"version-history":[{"count":0,"href":"https:\/\/portalv1.com.br\/api\/wp\/v2\/posts\/20055\/revisions"}],"wp:attachment":[{"href":"https:\/\/portalv1.com.br\/api\/wp\/v2\/media?parent=20055"}],"wp:term":[{"taxonomy":"category","embeddable":true,"href":"https:\/\/portalv1.com.br\/api\/wp\/v2\/categories?post=20055"},{"taxonomy":"post_tag","embeddable":true,"href":"https:\/\/portalv1.com.br\/api\/wp\/v2\/tags?post=20055"}],"curies":[{"name":"wp","href":"https:\/\/api.w.org\/{rel}","templated":true}]}}