{"id":20063,"date":"2015-01-07T09:19:43","date_gmt":"2015-01-07T12:19:43","guid":{"rendered":"https:\/\/portalv1.com.br\/?p=20063"},"modified":"2015-01-07T09:19:43","modified_gmt":"2015-01-07T12:19:43","slug":"w-dias-garante-pagamento-do-novo-piso-aos-professores","status":"publish","type":"post","link":"https:\/\/portalv1.com.br\/w-dias-garante-pagamento-do-novo-piso-aos-professores\/","title":{"rendered":"W. Dias garante pagamento do novo piso aos professores"},"content":{"rendered":"<figure id=\"attachment_20064\" aria-describedby=\"caption-attachment-20064\" style=\"width: 300px\" class=\"wp-caption alignright\"><a href=\"https:\/\/portalv1.com.br\/app\/wp-content\/uploads\/2015\/01\/wellington.jpg\"><img loading=\"lazy\" decoding=\"async\" class=\"size-medium wp-image-20064\" src=\"https:\/\/portalv1.com.br\/app\/wp-content\/uploads\/2015\/01\/wellington-300x200.jpg\" alt=\"governador Wellington Dias \" width=\"300\" height=\"200\" srcset=\"https:\/\/portalv1.com.br\/app\/wp-content\/uploads\/2015\/01\/wellington-300x200.jpg 300w, https:\/\/portalv1.com.br\/app\/wp-content\/uploads\/2015\/01\/wellington.jpg 600w\" sizes=\"auto, (max-width: 300px) 100vw, 300px\" \/><\/a><figcaption id=\"caption-attachment-20064\" class=\"wp-caption-text\">governador Wellington Dias<\/figcaption><\/figure>\n<p>O governador Wellington Dias (PT) garantiu que vai pagar o novo piso salarial dos professores que deve ser anunciado nesta quarta-feira (7), pelo Ministro da Educa\u00e7\u00e3o Cid Gomes.\u00a0Segundo o governador, mesmo o Estado passando por dificuldades ele ir\u00e1 cumprir com o pagamento do piso, pois al\u00e9m de respeitar a categoria, entende que \u00e9 um servi\u00e7o essencial e que \u00e9 sempre bom ter profissionais dispon\u00edveis e satisfeitos.<\/p>\n<p>\u201cPor maior que seja a dificuldade, \u00e9 um compromisso que eu tenho com os professores. Reconhe\u00e7o que h\u00e1 a necessidade de professores bem renumerados. Isso tamb\u00e9m me coloca na necessidade de cobrar [a categoria], ao cumprir o piso. Um professor ou um profissional de qualquer \u00e1rea essencial \u00e9 importante que ele fique a disposi\u00e7\u00e3o. O que n\u00e3o podemos \u00e9 prejudicar o povo. O piso ser\u00e1 pago\u201d, disse.<\/p>\n<p>Wellington tem feito v\u00e1rias visitas em unidades do governo com o objetivo de avaliar a situa\u00e7\u00e3o e tomar medidas emergenciais. \u201cVamos trabalhar muito, at\u00e9 no s\u00e1bado e domingo. Tem muita coisa acumulada. Todos os dias vou estar trabalhando para que a nossa equipe possa cada vez mais viabilizando as condi\u00e7\u00f5es de funcionamento. Vamos trabalhar em dois ritmos. Um emergencial e a outro na parte de planejar, que \u00e9 um compromisso mais definitivo\u201d, disse<\/p>\n","protected":false},"excerpt":{"rendered":"<p>O governador Wellington Dias (PT) garantiu que vai pagar o novo piso salarial dos professores que deve ser anunciado nesta quarta-feira (7), pelo Ministro da Educa\u00e7\u00e3o Cid Gomes.\u00a0Segundo o governador,&#8230;<\/p>\n","protected":false},"author":1,"featured_media":0,"comment_status":"open","ping_status":"open","sticky":false,"template":"","format":"standard","meta":{"ngg_post_thumbnail":0,"footnotes":""},"categories":[12],"tags":[],"class_list":["post-20063","post","type-post","status-publish","format-standard","hentry","category-valenca-news"],"views":420,"meta_data":{"thumb":"https:\/\/portalv1.com.br\/app\/wp-content\/uploads\/2015\/01\/wellington.jpg","data":{"simple":"07\/01\/2015","date_time":"07\/01\/2015 06:19:43","date":"h\u00e1 11 anos"},"chapeu":"EDUCA\u00c7\u00c3O ","source":"m_destacada"},"_links":{"self":[{"href":"https:\/\/portalv1.com.br\/api\/wp\/v2\/posts\/20063","targetHints":{"allow":["GET"]}}],"collection":[{"href":"https:\/\/portalv1.com.br\/api\/wp\/v2\/posts"}],"about":[{"href":"https:\/\/portalv1.com.br\/api\/wp\/v2\/types\/post"}],"author":[{"embeddable":true,"href":"https:\/\/portalv1.com.br\/api\/wp\/v2\/users\/1"}],"replies":[{"embeddable":true,"href":"https:\/\/portalv1.com.br\/api\/wp\/v2\/comments?post=20063"}],"version-history":[{"count":0,"href":"https:\/\/portalv1.com.br\/api\/wp\/v2\/posts\/20063\/revisions"}],"wp:attachment":[{"href":"https:\/\/portalv1.com.br\/api\/wp\/v2\/media?parent=20063"}],"wp:term":[{"taxonomy":"category","embeddable":true,"href":"https:\/\/portalv1.com.br\/api\/wp\/v2\/categories?post=20063"},{"taxonomy":"post_tag","embeddable":true,"href":"https:\/\/portalv1.com.br\/api\/wp\/v2\/tags?post=20063"}],"curies":[{"name":"wp","href":"https:\/\/api.w.org\/{rel}","templated":true}]}}