{"id":20075,"date":"2015-01-09T00:22:46","date_gmt":"2015-01-09T03:22:46","guid":{"rendered":"https:\/\/portalv1.com.br\/?p=20075"},"modified":"2015-01-21T16:10:14","modified_gmt":"2015-01-21T19:10:14","slug":"iesm-oferece-varios-cursos-em-valenca-confira-a-relacao","status":"publish","type":"post","link":"https:\/\/portalv1.com.br\/iesm-oferece-varios-cursos-em-valenca-confira-a-relacao\/","title":{"rendered":"IESM oferece v\u00e1rios cursos em Valen\u00e7a. Confira a rela\u00e7\u00e3o"},"content":{"rendered":"<figure id=\"attachment_20076\" aria-describedby=\"caption-attachment-20076\" style=\"width: 300px\" class=\"wp-caption alignright\"><a href=\"https:\/\/portalv1.com.br\/app\/wp-content\/uploads\/2015\/01\/iesm.jpg\"><img loading=\"lazy\" decoding=\"async\" class=\"size-medium wp-image-20076\" src=\"https:\/\/portalv1.com.br\/app\/wp-content\/uploads\/2015\/01\/iesm-300x225.jpg\" alt=\"Instituto de Ensino Superior M\u00faltiplo \" width=\"300\" height=\"225\" srcset=\"https:\/\/portalv1.com.br\/app\/wp-content\/uploads\/2015\/01\/iesm-300x225.jpg 300w, https:\/\/portalv1.com.br\/app\/wp-content\/uploads\/2015\/01\/iesm-640x480.jpg 640w, https:\/\/portalv1.com.br\/app\/wp-content\/uploads\/2015\/01\/iesm.jpg 960w\" sizes=\"auto, (max-width: 300px) 100vw, 300px\" \/><\/a><figcaption id=\"caption-attachment-20076\" class=\"wp-caption-text\">Instituto de Ensino Superior M\u00faltiplo<\/figcaption><\/figure>\n<p>O Instituto de Ensino Superior M\u00faltiplo (IESM) est\u00e1 com matriculas abertas para os cursos de Doc\u00eancia do Ensino Superior. Gest\u00e3o e Supervis\u00e3o Escolar com Doc\u00eancia do Ensino Superior e Filosofia do Exerc\u00edcio e Biomec\u00e2nica do Movimento.<\/p>\n<p>Os cursos ter\u00e3o inicio nesse m\u00eas de janeiro na Unidade Escolar Santo Antonio. Maiores informa\u00e7\u00f5es podem ser obtidas pelos telefones 89 9921-3426 (Jailton) e 9927-3870 falar com Mauricelia Sousa.<\/p>\n","protected":false},"excerpt":{"rendered":"<p>O Instituto de Ensino Superior M\u00faltiplo (IESM) est\u00e1 com matriculas abertas para os cursos de Doc\u00eancia do Ensino Superior. Gest\u00e3o e Supervis\u00e3o Escolar com Doc\u00eancia do Ensino Superior e Filosofia&#8230;<\/p>\n","protected":false},"author":1,"featured_media":0,"comment_status":"open","ping_status":"open","sticky":false,"template":"","format":"standard","meta":{"ngg_post_thumbnail":0,"footnotes":""},"categories":[1055,12],"tags":[],"class_list":["post-20075","post","type-post","status-publish","format-standard","hentry","category-concurso-e-emprego","category-valenca-news"],"views":1919,"meta_data":{"thumb":"https:\/\/portalv1.com.br\/app\/wp-content\/uploads\/2015\/01\/iesm.jpg","data":{"simple":"08\/01\/2015","date_time":"08\/01\/2015 21:22:46","date":"h\u00e1 11 anos"},"chapeu":"FA\u00c7A SUA MATRICULA ","source":"retirar"},"_links":{"self":[{"href":"https:\/\/portalv1.com.br\/api\/wp\/v2\/posts\/20075","targetHints":{"allow":["GET"]}}],"collection":[{"href":"https:\/\/portalv1.com.br\/api\/wp\/v2\/posts"}],"about":[{"href":"https:\/\/portalv1.com.br\/api\/wp\/v2\/types\/post"}],"author":[{"embeddable":true,"href":"https:\/\/portalv1.com.br\/api\/wp\/v2\/users\/1"}],"replies":[{"embeddable":true,"href":"https:\/\/portalv1.com.br\/api\/wp\/v2\/comments?post=20075"}],"version-history":[{"count":0,"href":"https:\/\/portalv1.com.br\/api\/wp\/v2\/posts\/20075\/revisions"}],"wp:attachment":[{"href":"https:\/\/portalv1.com.br\/api\/wp\/v2\/media?parent=20075"}],"wp:term":[{"taxonomy":"category","embeddable":true,"href":"https:\/\/portalv1.com.br\/api\/wp\/v2\/categories?post=20075"},{"taxonomy":"post_tag","embeddable":true,"href":"https:\/\/portalv1.com.br\/api\/wp\/v2\/tags?post=20075"}],"curies":[{"name":"wp","href":"https:\/\/api.w.org\/{rel}","templated":true}]}}