{"id":20116,"date":"2015-01-20T20:52:06","date_gmt":"2015-01-20T23:52:06","guid":{"rendered":"https:\/\/portalv1.com.br\/?p=20116"},"modified":"2015-01-20T20:52:06","modified_gmt":"2015-01-20T23:52:06","slug":"confira-o-resultado-do-exame-classificatorio-edicao-2015-1-do-ifpi","status":"publish","type":"post","link":"https:\/\/portalv1.com.br\/confira-o-resultado-do-exame-classificatorio-edicao-2015-1-do-ifpi\/","title":{"rendered":"Confira o resultado do Exame Classificat\u00f3rio edi\u00e7\u00e3o 2015.1 do IFPI"},"content":{"rendered":"<figure id=\"attachment_14702\" aria-describedby=\"caption-attachment-14702\" style=\"width: 455px\" class=\"wp-caption alignright\"><a href=\"https:\/\/portalv1.com.br\/app\/wp-content\/uploads\/2013\/01\/classificatorio-ifpi.jpg\"><img loading=\"lazy\" decoding=\"async\" class=\"wp-image-14702 size-full\" src=\"https:\/\/portalv1.com.br\/app\/wp-content\/uploads\/2013\/01\/classificatorio-ifpi.jpg\" alt=\"Instituto Federal do Piau\u00ed \" width=\"455\" height=\"302\" srcset=\"https:\/\/portalv1.com.br\/app\/wp-content\/uploads\/2013\/01\/classificatorio-ifpi.jpg 455w, https:\/\/portalv1.com.br\/app\/wp-content\/uploads\/2013\/01\/classificatorio-ifpi-300x199.jpg 300w\" sizes=\"auto, (max-width: 455px) 100vw, 455px\" \/><\/a><figcaption id=\"caption-attachment-14702\" class=\"wp-caption-text\">Instituto Federal do Piau\u00ed<\/figcaption><\/figure>\n<p>O Instituto Federal do Piau\u00ed divulgou o resultado do Exame Classificat\u00f3rio 2015.1 em solenidade no audit\u00f3rio Carmen Sinott no Campus Teresina Central nesta ter\u00e7a-feira (20). Participaram do evento a Pr\u00f3-reitora de ensino, Laura Andrade, que na ocasi\u00e3o, representava o reitor do IFPI, o diretor geral do campus Teresina Central, Ezequias Esteves, coordenadores, servidores, candidatos, pais, familiares e amigos.<\/p>\n<p>Em sua fala, a presidente da comiss\u00e3o do Exame Classificat\u00f3rio, Gilvanete Azevedo, falou sobre o planejamento desenvolvido pela Institui\u00e7\u00e3o para realiza\u00e7\u00e3o do certame e destacou o crescimento do IFPI nos \u00faltimos anos.<\/p>\n<p>Ap\u00f3s a fala das autoridades, foi realizada a chamada nominal dos candidatos classificados em 1\u00ba lugar dos campi Teresina Central e Teresina Zona Sul, que receberam os cumprimentos dos presentes.<\/p>\n<p>A estudante Laise Loureiro, 2\u00ba lugar geral do Classificat\u00f3rio 2015.1 e 1\u00ba lugar do Campus Teresina Central, relatou que escolheu o IFPI atrav\u00e9s de indica\u00e7\u00e3o de amigos que estudaram na Institui\u00e7\u00e3o e se preparou bastante para a prova. \u201cEu imaginava que ia passar, mas n\u00e3o esperava o 2\u00ba lugar geral\u201d, contou.<\/p>\n<p>Outro candidato que conquistou o 1\u00ba lugar no Campus Teresina Central foi o aluno Ant\u00f4nio Evangelista, que concorreu a uma das vagas do curso t\u00e9cnico em Seguran\u00e7a do Trabalho. \u201c\u00c9 uma alegria muito grande estar retornando ao IFPI. Eu j\u00e1 fiz um curso aqui e resolvi estudar seguran\u00e7a do trabalho porque quero adquirir mais conhecimentos, al\u00e9m de fazer novos amigos\u201d, disse.<\/p>\n<p><a href=\"https:\/\/portalv1.com.br\/app\/wp-content\/uploads\/2015\/01\/VEJA-AQUI-A-RELACAO-DOS-APROVADOS.pdf\">VEJA AQUI A RELA\u00c7\u00c3O DOS APROVADOS<\/a><\/p>\n","protected":false},"excerpt":{"rendered":"<p>O Instituto Federal do Piau\u00ed divulgou o resultado do Exame Classificat\u00f3rio 2015.1 em solenidade no audit\u00f3rio Carmen Sinott no Campus Teresina Central nesta ter\u00e7a-feira (20). Participaram do evento a Pr\u00f3-reitora&#8230;<\/p>\n","protected":false},"author":1,"featured_media":0,"comment_status":"open","ping_status":"open","sticky":false,"template":"","format":"standard","meta":{"ngg_post_thumbnail":0,"footnotes":""},"categories":[12],"tags":[],"class_list":["post-20116","post","type-post","status-publish","format-standard","hentry","category-valenca-news"],"views":2948,"meta_data":{"thumb":null,"imagem":null,"data":{"simple":"20\/01\/2015","date_time":"20\/01\/2015 17:52:06","date":"h\u00e1 11 anos"},"chapeu":"Valen\u00e7a do Piaui ","source":"m_destacada"},"_links":{"self":[{"href":"https:\/\/portalv1.com.br\/api\/wp\/v2\/posts\/20116","targetHints":{"allow":["GET"]}}],"collection":[{"href":"https:\/\/portalv1.com.br\/api\/wp\/v2\/posts"}],"about":[{"href":"https:\/\/portalv1.com.br\/api\/wp\/v2\/types\/post"}],"author":[{"embeddable":true,"href":"https:\/\/portalv1.com.br\/api\/wp\/v2\/users\/1"}],"replies":[{"embeddable":true,"href":"https:\/\/portalv1.com.br\/api\/wp\/v2\/comments?post=20116"}],"version-history":[{"count":0,"href":"https:\/\/portalv1.com.br\/api\/wp\/v2\/posts\/20116\/revisions"}],"wp:attachment":[{"href":"https:\/\/portalv1.com.br\/api\/wp\/v2\/media?parent=20116"}],"wp:term":[{"taxonomy":"category","embeddable":true,"href":"https:\/\/portalv1.com.br\/api\/wp\/v2\/categories?post=20116"},{"taxonomy":"post_tag","embeddable":true,"href":"https:\/\/portalv1.com.br\/api\/wp\/v2\/tags?post=20116"}],"curies":[{"name":"wp","href":"https:\/\/api.w.org\/{rel}","templated":true}]}}