{"id":201744,"date":"2024-05-15T15:02:42","date_gmt":"2024-05-15T18:02:42","guid":{"rendered":"https:\/\/portalv1.com.br\/?p=201744"},"modified":"2024-05-15T15:02:58","modified_gmt":"2024-05-15T18:02:58","slug":"prefeita-lucia-lacerda-visita-as-instalacoes-da-b-melao-em-valenca","status":"publish","type":"post","link":"https:\/\/portalv1.com.br\/prefeita-lucia-lacerda-visita-as-instalacoes-da-b-melao-em-valenca\/","title":{"rendered":"Prefeita L\u00facia Lacerda visita as instala\u00e7\u00f5es da B. Mel\u00e3o em Valen\u00e7a"},"content":{"rendered":"<p>Nesta ter\u00e7a-feira (14), o empres\u00e1rio Indelson Mel\u00e3o recebeu a visita da prefeita de Pimenteiras, L\u00facia Lacerda, e da vereadora Jana\u00edna Lacerda. A visita de cortesia foi marcada pela apresenta\u00e7\u00e3o das instala\u00e7\u00f5es da empresa. Al\u00e9m de comandar o Grupo B. Mel\u00e3o, o empres\u00e1rio Indelson \u00e9 presidente da C\u00e2mara de Dirigentes Lojistas de Valen\u00e7a &nbsp;&nbsp;<\/p>\n<p>\u201c\u00c9 sempre bom saber que os nossos empreendimentos t\u00eam conquistado o respeito de toda a popula\u00e7\u00e3o do Vale do Sambito. Diariamente, recebemos pessoas de diversas das cidades que comp\u00f5em a regi\u00e3o. Isso s\u00f3 refor\u00e7a o nosso compromisso com a excel\u00eancia e a qualidade nos produtos e servi\u00e7os que oferecemos aos nossos clientes\u201d, ressalta o empres\u00e1rio.<\/p>\n<p>A prefeita e a vereadora agradeceram a receptividade do empres\u00e1rio e seus colaboradores.<a href=\"https:\/\/portalv1.com.br\/app\/wp-content\/uploads\/2024\/05\/6652bf8456a8b39201b7a756c7870d2e.webp\"><img loading=\"lazy\" decoding=\"async\" class=\"aligncenter size-full wp-image-201745\" src=\"https:\/\/portalv1.com.br\/app\/wp-content\/uploads\/2024\/05\/6652bf8456a8b39201b7a756c7870d2e.webp\" alt=\"\" width=\"1000\" height=\"562\" srcset=\"https:\/\/portalv1.com.br\/app\/wp-content\/uploads\/2024\/05\/6652bf8456a8b39201b7a756c7870d2e.webp 1000w, https:\/\/portalv1.com.br\/app\/wp-content\/uploads\/2024\/05\/6652bf8456a8b39201b7a756c7870d2e-300x169.webp 300w, https:\/\/portalv1.com.br\/app\/wp-content\/uploads\/2024\/05\/6652bf8456a8b39201b7a756c7870d2e-640x360.webp 640w, https:\/\/portalv1.com.br\/app\/wp-content\/uploads\/2024\/05\/6652bf8456a8b39201b7a756c7870d2e-768x432.webp 768w\" sizes=\"auto, (max-width: 1000px) 100vw, 1000px\" \/><\/a><\/p>\n<p>&nbsp;<\/p>\n","protected":false},"excerpt":{"rendered":"<p>Nesta ter\u00e7a-feira (14), o empres\u00e1rio Indelson Mel\u00e3o recebeu a visita da prefeita de Pimenteiras, L\u00facia Lacerda, e da vereadora Jana\u00edna Lacerda. A visita de cortesia foi marcada pela apresenta\u00e7\u00e3o das&#8230;<\/p>\n","protected":false},"author":1,"featured_media":201745,"comment_status":"open","ping_status":"open","sticky":false,"template":"","format":"standard","meta":{"ngg_post_thumbnail":0,"footnotes":""},"categories":[243],"tags":[],"class_list":["post-201744","post","type-post","status-publish","format-standard","has-post-thumbnail","hentry","category-geral"],"views":304,"meta_data":{"thumb":"https:\/\/portalv1.com.br\/app\/wp-content\/uploads\/2024\/05\/6652bf8456a8b39201b7a756c7870d2e.webp","imagem":{"fullsize":{"url":"https:\/\/portalv1.com.br\/app\/wp-content\/uploads\/2024\/05\/6652bf8456a8b39201b7a756c7870d2e.webp","width":1000,"height":562},"medium":{"url":"https:\/\/portalv1.com.br\/app\/wp-content\/uploads\/2024\/05\/6652bf8456a8b39201b7a756c7870d2e-300x169.webp","width":300,"height":169},"large":{"url":"https:\/\/portalv1.com.br\/app\/wp-content\/uploads\/2024\/05\/6652bf8456a8b39201b7a756c7870d2e-640x360.webp","width":640,"height":360},"thumbnail":{"url":"https:\/\/portalv1.com.br\/app\/wp-content\/uploads\/2024\/05\/6652bf8456a8b39201b7a756c7870d2e-100x100.webp","width":100,"height":100},"medium_large":{"url":"https:\/\/portalv1.com.br\/app\/wp-content\/uploads\/2024\/05\/6652bf8456a8b39201b7a756c7870d2e-768x432.webp","width":768,"height":432}},"data":{"simple":"15\/05\/2024","date_time":"15\/05\/2024 12:02:42","date":"h\u00e1 2 anos"},"chapeu":"Veja detalhes ","source":"m_destacada"},"_links":{"self":[{"href":"https:\/\/portalv1.com.br\/api\/wp\/v2\/posts\/201744","targetHints":{"allow":["GET"]}}],"collection":[{"href":"https:\/\/portalv1.com.br\/api\/wp\/v2\/posts"}],"about":[{"href":"https:\/\/portalv1.com.br\/api\/wp\/v2\/types\/post"}],"author":[{"embeddable":true,"href":"https:\/\/portalv1.com.br\/api\/wp\/v2\/users\/1"}],"replies":[{"embeddable":true,"href":"https:\/\/portalv1.com.br\/api\/wp\/v2\/comments?post=201744"}],"version-history":[{"count":0,"href":"https:\/\/portalv1.com.br\/api\/wp\/v2\/posts\/201744\/revisions"}],"wp:featuredmedia":[{"embeddable":true,"href":"https:\/\/portalv1.com.br\/api\/wp\/v2\/media\/201745"}],"wp:attachment":[{"href":"https:\/\/portalv1.com.br\/api\/wp\/v2\/media?parent=201744"}],"wp:term":[{"taxonomy":"category","embeddable":true,"href":"https:\/\/portalv1.com.br\/api\/wp\/v2\/categories?post=201744"},{"taxonomy":"post_tag","embeddable":true,"href":"https:\/\/portalv1.com.br\/api\/wp\/v2\/tags?post=201744"}],"curies":[{"name":"wp","href":"https:\/\/api.w.org\/{rel}","templated":true}]}}