{"id":201751,"date":"2024-05-15T15:54:23","date_gmt":"2024-05-15T18:54:23","guid":{"rendered":"https:\/\/portalv1.com.br\/?p=201751"},"modified":"2024-05-15T15:54:23","modified_gmt":"2024-05-15T18:54:23","slug":"curso-de-associativismo-sera-realizado-em-valenca-nessa-sexta-feira","status":"publish","type":"post","link":"https:\/\/portalv1.com.br\/curso-de-associativismo-sera-realizado-em-valenca-nessa-sexta-feira\/","title":{"rendered":"Curso de Associativismo ser\u00e1 realizado em Valen\u00e7a nessa sexta-feira"},"content":{"rendered":"<p>A Secretaria de Trabalho e Emprego de Valen\u00e7a do Piaui, por meio da Sala do Empreendedor, est\u00e1 com inscri\u00e7\u00f5es abertas para o curso de Associativismo que acontecer\u00e1 nessa sexta-feira (17), no audit\u00f3rio da Secretaria de Educa\u00e7\u00e3o a partir das 18h.<\/p>\n<p>O curso \u00e9 voltado para Presidentes, Vice-Presidentes, Diretores e Colaboradores de Associa\u00e7\u00f5es em especial novas diretorias e novos colaboradores. As inscri\u00e7\u00f5es podem ser feitas gratuitamente na Sala do Empreendedor que funciona no CSU<a href=\"https:\/\/portalv1.com.br\/app\/wp-content\/uploads\/2024\/05\/WhatsApp-Image-2024-05-15-at-10.01.56.jpeg\"><img loading=\"lazy\" decoding=\"async\" class=\"aligncenter size-full wp-image-201752\" src=\"https:\/\/portalv1.com.br\/app\/wp-content\/uploads\/2024\/05\/WhatsApp-Image-2024-05-15-at-10.01.56.jpeg\" alt=\"\" width=\"1080\" height=\"1080\" srcset=\"https:\/\/portalv1.com.br\/app\/wp-content\/uploads\/2024\/05\/WhatsApp-Image-2024-05-15-at-10.01.56.jpeg 1080w, https:\/\/portalv1.com.br\/app\/wp-content\/uploads\/2024\/05\/WhatsApp-Image-2024-05-15-at-10.01.56-300x300.jpeg 300w, https:\/\/portalv1.com.br\/app\/wp-content\/uploads\/2024\/05\/WhatsApp-Image-2024-05-15-at-10.01.56-640x640.jpeg 640w, https:\/\/portalv1.com.br\/app\/wp-content\/uploads\/2024\/05\/WhatsApp-Image-2024-05-15-at-10.01.56-100x100.jpeg 100w, https:\/\/portalv1.com.br\/app\/wp-content\/uploads\/2024\/05\/WhatsApp-Image-2024-05-15-at-10.01.56-768x768.jpeg 768w\" sizes=\"auto, (max-width: 1080px) 100vw, 1080px\" \/><\/a><\/p>\n","protected":false},"excerpt":{"rendered":"<p>A Secretaria de Trabalho e Emprego de Valen\u00e7a do Piaui, por meio da Sala do Empreendedor, est\u00e1 com inscri\u00e7\u00f5es abertas para o curso de Associativismo que acontecer\u00e1 nessa sexta-feira (17),&#8230;<\/p>\n","protected":false},"author":1,"featured_media":201752,"comment_status":"open","ping_status":"open","sticky":false,"template":"","format":"standard","meta":{"ngg_post_thumbnail":0,"footnotes":""},"categories":[243],"tags":[],"class_list":["post-201751","post","type-post","status-publish","format-standard","has-post-thumbnail","hentry","category-geral"],"views":173,"meta_data":{"thumb":"https:\/\/portalv1.com.br\/app\/wp-content\/uploads\/2024\/05\/WhatsApp-Image-2024-05-15-at-10.01.56.jpeg","imagem":{"fullsize":{"url":"https:\/\/portalv1.com.br\/app\/wp-content\/uploads\/2024\/05\/WhatsApp-Image-2024-05-15-at-10.01.56.jpeg","width":1080,"height":1080},"medium":{"url":"https:\/\/portalv1.com.br\/app\/wp-content\/uploads\/2024\/05\/WhatsApp-Image-2024-05-15-at-10.01.56-300x300.jpeg","width":300,"height":300},"large":{"url":"https:\/\/portalv1.com.br\/app\/wp-content\/uploads\/2024\/05\/WhatsApp-Image-2024-05-15-at-10.01.56-640x640.jpeg","width":640,"height":640},"thumbnail":{"url":"https:\/\/portalv1.com.br\/app\/wp-content\/uploads\/2024\/05\/WhatsApp-Image-2024-05-15-at-10.01.56-100x100.jpeg","width":100,"height":100},"medium_large":{"url":"https:\/\/portalv1.com.br\/app\/wp-content\/uploads\/2024\/05\/WhatsApp-Image-2024-05-15-at-10.01.56-768x768.jpeg","width":768,"height":768}},"data":{"simple":"15\/05\/2024","date_time":"15\/05\/2024 12:54:23","date":"h\u00e1 2 anos"},"chapeu":"Saiba como participar","source":"slide"},"_links":{"self":[{"href":"https:\/\/portalv1.com.br\/api\/wp\/v2\/posts\/201751","targetHints":{"allow":["GET"]}}],"collection":[{"href":"https:\/\/portalv1.com.br\/api\/wp\/v2\/posts"}],"about":[{"href":"https:\/\/portalv1.com.br\/api\/wp\/v2\/types\/post"}],"author":[{"embeddable":true,"href":"https:\/\/portalv1.com.br\/api\/wp\/v2\/users\/1"}],"replies":[{"embeddable":true,"href":"https:\/\/portalv1.com.br\/api\/wp\/v2\/comments?post=201751"}],"version-history":[{"count":0,"href":"https:\/\/portalv1.com.br\/api\/wp\/v2\/posts\/201751\/revisions"}],"wp:featuredmedia":[{"embeddable":true,"href":"https:\/\/portalv1.com.br\/api\/wp\/v2\/media\/201752"}],"wp:attachment":[{"href":"https:\/\/portalv1.com.br\/api\/wp\/v2\/media?parent=201751"}],"wp:term":[{"taxonomy":"category","embeddable":true,"href":"https:\/\/portalv1.com.br\/api\/wp\/v2\/categories?post=201751"},{"taxonomy":"post_tag","embeddable":true,"href":"https:\/\/portalv1.com.br\/api\/wp\/v2\/tags?post=201751"}],"curies":[{"name":"wp","href":"https:\/\/api.w.org\/{rel}","templated":true}]}}