{"id":20178,"date":"2015-01-31T11:09:54","date_gmt":"2015-01-31T14:09:54","guid":{"rendered":"https:\/\/portalv1.com.br\/?p=20178"},"modified":"2015-02-10T00:02:09","modified_gmt":"2015-02-10T03:02:09","slug":"vereadores-de-valenca-realizam-1o-sessao-ordinaria-ouca-na-integra","status":"publish","type":"post","link":"https:\/\/portalv1.com.br\/vereadores-de-valenca-realizam-1o-sessao-ordinaria-ouca-na-integra\/","title":{"rendered":"Vereadores de Valen\u00e7a realizam 1\u00ba sess\u00e3o ordin\u00e1ria. Ou\u00e7a na integra"},"content":{"rendered":"<p><a href=\"https:\/\/portalv1.com.br\/app\/wp-content\/uploads\/2015\/01\/IMG_20150130_202351262.jpg\"><img loading=\"lazy\" decoding=\"async\" class=\"alignright size-medium wp-image-20179\" src=\"https:\/\/portalv1.com.br\/app\/wp-content\/uploads\/2015\/01\/IMG_20150130_202351262-300x169.jpg\" alt=\"IMG_20150130_202351262\" width=\"300\" height=\"169\" srcset=\"https:\/\/portalv1.com.br\/app\/wp-content\/uploads\/2015\/01\/IMG_20150130_202351262-300x169.jpg 300w, https:\/\/portalv1.com.br\/app\/wp-content\/uploads\/2015\/01\/IMG_20150130_202351262.jpg 425w\" sizes=\"auto, (max-width: 300px) 100vw, 300px\" \/><\/a>Sob a presid\u00eancia do vereador Getulio Gomes (PP), a C\u00e2mara de Vereadores realizou na noite desta sexta-feira (30), a primeira sess\u00e3o do ano de 2015. A sess\u00e3o contou com a presen\u00e7a dos vereadores Getulio Gomes, Benedito Gomes, Wilton Nunes, Cei\u00e7a Dias, Ielva Mel\u00e3o, Nonatim Soares e Benoni Sousa.<\/p>\n<p>Entre os requerimentos apresentados pelos vereadores estava o da vareadora Ielva Mel\u00e3o, que solicitou da prefeitura a reativa\u00e7\u00e3o imediata do carro coletor de lixo que de acordo com a vereadora \u00e9 imprescind\u00edvel no trabalho de coleta de lixo no munic\u00edpio.<\/p>\n<p>\u201cSegundo os especialistas, o carro coletor carrega tr\u00eas vezes mais do que as ca\u00e7ambas que estao prestando o servi\u00e7o atualmente, sem falar que nas ca\u00e7ambas, o lixo vai caindo nas ruas durante o trajeto e no carro coletor isso n\u00e3o acontece, assim como evita o cotato direto dos garis com o lixo\u201d justificou. Clique no link abaixo a ou\u00e7a a sess\u00e3o na integra.<\/p>\n<p>&nbsp;<br \/>\n<div class=\"content-iframe\" data-content-width=\"600\"><iframe loading=\"lazy\" width=\"300\" height=\"80\" src=\"https:\/\/www.youtube.com\/embed\/l8aC_Wiu7Mk\" frameborder=\"0\" allowfullscreen><\/iframe><\/div><\/p>\n","protected":false},"excerpt":{"rendered":"<p>Sob a presid\u00eancia do vereador Getulio Gomes (PP), a C\u00e2mara de Vereadores realizou na noite desta sexta-feira (30), a primeira sess\u00e3o do ano de 2015. A sess\u00e3o contou com a&#8230;<\/p>\n","protected":false},"author":1,"featured_media":0,"comment_status":"open","ping_status":"open","sticky":false,"template":"","format":"standard","meta":{"ngg_post_thumbnail":0,"footnotes":""},"categories":[1256,12],"tags":[],"class_list":["post-20178","post","type-post","status-publish","format-standard","hentry","category-camara-municipal-de-valenca","category-valenca-news"],"views":368,"meta_data":{"thumb":"https:\/\/portalv1.com.br\/app\/wp-content\/uploads\/2015\/01\/IMG_20150130_202351262.jpg","data":{"simple":"31\/01\/2015","date_time":"31\/01\/2015 08:09:54","date":"h\u00e1 11 anos"},"chapeu":"Legislativo ","source":"slide"},"_links":{"self":[{"href":"https:\/\/portalv1.com.br\/api\/wp\/v2\/posts\/20178","targetHints":{"allow":["GET"]}}],"collection":[{"href":"https:\/\/portalv1.com.br\/api\/wp\/v2\/posts"}],"about":[{"href":"https:\/\/portalv1.com.br\/api\/wp\/v2\/types\/post"}],"author":[{"embeddable":true,"href":"https:\/\/portalv1.com.br\/api\/wp\/v2\/users\/1"}],"replies":[{"embeddable":true,"href":"https:\/\/portalv1.com.br\/api\/wp\/v2\/comments?post=20178"}],"version-history":[{"count":0,"href":"https:\/\/portalv1.com.br\/api\/wp\/v2\/posts\/20178\/revisions"}],"wp:attachment":[{"href":"https:\/\/portalv1.com.br\/api\/wp\/v2\/media?parent=20178"}],"wp:term":[{"taxonomy":"category","embeddable":true,"href":"https:\/\/portalv1.com.br\/api\/wp\/v2\/categories?post=20178"},{"taxonomy":"post_tag","embeddable":true,"href":"https:\/\/portalv1.com.br\/api\/wp\/v2\/tags?post=20178"}],"curies":[{"name":"wp","href":"https:\/\/api.w.org\/{rel}","templated":true}]}}