{"id":202013,"date":"2024-05-20T12:14:48","date_gmt":"2024-05-20T15:14:48","guid":{"rendered":"https:\/\/portalv1.com.br\/?p=202013"},"modified":"2024-05-20T12:14:48","modified_gmt":"2024-05-20T15:14:48","slug":"forca-tatica-prende-trio-suspeito-de-roubo-no-bairro-bela-flor-em-valenca","status":"publish","type":"post","link":"https:\/\/portalv1.com.br\/forca-tatica-prende-trio-suspeito-de-roubo-no-bairro-bela-flor-em-valenca\/","title":{"rendered":"For\u00e7a T\u00e1tica prende trio suspeito de roubo no bairro Bela Flor em Valen\u00e7a"},"content":{"rendered":"<p>Policiais Militares da For\u00e7a T\u00e1tica na tarde deste domingo (19), prenderam em flagrante dois homens e apreenderam uma adolescente por suspeita de roubo, fato ocorrido no bairro Bela Flor em Valen\u00e7a do Piau\u00ed.<\/p>\n<p>A For\u00e7a T\u00e1tica, foi acionada para atender uma ocorr\u00eancia de roubo no bairro Bela Flor, chegando ao local, os policiais avistaram tr\u00eas suspeitos. Sendo identificados como A.S.A de 20 anos de idade, uma adolescente de 15 anos, recebendo voz de pris\u00e3o e apreens\u00e3o respectivamente. E um terceiro, que empreendeu fuga.<\/p>\n<p>Ainda no lugar do crime, a v\u00edtima relatou que os suspeitos adentraram a sua resid\u00eancia, e usando de viol\u00eancia atrav\u00e9s de chutes e socos, exigiram dinheiro. O trio, roubou dinheiro e um aparelho celular.<\/p>\n<p>Na continuidade da dilig\u00eancia a procura do suspeito que empreendeu fuga, os policiais militares conseguiram prend\u00ea-lo no bairro Centro, sendo identificado como C.D.S.A de 24 anos de idade. Durante a fuga, C.D.S.A, teria furtado um celular de uma das casas que adentrou para tentar se esconder da Pol\u00edcia. Tendo os policiais recuperado o aparelho furtado.<\/p>\n<p>Diante disso, C.D.S.A, A.S.A e a adolescente, foram conduzidos e apresentados, juntamente com os materiais apreendidos na Delegacia de Pol\u00edcia Civil de Valen\u00e7a do Piau\u00ed. <a href=\"https:\/\/portalv1.com.br\/app\/wp-content\/uploads\/2024\/05\/valenca-pm.jpeg\"><img loading=\"lazy\" decoding=\"async\" class=\"aligncenter size-full wp-image-202014\" src=\"https:\/\/portalv1.com.br\/app\/wp-content\/uploads\/2024\/05\/valenca-pm.jpeg\" alt=\"\" width=\"1280\" height=\"682\" srcset=\"https:\/\/portalv1.com.br\/app\/wp-content\/uploads\/2024\/05\/valenca-pm.jpeg 1280w, https:\/\/portalv1.com.br\/app\/wp-content\/uploads\/2024\/05\/valenca-pm-300x160.jpeg 300w, https:\/\/portalv1.com.br\/app\/wp-content\/uploads\/2024\/05\/valenca-pm-640x341.jpeg 640w, https:\/\/portalv1.com.br\/app\/wp-content\/uploads\/2024\/05\/valenca-pm-768x409.jpeg 768w\" sizes=\"auto, (max-width: 1280px) 100vw, 1280px\" \/><\/a><\/p>\n<p>&nbsp;<\/p>\n","protected":false},"excerpt":{"rendered":"<p>Policiais Militares da For\u00e7a T\u00e1tica na tarde deste domingo (19), prenderam em flagrante dois homens e apreenderam uma adolescente por suspeita de roubo, fato ocorrido no bairro Bela Flor em&#8230;<\/p>\n","protected":false},"author":1,"featured_media":202014,"comment_status":"open","ping_status":"open","sticky":false,"template":"","format":"standard","meta":{"ngg_post_thumbnail":0,"footnotes":""},"categories":[243],"tags":[],"class_list":["post-202013","post","type-post","status-publish","format-standard","has-post-thumbnail","hentry","category-geral"],"views":664,"meta_data":{"thumb":"https:\/\/portalv1.com.br\/app\/wp-content\/uploads\/2024\/05\/valenca-pm.jpeg","imagem":{"fullsize":{"url":"https:\/\/portalv1.com.br\/app\/wp-content\/uploads\/2024\/05\/valenca-pm.jpeg","width":1280,"height":682},"medium":{"url":"https:\/\/portalv1.com.br\/app\/wp-content\/uploads\/2024\/05\/valenca-pm-300x160.jpeg","width":300,"height":160},"large":{"url":"https:\/\/portalv1.com.br\/app\/wp-content\/uploads\/2024\/05\/valenca-pm-640x341.jpeg","width":640,"height":341},"thumbnail":{"url":"https:\/\/portalv1.com.br\/app\/wp-content\/uploads\/2024\/05\/valenca-pm-100x100.jpeg","width":100,"height":100},"medium_large":{"url":"https:\/\/portalv1.com.br\/app\/wp-content\/uploads\/2024\/05\/valenca-pm-768x409.jpeg","width":768,"height":409}},"data":{"simple":"20\/05\/2024","date_time":"20\/05\/2024 09:14:48","date":"h\u00e1 2 anos"},"chapeu":"A\u00e7\u00e3o policial ","source":"slide"},"_links":{"self":[{"href":"https:\/\/portalv1.com.br\/api\/wp\/v2\/posts\/202013","targetHints":{"allow":["GET"]}}],"collection":[{"href":"https:\/\/portalv1.com.br\/api\/wp\/v2\/posts"}],"about":[{"href":"https:\/\/portalv1.com.br\/api\/wp\/v2\/types\/post"}],"author":[{"embeddable":true,"href":"https:\/\/portalv1.com.br\/api\/wp\/v2\/users\/1"}],"replies":[{"embeddable":true,"href":"https:\/\/portalv1.com.br\/api\/wp\/v2\/comments?post=202013"}],"version-history":[{"count":0,"href":"https:\/\/portalv1.com.br\/api\/wp\/v2\/posts\/202013\/revisions"}],"wp:featuredmedia":[{"embeddable":true,"href":"https:\/\/portalv1.com.br\/api\/wp\/v2\/media\/202014"}],"wp:attachment":[{"href":"https:\/\/portalv1.com.br\/api\/wp\/v2\/media?parent=202013"}],"wp:term":[{"taxonomy":"category","embeddable":true,"href":"https:\/\/portalv1.com.br\/api\/wp\/v2\/categories?post=202013"},{"taxonomy":"post_tag","embeddable":true,"href":"https:\/\/portalv1.com.br\/api\/wp\/v2\/tags?post=202013"}],"curies":[{"name":"wp","href":"https:\/\/api.w.org\/{rel}","templated":true}]}}