{"id":20212,"date":"2015-02-06T17:38:27","date_gmt":"2015-02-06T20:38:27","guid":{"rendered":"https:\/\/portalv1.com.br\/?p=20212"},"modified":"2015-02-09T16:08:23","modified_gmt":"2015-02-09T19:08:23","slug":"recomendacao-do-tec-pi-prejudica-carnaval-na-regiao-valenciana","status":"publish","type":"post","link":"https:\/\/portalv1.com.br\/recomendacao-do-tec-pi-prejudica-carnaval-na-regiao-valenciana\/","title":{"rendered":"Recomenda\u00e7\u00e3o do TEC-PI prejudica carnaval na regi\u00e3o valenciana"},"content":{"rendered":"<figure id=\"attachment_20213\" aria-describedby=\"caption-attachment-20213\" style=\"width: 490px\" class=\"wp-caption alignright\"><a href=\"https:\/\/portalv1.com.br\/app\/wp-content\/uploads\/2015\/02\/corso.jpg\"><img loading=\"lazy\" decoding=\"async\" class=\"wp-image-20213\" src=\"https:\/\/portalv1.com.br\/app\/wp-content\/uploads\/2015\/02\/corso-640x427.jpg\" alt=\"corso\" width=\"490\" height=\"327\" srcset=\"https:\/\/portalv1.com.br\/app\/wp-content\/uploads\/2015\/02\/corso.jpg 640w, https:\/\/portalv1.com.br\/app\/wp-content\/uploads\/2015\/02\/corso-300x200.jpg 300w\" sizes=\"auto, (max-width: 490px) 100vw, 490px\" \/><\/a><figcaption id=\"caption-attachment-20213\" class=\"wp-caption-text\">Carnaval 2015<\/figcaption><\/figure>\n<p>A decis\u00e3o do Tribunal de Contas do Estado (TCE-PI) em recomendar que as prefeituras que est\u00e3o em estado de emerg\u00eancia n\u00e3o realize gastos com o carnaval prejudicar\u00e1 a folia de momo em muitas cidades piauienses. Na regi\u00e3o valenciana poucas cidades ir\u00e3o destinar recursos para o carnaval em obedi\u00eancia a recomenda\u00e7\u00e3o do TCE-PI.<\/p>\n<p>Em Pimenteiras, por exemplo, que comemorou a folia de momo ano passado esse ano o evento publico foi cancelado. O prefeito Venicio do \u00d3 disse \u00e0 reportagem que ir\u00e1 seguir a determina\u00e7\u00e3o do TCE-PI. \u201cApesar de querermos comemorar o carnaval, entendemos que \u00e9 sensata a recomenda\u00e7\u00e3o do tribunal em recomendar aos prefeitos que destine esses recursos para outros setores que est\u00e3o em emerg\u00eancia \u00e9 o que vamos fazer em Pimenteiras\u201d afirmou.<\/p>\n<p>O presidente da APPM Arinaldo Leal tamb\u00e9m concorda com a determina\u00e7\u00e3o mais afirmou que \u00e9 preciso analisar todas as situa\u00e7\u00f5es. \u201cVamos analisar caso a caso e analisar o que \u00e9 pior para os prefeitos, porque muitos j\u00e1 fizeram gastos. Em Floriano, por exemplo, o retorno com o carnaval ser\u00e1 muito maior que o gasto feito&#8221; disse.<\/p>\n<p>A proibi\u00e7\u00e3o tamb\u00e9m atinge o governo do estado que foi proibido pelo TCE-PI de gastar atrav\u00e9s da FUNDAC qualquer quantia com o carnaval desse ano vista que o estado passa por uma grave crise financeira. A medida cautelar proibindo o gasto com o carnaval no estado foi confeccionada pela promotora Leila Diniz.<\/p>\n<p>Em Valen\u00e7a o carnaval desse ano n\u00e3o foi adiado, num entanto sofreu muitas baixas. Felizmente tr\u00eas fatos positivos salvar\u00e1 o carnaval valenciano. A uni\u00e3o dos blocos carnavalescos, a doa\u00e7\u00e3o por parte do empres\u00e1rio Marcelo Costa da banda Capil\u00e9 para o domingo de carnaval e a parceria para a realiza\u00e7\u00e3o do corso que tem a frente da organiza\u00e7\u00e3o a prefeitura municipal a promotora de eventos Bertolina Dantas e os foli\u00f5es.<\/p>\n","protected":false},"excerpt":{"rendered":"<p>A decis\u00e3o do Tribunal de Contas do Estado (TCE-PI) em recomendar que as prefeituras que est\u00e3o em estado de emerg\u00eancia n\u00e3o realize gastos com o carnaval prejudicar\u00e1 a folia de&#8230;<\/p>\n","protected":false},"author":1,"featured_media":0,"comment_status":"open","ping_status":"open","sticky":false,"template":"","format":"standard","meta":{"ngg_post_thumbnail":0,"footnotes":""},"categories":[12],"tags":[],"class_list":["post-20212","post","type-post","status-publish","format-standard","hentry","category-valenca-news"],"views":1774,"meta_data":{"thumb":null,"imagem":{"fullsize":{"url":"https:\/\/portalv1.com.br\/app\/wp-content\/uploads\/2015\/02\/corso.jpg","width":640,"height":427},"thumbnail":{"url":"https:\/\/portalv1.com.br\/app\/wp-content\/uploads\/2015\/02\/corso-100x100.jpg","width":100,"height":100},"medium":{"url":"https:\/\/portalv1.com.br\/app\/wp-content\/uploads\/2015\/02\/corso-300x200.jpg","width":300,"height":200},"large":{"url":"https:\/\/portalv1.com.br\/app\/wp-content\/uploads\/2015\/02\/corso-640x427.jpg","width":640,"height":427}},"data":{"simple":"06\/02\/2015","date_time":"06\/02\/2015 14:38:27","date":"h\u00e1 11 anos"},"chapeu":"","source":"foto_menor"},"_links":{"self":[{"href":"https:\/\/portalv1.com.br\/api\/wp\/v2\/posts\/20212","targetHints":{"allow":["GET"]}}],"collection":[{"href":"https:\/\/portalv1.com.br\/api\/wp\/v2\/posts"}],"about":[{"href":"https:\/\/portalv1.com.br\/api\/wp\/v2\/types\/post"}],"author":[{"embeddable":true,"href":"https:\/\/portalv1.com.br\/api\/wp\/v2\/users\/1"}],"replies":[{"embeddable":true,"href":"https:\/\/portalv1.com.br\/api\/wp\/v2\/comments?post=20212"}],"version-history":[{"count":0,"href":"https:\/\/portalv1.com.br\/api\/wp\/v2\/posts\/20212\/revisions"}],"wp:attachment":[{"href":"https:\/\/portalv1.com.br\/api\/wp\/v2\/media?parent=20212"}],"wp:term":[{"taxonomy":"category","embeddable":true,"href":"https:\/\/portalv1.com.br\/api\/wp\/v2\/categories?post=20212"},{"taxonomy":"post_tag","embeddable":true,"href":"https:\/\/portalv1.com.br\/api\/wp\/v2\/tags?post=20212"}],"curies":[{"name":"wp","href":"https:\/\/api.w.org\/{rel}","templated":true}]}}