{"id":202368,"date":"2024-05-20T14:26:58","date_gmt":"2024-05-20T17:26:58","guid":{"rendered":"https:\/\/portalv1.com.br\/?p=202368"},"modified":"2024-05-20T14:27:42","modified_gmt":"2024-05-20T17:27:42","slug":"prefeito-marcelo-costa-cumpre-agenda-em-teresina-e-se-reune-com-deputado-flavio-nogueira","status":"publish","type":"post","link":"https:\/\/portalv1.com.br\/prefeito-marcelo-costa-cumpre-agenda-em-teresina-e-se-reune-com-deputado-flavio-nogueira\/","title":{"rendered":"Prefeito Marcelo Costa cumpre agenda em Teresina e se re\u00fane com deputado Fl\u00e1vio Nogueira"},"content":{"rendered":"<p>Depois de participar na noite deste domingo (19) da celebra\u00e7\u00e3o de Pentecostes em Valen\u00e7a do Piau\u00ed, o prefeito Marcelo Costa cumpriu na manh\u00e3 de segunda-feira (20), agenda administrativa com o deputado federal Fl\u00e1vio Nogueira, na capital piauiense.<\/p>\n<p>Na pauta, a libera\u00e7\u00e3o de projetos e recursos voltados para \u00e1reas importantes do munic\u00edpio.<\/p>\n<p>\u201cConversamos sobre projetos para a nossa Valen\u00e7a, o deputado Fl\u00e1vio Nogueira \u00e9 um amigo e tem se colocado a disposi\u00e7\u00e3o de Valen\u00e7a para destinar recursos e sempre que nos reunimos ele abre as portas do seu gabinete e essa parceria s\u00f3 cresce a cada dia\u201d, disse Marcelo Costa.<a href=\"https:\/\/portalv1.com.br\/app\/wp-content\/uploads\/2024\/05\/24fb18fd-516e-4d03-8f07-d0a1e52fc6be.jpeg\"><img loading=\"lazy\" decoding=\"async\" class=\"aligncenter size-full wp-image-202369\" src=\"https:\/\/portalv1.com.br\/app\/wp-content\/uploads\/2024\/05\/24fb18fd-516e-4d03-8f07-d0a1e52fc6be.jpeg\" alt=\"\" width=\"1200\" height=\"1600\" srcset=\"https:\/\/portalv1.com.br\/app\/wp-content\/uploads\/2024\/05\/24fb18fd-516e-4d03-8f07-d0a1e52fc6be.jpeg 1200w, https:\/\/portalv1.com.br\/app\/wp-content\/uploads\/2024\/05\/24fb18fd-516e-4d03-8f07-d0a1e52fc6be-300x400.jpeg 300w, https:\/\/portalv1.com.br\/app\/wp-content\/uploads\/2024\/05\/24fb18fd-516e-4d03-8f07-d0a1e52fc6be-640x853.jpeg 640w, https:\/\/portalv1.com.br\/app\/wp-content\/uploads\/2024\/05\/24fb18fd-516e-4d03-8f07-d0a1e52fc6be-768x1024.jpeg 768w, https:\/\/portalv1.com.br\/app\/wp-content\/uploads\/2024\/05\/24fb18fd-516e-4d03-8f07-d0a1e52fc6be-1152x1536.jpeg 1152w\" sizes=\"auto, (max-width: 1200px) 100vw, 1200px\" \/><\/a><\/p>\n","protected":false},"excerpt":{"rendered":"<p>Depois de participar na noite deste domingo (19) da celebra\u00e7\u00e3o de Pentecostes em Valen\u00e7a do Piau\u00ed, o prefeito Marcelo Costa cumpriu na manh\u00e3 de segunda-feira (20), agenda administrativa com o&#8230;<\/p>\n","protected":false},"author":1,"featured_media":202370,"comment_status":"open","ping_status":"open","sticky":false,"template":"","format":"standard","meta":{"ngg_post_thumbnail":0,"footnotes":""},"categories":[243],"tags":[],"class_list":["post-202368","post","type-post","status-publish","format-standard","has-post-thumbnail","hentry","category-geral"],"views":264,"meta_data":{"thumb":"https:\/\/portalv1.com.br\/app\/wp-content\/uploads\/2024\/05\/WhatsApp-Image-2024-05-20-at-14.23.59.jpeg","imagem":{"fullsize":{"url":"https:\/\/portalv1.com.br\/app\/wp-content\/uploads\/2024\/05\/WhatsApp-Image-2024-05-20-at-14.23.59.jpeg","width":960,"height":673},"medium":{"url":"https:\/\/portalv1.com.br\/app\/wp-content\/uploads\/2024\/05\/WhatsApp-Image-2024-05-20-at-14.23.59-300x210.jpeg","width":300,"height":210},"large":{"url":"https:\/\/portalv1.com.br\/app\/wp-content\/uploads\/2024\/05\/WhatsApp-Image-2024-05-20-at-14.23.59-640x449.jpeg","width":640,"height":449},"thumbnail":{"url":"https:\/\/portalv1.com.br\/app\/wp-content\/uploads\/2024\/05\/WhatsApp-Image-2024-05-20-at-14.23.59-100x100.jpeg","width":100,"height":100},"medium_large":{"url":"https:\/\/portalv1.com.br\/app\/wp-content\/uploads\/2024\/05\/WhatsApp-Image-2024-05-20-at-14.23.59-768x538.jpeg","width":768,"height":538}},"data":{"simple":"20\/05\/2024","date_time":"20\/05\/2024 11:26:58","date":"h\u00e1 2 anos"},"chapeu":"Parceria ","source":"slide"},"_links":{"self":[{"href":"https:\/\/portalv1.com.br\/api\/wp\/v2\/posts\/202368","targetHints":{"allow":["GET"]}}],"collection":[{"href":"https:\/\/portalv1.com.br\/api\/wp\/v2\/posts"}],"about":[{"href":"https:\/\/portalv1.com.br\/api\/wp\/v2\/types\/post"}],"author":[{"embeddable":true,"href":"https:\/\/portalv1.com.br\/api\/wp\/v2\/users\/1"}],"replies":[{"embeddable":true,"href":"https:\/\/portalv1.com.br\/api\/wp\/v2\/comments?post=202368"}],"version-history":[{"count":0,"href":"https:\/\/portalv1.com.br\/api\/wp\/v2\/posts\/202368\/revisions"}],"wp:featuredmedia":[{"embeddable":true,"href":"https:\/\/portalv1.com.br\/api\/wp\/v2\/media\/202370"}],"wp:attachment":[{"href":"https:\/\/portalv1.com.br\/api\/wp\/v2\/media?parent=202368"}],"wp:term":[{"taxonomy":"category","embeddable":true,"href":"https:\/\/portalv1.com.br\/api\/wp\/v2\/categories?post=202368"},{"taxonomy":"post_tag","embeddable":true,"href":"https:\/\/portalv1.com.br\/api\/wp\/v2\/tags?post=202368"}],"curies":[{"name":"wp","href":"https:\/\/api.w.org\/{rel}","templated":true}]}}