{"id":202550,"date":"2024-05-22T10:29:12","date_gmt":"2024-05-22T13:29:12","guid":{"rendered":"https:\/\/portalv1.com.br\/?p=202550"},"modified":"2024-05-22T10:36:28","modified_gmt":"2024-05-22T13:36:28","slug":"cerimonia-de-ordenacao-presbiteral-sera-realizada-em-valenca","status":"publish","type":"post","link":"https:\/\/portalv1.com.br\/cerimonia-de-ordenacao-presbiteral-sera-realizada-em-valenca\/","title":{"rendered":"Cerim\u00f4nia de Ordena\u00e7\u00e3o Presbiteral ser\u00e1 realizada em Valen\u00e7a"},"content":{"rendered":"<p>O filho de Valen\u00e7a do Piau\u00ed, Walef Conrado Pereira Lima ser\u00e1 ordenado padre no dia 10 de julho \u00e0s 19h na Igreja Matriz de Nossa Senhora do \u00d3 e Concei\u00e7\u00e3o. A celebra\u00e7\u00e3o eucar\u00edstica ser\u00e1 presidida pelo Arcebispo Metropolitano de Teresina Dom Juarez.<\/p>\n<p>O rito de Ordena\u00e7\u00e3o Presbiteral \u00e9 o \u00faltimo passo da caminhada, onde o sacerdote agora segue com seu servi\u00e7o \u00e0 Santa M\u00e3e Igreja. Walef Conrado \u00e9 di\u00e1cono tempor\u00e1rio e tem vivenciado esse tempo em prepara\u00e7\u00e3o para ordena\u00e7\u00e3o na cidade de Uni\u00e3o do Piau\u00ed.<\/p>\n<p>A cidade de Valen\u00e7a se destaca no n\u00famero expressivo de vocacionados que frequentemente s\u00e3o enviados para o semin\u00e1rio. Toda comunidade \u00e9 convidada para participar da ordena\u00e7\u00e3o de mais um irm\u00e3o valenciano.<a href=\"https:\/\/portalv1.com.br\/app\/wp-content\/uploads\/2024\/05\/401e9ca3-1f7a-4042-b576-706dab7d9969.jpeg\"><img loading=\"lazy\" decoding=\"async\" class=\"aligncenter size-full wp-image-202551\" src=\"https:\/\/portalv1.com.br\/app\/wp-content\/uploads\/2024\/05\/401e9ca3-1f7a-4042-b576-706dab7d9969.jpeg\" alt=\"\" width=\"1080\" height=\"1080\" srcset=\"https:\/\/portalv1.com.br\/app\/wp-content\/uploads\/2024\/05\/401e9ca3-1f7a-4042-b576-706dab7d9969.jpeg 1080w, https:\/\/portalv1.com.br\/app\/wp-content\/uploads\/2024\/05\/401e9ca3-1f7a-4042-b576-706dab7d9969-300x300.jpeg 300w, https:\/\/portalv1.com.br\/app\/wp-content\/uploads\/2024\/05\/401e9ca3-1f7a-4042-b576-706dab7d9969-640x640.jpeg 640w, https:\/\/portalv1.com.br\/app\/wp-content\/uploads\/2024\/05\/401e9ca3-1f7a-4042-b576-706dab7d9969-100x100.jpeg 100w, https:\/\/portalv1.com.br\/app\/wp-content\/uploads\/2024\/05\/401e9ca3-1f7a-4042-b576-706dab7d9969-768x768.jpeg 768w\" sizes=\"auto, (max-width: 1080px) 100vw, 1080px\" \/><\/a><\/p>\n","protected":false},"excerpt":{"rendered":"<p>O filho de Valen\u00e7a do Piau\u00ed, Walef Conrado Pereira Lima ser\u00e1 ordenado padre no dia 10 de julho \u00e0s 19h na Igreja Matriz de Nossa Senhora do \u00d3 e Concei\u00e7\u00e3o&#8230;.<\/p>\n","protected":false},"author":1,"featured_media":202554,"comment_status":"open","ping_status":"open","sticky":false,"template":"","format":"standard","meta":{"ngg_post_thumbnail":0,"footnotes":""},"categories":[243],"tags":[],"class_list":["post-202550","post","type-post","status-publish","format-standard","has-post-thumbnail","hentry","category-geral"],"views":592,"meta_data":{"thumb":"https:\/\/portalv1.com.br\/app\/wp-content\/uploads\/2024\/05\/WhatsApp-Image-2024-05-22-at-10.35.40.jpeg","imagem":{"fullsize":{"url":"https:\/\/portalv1.com.br\/app\/wp-content\/uploads\/2024\/05\/WhatsApp-Image-2024-05-22-at-10.35.40.jpeg","width":1080,"height":704},"medium":{"url":"https:\/\/portalv1.com.br\/app\/wp-content\/uploads\/2024\/05\/WhatsApp-Image-2024-05-22-at-10.35.40-300x196.jpeg","width":300,"height":196},"large":{"url":"https:\/\/portalv1.com.br\/app\/wp-content\/uploads\/2024\/05\/WhatsApp-Image-2024-05-22-at-10.35.40-640x417.jpeg","width":640,"height":417},"thumbnail":{"url":"https:\/\/portalv1.com.br\/app\/wp-content\/uploads\/2024\/05\/WhatsApp-Image-2024-05-22-at-10.35.40-100x100.jpeg","width":100,"height":100},"medium_large":{"url":"https:\/\/portalv1.com.br\/app\/wp-content\/uploads\/2024\/05\/WhatsApp-Image-2024-05-22-at-10.35.40-768x501.jpeg","width":768,"height":501}},"data":{"simple":"22\/05\/2024","date_time":"22\/05\/2024 07:29:12","date":"h\u00e1 2 anos"},"chapeu":"Religi\u00e3o ","source":"slide"},"_links":{"self":[{"href":"https:\/\/portalv1.com.br\/api\/wp\/v2\/posts\/202550","targetHints":{"allow":["GET"]}}],"collection":[{"href":"https:\/\/portalv1.com.br\/api\/wp\/v2\/posts"}],"about":[{"href":"https:\/\/portalv1.com.br\/api\/wp\/v2\/types\/post"}],"author":[{"embeddable":true,"href":"https:\/\/portalv1.com.br\/api\/wp\/v2\/users\/1"}],"replies":[{"embeddable":true,"href":"https:\/\/portalv1.com.br\/api\/wp\/v2\/comments?post=202550"}],"version-history":[{"count":0,"href":"https:\/\/portalv1.com.br\/api\/wp\/v2\/posts\/202550\/revisions"}],"wp:featuredmedia":[{"embeddable":true,"href":"https:\/\/portalv1.com.br\/api\/wp\/v2\/media\/202554"}],"wp:attachment":[{"href":"https:\/\/portalv1.com.br\/api\/wp\/v2\/media?parent=202550"}],"wp:term":[{"taxonomy":"category","embeddable":true,"href":"https:\/\/portalv1.com.br\/api\/wp\/v2\/categories?post=202550"},{"taxonomy":"post_tag","embeddable":true,"href":"https:\/\/portalv1.com.br\/api\/wp\/v2\/tags?post=202550"}],"curies":[{"name":"wp","href":"https:\/\/api.w.org\/{rel}","templated":true}]}}