{"id":202985,"date":"2024-05-25T17:12:07","date_gmt":"2024-05-25T20:12:07","guid":{"rendered":"https:\/\/portalv1.com.br\/?p=202985"},"modified":"2024-05-25T17:12:07","modified_gmt":"2024-05-25T20:12:07","slug":"vacinacao-contra-poliomielite-comeca-nessa-segunda-feira-em-valenca-do-piaui","status":"publish","type":"post","link":"https:\/\/portalv1.com.br\/vacinacao-contra-poliomielite-comeca-nessa-segunda-feira-em-valenca-do-piaui\/","title":{"rendered":"Vacina\u00e7\u00e3o contra poliomielite come\u00e7a nessa segunda-feira em Valen\u00e7a do Piaui"},"content":{"rendered":"<p>A Prefeitura de Valen\u00e7a do Piaui, por meio da Secretaria de Sa\u00fade, realiza nesta segunda-feira, 27 de maio, o lan\u00e7amento da \u201cCampanha Nacional de Vacina\u00e7\u00e3o contra Poliomielite 2024\u201d no munic\u00edpio.<\/p>\n<p>A campanha segue at\u00e9 o dia 14 de junho. Nesse per\u00edodo pais e respons\u00e1veis devem levar seus filhos at\u00e9 os postos de sa\u00fade das 07h \u00e0s 13h com o Cart\u00e3o de Vacina, CPF e Cart\u00e3o do SUS. &nbsp;<\/p>\n<p>A poliomielite \u00e9 uma doen\u00e7a contagiosa aguda causada pelo poliov\u00edrus, que pode infectar crian\u00e7as e adultos atrav\u00e9s do contato direto com fezes ou secre\u00e7\u00f5es de pessoas infectadas. Em casos graves, pode levar \u00e0 paralisia infantil.<\/p>\n<p>A vacina contra poliomielite \u00e9 a \u00fanica forma de preven\u00e7\u00e3o da doen\u00e7a e a cobertura vacinal vem apresentando resultados abaixo da meta (95%) desde 2016, segundo o Minist\u00e9rio da Sa\u00fade.<\/p>\n<p>O publico alvo da campanha desse ano s\u00e3o crian\u00e7as de dois meses a quatro anos, onze meses e vinte e nove dias. Todos os postos de sa\u00fade de Valen\u00e7a oferecer\u00e3o as vacinas.<a href=\"https:\/\/portalv1.com.br\/app\/wp-content\/uploads\/2024\/05\/WhatsApp-Image-2024-05-25-at-17.09.45.jpeg\"><img loading=\"lazy\" decoding=\"async\" class=\"aligncenter size-full wp-image-202986\" src=\"https:\/\/portalv1.com.br\/app\/wp-content\/uploads\/2024\/05\/WhatsApp-Image-2024-05-25-at-17.09.45.jpeg\" alt=\"\" width=\"720\" height=\"972\" srcset=\"https:\/\/portalv1.com.br\/app\/wp-content\/uploads\/2024\/05\/WhatsApp-Image-2024-05-25-at-17.09.45.jpeg 720w, https:\/\/portalv1.com.br\/app\/wp-content\/uploads\/2024\/05\/WhatsApp-Image-2024-05-25-at-17.09.45-300x405.jpeg 300w, https:\/\/portalv1.com.br\/app\/wp-content\/uploads\/2024\/05\/WhatsApp-Image-2024-05-25-at-17.09.45-640x864.jpeg 640w\" sizes=\"auto, (max-width: 720px) 100vw, 720px\" \/><\/a><\/p>\n","protected":false},"excerpt":{"rendered":"<p>A Prefeitura de Valen\u00e7a do Piaui, por meio da Secretaria de Sa\u00fade, realiza nesta segunda-feira, 27 de maio, o lan\u00e7amento da \u201cCampanha Nacional de Vacina\u00e7\u00e3o contra Poliomielite 2024\u201d no munic\u00edpio&#8230;.<\/p>\n","protected":false},"author":1,"featured_media":202986,"comment_status":"open","ping_status":"open","sticky":false,"template":"","format":"standard","meta":{"ngg_post_thumbnail":0,"footnotes":""},"categories":[243],"tags":[],"class_list":["post-202985","post","type-post","status-publish","format-standard","has-post-thumbnail","hentry","category-geral"],"views":243,"meta_data":{"thumb":"https:\/\/portalv1.com.br\/app\/wp-content\/uploads\/2024\/05\/WhatsApp-Image-2024-05-25-at-17.09.45.jpeg","imagem":{"fullsize":{"url":"https:\/\/portalv1.com.br\/app\/wp-content\/uploads\/2024\/05\/WhatsApp-Image-2024-05-25-at-17.09.45.jpeg","width":720,"height":972},"medium":{"url":"https:\/\/portalv1.com.br\/app\/wp-content\/uploads\/2024\/05\/WhatsApp-Image-2024-05-25-at-17.09.45-300x405.jpeg","width":300,"height":405},"large":{"url":"https:\/\/portalv1.com.br\/app\/wp-content\/uploads\/2024\/05\/WhatsApp-Image-2024-05-25-at-17.09.45-640x864.jpeg","width":640,"height":864},"thumbnail":{"url":"https:\/\/portalv1.com.br\/app\/wp-content\/uploads\/2024\/05\/WhatsApp-Image-2024-05-25-at-17.09.45-100x100.jpeg","width":100,"height":100}},"data":{"simple":"25\/05\/2024","date_time":"25\/05\/2024 14:12:07","date":"h\u00e1 2 anos"},"chapeu":"Veja como ser\u00e1 ","source":"slide"},"_links":{"self":[{"href":"https:\/\/portalv1.com.br\/api\/wp\/v2\/posts\/202985","targetHints":{"allow":["GET"]}}],"collection":[{"href":"https:\/\/portalv1.com.br\/api\/wp\/v2\/posts"}],"about":[{"href":"https:\/\/portalv1.com.br\/api\/wp\/v2\/types\/post"}],"author":[{"embeddable":true,"href":"https:\/\/portalv1.com.br\/api\/wp\/v2\/users\/1"}],"replies":[{"embeddable":true,"href":"https:\/\/portalv1.com.br\/api\/wp\/v2\/comments?post=202985"}],"version-history":[{"count":0,"href":"https:\/\/portalv1.com.br\/api\/wp\/v2\/posts\/202985\/revisions"}],"wp:featuredmedia":[{"embeddable":true,"href":"https:\/\/portalv1.com.br\/api\/wp\/v2\/media\/202986"}],"wp:attachment":[{"href":"https:\/\/portalv1.com.br\/api\/wp\/v2\/media?parent=202985"}],"wp:term":[{"taxonomy":"category","embeddable":true,"href":"https:\/\/portalv1.com.br\/api\/wp\/v2\/categories?post=202985"},{"taxonomy":"post_tag","embeddable":true,"href":"https:\/\/portalv1.com.br\/api\/wp\/v2\/tags?post=202985"}],"curies":[{"name":"wp","href":"https:\/\/api.w.org\/{rel}","templated":true}]}}