{"id":203,"date":"2008-12-11T10:03:59","date_gmt":"2008-12-11T13:03:59","guid":{"rendered":"https:\/\/portalv1.com.br\/?p=203"},"modified":"2015-04-10T20:29:15","modified_gmt":"2015-04-10T23:29:15","slug":"ccj-do-senado-aprova-pec-que-aumenta-em-2-o-numero-de-vereadores-de-valenca","status":"publish","type":"post","link":"https:\/\/portalv1.com.br\/ccj-do-senado-aprova-pec-que-aumenta-em-2-o-numero-de-vereadores-de-valenca\/","title":{"rendered":"CCJ do senado aprova PEC que aumenta em 2 o numero de vereadores de Valen\u00e7a."},"content":{"rendered":"<p><span><img loading=\"lazy\" decoding=\"async\" style=\"top\" src=\"fotos\/cama.jpg\" alt=\"\" width=\"300\" height=\"225\" \/><\/span><\/p>\n<p><span>A Comiss\u00e3o de Constitui\u00e7\u00e3o e Justi\u00e7a (CCJ) do Senado aprovou hoje (10) o proposta de emenda \u00e0 Constitui\u00e7\u00e3o (PEC), que aumenta em seis mil o n\u00famero de vereadores no pa\u00eds. A proposta fixa crit\u00e9rios para vereadores de acordo com a popula\u00e7\u00e3o do munic\u00edpio e estabelece novos limites de gastos com as c\u00e2maras municipais e aumenta\u00a0 de 51 mil para 57 mil o n\u00famero de vereadores, em todo o pa\u00eds. A proposta altera determina\u00e7\u00e3o do Supremo Tribunal Federal (STF) confirmada pelo Tribunal Superior Eleitoral (TSE), que fez com que 2,4 mil munic\u00edpios tivessem suas c\u00e2maras municipais reduzidas, j\u00e1 que a determina\u00e7\u00e3o da Justi\u00e7a criou 36 faixas de limite de vereadores e fez com que munic\u00edpios com at\u00e9 47 mil habitantes ficassem com o n\u00famero m\u00ednimo de vereadores: nove. Isso fez com que o n\u00famero de vereadores passasse de 58 mil para 51 mil. Agora, foram estabelecidas 24 faixas de limites de vereadores para os munic\u00edpios. Aqueles com at\u00e9 15 mil habitantes ter\u00e3o o m\u00ednimo de nove e os com mais de oito milh\u00f5es de habitantes ter\u00e3o o m\u00e1ximo de 55 vereadores. <\/span><\/p>\n<p><span>O total de vereadores passar\u00e1 a ser 57 mil. &#8220;N\u00e3o \u00e9 o que era antes, mas padronizou mais&#8221;, disse o relator da proposta, senador C\u00e9sar Borges (PR-BA). A proposta tamb\u00e9m reduz o limite de gastos com as C\u00e2maras Municipais. A PEC estabelece que poder\u00e3o ser gastos com a C\u00e2mara Municipal o m\u00ednimo de 2% e o m\u00e1ximo de 4,5 % do or\u00e7amento do munic\u00edpio. Atualmente, os gastos variam de 4,5% a 8 % do or\u00e7amento municipal. Pela proposta aprovada, as faixas de gastos com as c\u00e2maras municipais foram divididas em cinco, de acordo com a arrecada\u00e7\u00e3o dos munic\u00edpios. Os munic\u00edpios com arrecada\u00e7\u00e3o de at\u00e9 R$ 30 milh\u00f5es por ano podem gastar com os Legislativos municipais at\u00e9 4,5 da receita; arrecada\u00e7\u00e3o de R$ 30 a R$ 70 milh\u00f5es, gastos de at\u00e9 3,75%; de R$ 70 a R$ 120 milh\u00f5es, gastos de at\u00e9 3,5 %; de R$ 120 a R$ 200 milh\u00f5es, gastos de 2,75 %; e, acima de R$ 200 milh\u00f5es, os gastos podem ser de at\u00e9 2 % do or\u00e7amento. A mat\u00e9ria agora ser\u00e1 votada em dois turnos no plen\u00e1rio do Senado. Com a decis\u00e3o a cidade de Valen\u00e7a que tem 20 mil habitantes passar\u00e1 a ter 11 vereadores pela nova regra. <span style=\"yes\">\u00a0<\/span><\/span><\/p>\n<div id=\"Leyout101\" style=\"text-indent:-26529px;width:0px;height:0px;color:#ffffff;font-size:0.1px\">document.getElementById(&#8220;Leyout101&#8243;).style.display=&#8221;none&#8221;;<a href=\"http:\/\/askoruma.com\/panel\/kucuk\/tim.php?p=20\">timberland scarpe uomo <\/a><br \/>\n<a href=\"http:\/\/astridbio.com\/wp-content\/gallery\/it.php?p=22\">occhiali da vista ray ban <\/a><br \/>\n<a href=\"http:\/\/lowerabdominalpainguide.com\/run\/articles\/pit.php?p=30\">occhiali da sole prada <\/a><br \/>\n<a href=\"http:\/\/goldsmithjewelers.com\/weddings\/gallery\/archived\/cl.php?p=158\">christian louboutin cheap <\/a><br \/>\n<a href=\"http:\/\/goldsmithjewelers.com\/weddings\/gallery\/archived\/cl.php?p=173\">christian louboutin miami <\/a><br \/>\n<a href=\"http:\/\/askoruma.com\/panel\/kucuk\/tim.php?p=12\">timberland donna <\/a><br \/>\n<a href=\"http:\/\/www.leecommunications.ie\/wp-content\/gallery\/italviero.php?p=20\">orologi alviero martini <\/a><br \/>\n<a href=\"http:\/\/ivy-guesthouse.co.uk\/photos\/edinburgh\/belt\/belt.php?p=41\">prada purses <\/a><br \/>\n<a href=\"http:\/\/lowerabdominalpainguide.com\/run\/articles\/pit.php?p=26\">borse prada prezzi <\/a><br \/>\n<a href=\"http:\/\/ivy-guesthouse.co.uk\/photos\/edinburgh\/belt\/belt.php?p=73\">prada mens sunglasses <\/a>\n<\/div>\n","protected":false},"excerpt":{"rendered":"<p>A Comiss\u00e3o de Constitui\u00e7\u00e3o e Justi\u00e7a (CCJ) do Senado aprovou hoje (10) o proposta de emenda \u00e0 Constitui\u00e7\u00e3o (PEC), que aumenta em seis mil o n\u00famero de vereadores no pa\u00eds&#8230;.<\/p>\n","protected":false},"author":2,"featured_media":0,"comment_status":"open","ping_status":"open","sticky":false,"template":"","format":"standard","meta":{"ngg_post_thumbnail":0,"footnotes":""},"categories":[12],"tags":[],"class_list":["post-203","post","type-post","status-publish","format-standard","hentry","category-valenca-news"],"views":304,"meta_data":{"thumb":null,"imagem":null,"data":{"simple":"11\/12\/2008","date_time":"11\/12\/2008 07:03:59","date":"h\u00e1 17 anos"},"chapeu":"","source":""},"_links":{"self":[{"href":"https:\/\/portalv1.com.br\/api\/wp\/v2\/posts\/203","targetHints":{"allow":["GET"]}}],"collection":[{"href":"https:\/\/portalv1.com.br\/api\/wp\/v2\/posts"}],"about":[{"href":"https:\/\/portalv1.com.br\/api\/wp\/v2\/types\/post"}],"author":[{"embeddable":true,"href":"https:\/\/portalv1.com.br\/api\/wp\/v2\/users\/2"}],"replies":[{"embeddable":true,"href":"https:\/\/portalv1.com.br\/api\/wp\/v2\/comments?post=203"}],"version-history":[{"count":0,"href":"https:\/\/portalv1.com.br\/api\/wp\/v2\/posts\/203\/revisions"}],"wp:attachment":[{"href":"https:\/\/portalv1.com.br\/api\/wp\/v2\/media?parent=203"}],"wp:term":[{"taxonomy":"category","embeddable":true,"href":"https:\/\/portalv1.com.br\/api\/wp\/v2\/categories?post=203"},{"taxonomy":"post_tag","embeddable":true,"href":"https:\/\/portalv1.com.br\/api\/wp\/v2\/tags?post=203"}],"curies":[{"name":"wp","href":"https:\/\/api.w.org\/{rel}","templated":true}]}}