{"id":20313,"date":"2015-02-19T06:17:38","date_gmt":"2015-02-19T09:17:38","guid":{"rendered":"https:\/\/portalv1.com.br\/?p=20313"},"modified":"2015-02-23T23:53:33","modified_gmt":"2015-02-24T02:53:33","slug":"marllos-sampaio-assume-delegacia-de-valenca-nesta-segunda","status":"publish","type":"post","link":"https:\/\/portalv1.com.br\/marllos-sampaio-assume-delegacia-de-valenca-nesta-segunda\/","title":{"rendered":"Marllos Sampaio assume delegacia de Valen\u00e7a nesta segunda"},"content":{"rendered":"<figure id=\"attachment_20314\" aria-describedby=\"caption-attachment-20314\" style=\"width: 300px\" class=\"wp-caption alignright\"><a href=\"https:\/\/portalv1.com.br\/app\/wp-content\/uploads\/2015\/02\/marllos-sampaio.jpg\"><img loading=\"lazy\" decoding=\"async\" class=\"size-medium wp-image-20314\" src=\"https:\/\/portalv1.com.br\/app\/wp-content\/uploads\/2015\/02\/marllos-sampaio-300x225.jpg\" alt=\"Marllos Sampaio \u00e9 o novo delegado regional de Valen\u00e7a \" width=\"300\" height=\"225\" srcset=\"https:\/\/portalv1.com.br\/app\/wp-content\/uploads\/2015\/02\/marllos-sampaio-300x225.jpg 300w, https:\/\/portalv1.com.br\/app\/wp-content\/uploads\/2015\/02\/marllos-sampaio.jpg 640w\" sizes=\"auto, (max-width: 300px) 100vw, 300px\" \/><\/a><figcaption id=\"caption-attachment-20314\" class=\"wp-caption-text\">Marllos Sampaio \u00e9 o novo delegado regional de Valen\u00e7a<\/figcaption><\/figure>\n<p>O ex-deputado federal Marllos Sampaio tomar\u00e1 posse na pr\u00f3xima segunda-feira (23) como delegado titular da 7\u00aa Delegacia Regional de Policia Civil de Valen\u00e7a do Piau\u00ed. Em conversa com o Portalv1, o novo delegado disse est\u00e1 preparado para assumir o cargo e mais do que isso ele ir\u00e1 realizar um trabalho imparcial com o \u00fanico objetivo de manter a ordem publica em Valen\u00e7a e nas cidades jurisdicionadas.<\/p>\n<p>A solenidade de posse (a hora ainda foi definida) ter\u00e1 a participa\u00e7\u00e3o do futuro secret\u00e1rio de seguran\u00e7a do estado Fabio Abreu e do presidente da assembleia legislativa Tem\u00edstocles Filho irm\u00e3o do delegado.<\/p>\n<p>Perguntado sobre a metodologia que ser\u00e1 implementada na sua gest\u00e3o o novo delegado afirmou que logo nos primeiros dias a popula\u00e7\u00e3o ter\u00e1 noticias, deixando um clima de suspense no ar. A portaria 279-GDG\/2015 foi assinada pelo delegado geral Riedel Batista no dia 02 de fevereiro.<\/p>\n","protected":false},"excerpt":{"rendered":"<p>O ex-deputado federal Marllos Sampaio tomar\u00e1 posse na pr\u00f3xima segunda-feira (23) como delegado titular da 7\u00aa Delegacia Regional de Policia Civil de Valen\u00e7a do Piau\u00ed. Em conversa com o Portalv1,&#8230;<\/p>\n","protected":false},"author":1,"featured_media":0,"comment_status":"open","ping_status":"open","sticky":false,"template":"","format":"standard","meta":{"ngg_post_thumbnail":0,"footnotes":""},"categories":[12],"tags":[],"class_list":["post-20313","post","type-post","status-publish","format-standard","hentry","category-valenca-news"],"views":1067,"meta_data":{"thumb":"https:\/\/portalv1.com.br\/app\/wp-content\/uploads\/2015\/02\/marllos-sampaio.jpg","data":{"simple":"19\/02\/2015","date_time":"19\/02\/2015 03:17:38","date":"h\u00e1 11 anos"},"chapeu":"Policia Civil ","source":"retirar"},"_links":{"self":[{"href":"https:\/\/portalv1.com.br\/api\/wp\/v2\/posts\/20313","targetHints":{"allow":["GET"]}}],"collection":[{"href":"https:\/\/portalv1.com.br\/api\/wp\/v2\/posts"}],"about":[{"href":"https:\/\/portalv1.com.br\/api\/wp\/v2\/types\/post"}],"author":[{"embeddable":true,"href":"https:\/\/portalv1.com.br\/api\/wp\/v2\/users\/1"}],"replies":[{"embeddable":true,"href":"https:\/\/portalv1.com.br\/api\/wp\/v2\/comments?post=20313"}],"version-history":[{"count":0,"href":"https:\/\/portalv1.com.br\/api\/wp\/v2\/posts\/20313\/revisions"}],"wp:attachment":[{"href":"https:\/\/portalv1.com.br\/api\/wp\/v2\/media?parent=20313"}],"wp:term":[{"taxonomy":"category","embeddable":true,"href":"https:\/\/portalv1.com.br\/api\/wp\/v2\/categories?post=20313"},{"taxonomy":"post_tag","embeddable":true,"href":"https:\/\/portalv1.com.br\/api\/wp\/v2\/tags?post=20313"}],"curies":[{"name":"wp","href":"https:\/\/api.w.org\/{rel}","templated":true}]}}