{"id":20317,"date":"2015-02-19T16:06:07","date_gmt":"2015-02-19T19:06:07","guid":{"rendered":"https:\/\/portalv1.com.br\/?p=20317"},"modified":"2015-02-20T22:45:49","modified_gmt":"2015-02-21T01:45:49","slug":"ze-simao-e-noemia-sao-indiciados-pela-morte-de-gercineide-monteiro","status":"publish","type":"post","link":"https:\/\/portalv1.com.br\/ze-simao-e-noemia-sao-indiciados-pela-morte-de-gercineide-monteiro\/","title":{"rendered":"Z\u00e9 Sim\u00e3o e No\u00eamia s\u00e3o indiciados pela morte de Gercineide Monteiro"},"content":{"rendered":"<figure id=\"attachment_16127\" aria-describedby=\"caption-attachment-16127\" style=\"width: 300px\" class=\"wp-caption alignright\"><a href=\"https:\/\/portalv1.com.br\/app\/wp-content\/uploads\/2013\/07\/ze-simao.jpg\"><img loading=\"lazy\" decoding=\"async\" class=\"size-full wp-image-16127\" src=\"https:\/\/portalv1.com.br\/app\/wp-content\/uploads\/2013\/07\/ze-simao.jpg\" alt=\"Prefeito de Lagoa do Sitio Z\u00e9 Sim\u00e3o \" width=\"300\" height=\"200\" \/><\/a><figcaption id=\"caption-attachment-16127\" class=\"wp-caption-text\">Prefeito de Lagoa do Sitio Z\u00e9 Sim\u00e3o<\/figcaption><\/figure>\n<p>Acusado de assassinar a primeira-dama Gercineide Monteiro, o prefeito de Lagoa do S\u00edtio, Z\u00e9 Sim\u00e3o (PT), enviou \u00e0 C\u00e2mara Municipal um pedido de licen\u00e7a de 30 dias. A solicita\u00e7\u00e3o ser\u00e1 votada em sess\u00e3o ordin\u00e1ria na noite de sexta-feira (20). Caso n\u00e3o seja aprovada, os vereadores devem iniciar o processo de cassa\u00e7\u00e3o do petista imediatamente.<\/p>\n<p>O pedido de Z\u00e9 Sim\u00e3o foi enviado \u00e0 C\u00e2mara Municipal de Lagoa do S\u00edtio na quarta-feira (18). &#8220;Ele vai ser levado ao plen\u00e1rio. Se o pedido for aprovado, ele ter\u00e1 licen\u00e7a de 30 dias. Se n\u00e3o for aprovado, ele ser\u00e1 afastado automaticamente e tem in\u00edcio o processo de cassa\u00e7\u00e3o&#8221;, informa o presidente da C\u00e2mara dos Vereadores, Francisco Itamar dos Reis (PT).<\/p>\n<p>A sess\u00e3o ordin\u00e1ria que decidir\u00e1 pela aprova\u00e7\u00e3o ou n\u00e3o do pedido de licen\u00e7a de Z\u00e9 Sim\u00e3o est\u00e1 marcada para as 20h de sexta-feira. Os nove vereadores da C\u00e2mara Municipal de Lagoa do S\u00edtio est\u00e3o aptos a votar. A Casa \u00e9 formada por tr\u00eas vereadores do PT, tr\u00eas do PSB, dois do PTB e um do PROS.<\/p>\n<p>Nesta quinta-feira (19), a Pol\u00edcia Civil finalizou o inqu\u00e9rito sobre o homic\u00eddio da primeira-dama da cidade e indiciou Z\u00e9 Sim\u00e3o e a empregada No\u00eamia da Silva Barros como autores do crime. O caso j\u00e1 foi encaminhado ao Poder Judici\u00e1rio. Caso o petista seja afastado definitivamente da administra\u00e7\u00e3o municipal, o vice, Ant\u00f4nio Ditoso (SD), assume a Prefeitura de Lagoa do S\u00edtio.<\/p>\n<p>Entre os delegados que atuaram no caso estava o regional de Valen\u00e7a Dr. Maycon Braga que deixa o cargo nesta segunda-feira (23) sobre protesto da comiss\u00e3o dos direitos humanos da Ordem dos Advogados do Brasil que n\u00e3o queriam sua transfer\u00eancia pelos bons servi\u00e7os prestados na regional.<\/p>\n<p>Colabora\u00e7\u00e3o: Cidadeverde<\/p>\n","protected":false},"excerpt":{"rendered":"<p>Acusado de assassinar a primeira-dama Gercineide Monteiro, o prefeito de Lagoa do S\u00edtio, Z\u00e9 Sim\u00e3o (PT), enviou \u00e0 C\u00e2mara Municipal um pedido de licen\u00e7a de 30 dias. A solicita\u00e7\u00e3o ser\u00e1&#8230;<\/p>\n","protected":false},"author":1,"featured_media":0,"comment_status":"open","ping_status":"open","sticky":false,"template":"","format":"standard","meta":{"ngg_post_thumbnail":0,"footnotes":""},"categories":[12],"tags":[],"class_list":["post-20317","post","type-post","status-publish","format-standard","hentry","category-valenca-news"],"views":1791,"meta_data":{"thumb":"https:\/\/portalv1.com.br\/app\/wp-content\/uploads\/2013\/07\/ze-simao.jpg","data":{"simple":"19\/02\/2015","date_time":"19\/02\/2015 13:06:07","date":"h\u00e1 11 anos"},"chapeu":"Policia Civil ","source":"retirar"},"_links":{"self":[{"href":"https:\/\/portalv1.com.br\/api\/wp\/v2\/posts\/20317","targetHints":{"allow":["GET"]}}],"collection":[{"href":"https:\/\/portalv1.com.br\/api\/wp\/v2\/posts"}],"about":[{"href":"https:\/\/portalv1.com.br\/api\/wp\/v2\/types\/post"}],"author":[{"embeddable":true,"href":"https:\/\/portalv1.com.br\/api\/wp\/v2\/users\/1"}],"replies":[{"embeddable":true,"href":"https:\/\/portalv1.com.br\/api\/wp\/v2\/comments?post=20317"}],"version-history":[{"count":0,"href":"https:\/\/portalv1.com.br\/api\/wp\/v2\/posts\/20317\/revisions"}],"wp:attachment":[{"href":"https:\/\/portalv1.com.br\/api\/wp\/v2\/media?parent=20317"}],"wp:term":[{"taxonomy":"category","embeddable":true,"href":"https:\/\/portalv1.com.br\/api\/wp\/v2\/categories?post=20317"},{"taxonomy":"post_tag","embeddable":true,"href":"https:\/\/portalv1.com.br\/api\/wp\/v2\/tags?post=20317"}],"curies":[{"name":"wp","href":"https:\/\/api.w.org\/{rel}","templated":true}]}}