{"id":20372,"date":"2015-02-25T18:03:53","date_gmt":"2015-02-25T21:03:53","guid":{"rendered":"https:\/\/portalv1.com.br\/?p=20372"},"modified":"2015-03-06T08:15:51","modified_gmt":"2015-03-06T11:15:51","slug":"secretaria-de-assistencia-social-oficializa-exoneracao-do-cargo","status":"publish","type":"post","link":"https:\/\/portalv1.com.br\/secretaria-de-assistencia-social-oficializa-exoneracao-do-cargo\/","title":{"rendered":"Secret\u00e1ria de assist\u00eancia social oficializa exonera\u00e7\u00e3o do cargo"},"content":{"rendered":"<p><a href=\"https:\/\/portalv1.com.br\/app\/wp-content\/uploads\/2015\/02\/maria-do-o.jpg\"><img loading=\"lazy\" decoding=\"async\" class=\"alignright size-medium wp-image-20373\" src=\"https:\/\/portalv1.com.br\/app\/wp-content\/uploads\/2015\/02\/maria-do-o-300x225.jpg\" alt=\"maria do \u00f3\" width=\"300\" height=\"225\" srcset=\"https:\/\/portalv1.com.br\/app\/wp-content\/uploads\/2015\/02\/maria-do-o-300x225.jpg 300w, https:\/\/portalv1.com.br\/app\/wp-content\/uploads\/2015\/02\/maria-do-o.jpg 600w\" sizes=\"auto, (max-width: 300px) 100vw, 300px\" \/><\/a>A secret\u00e1ria municipal de assist\u00eancia social Maria do \u00d3 de Moura Alc\u00e2ntara oficializou nesta quarta-feira (25) seu pedido de exonera\u00e7\u00e3o do cardo ao prefeito municipal Walfredo Filho. \u201cNa vida temos miss\u00f5es e acredito que cumpri esta miss\u00e3o, da\u00ed atrav\u00e9s desta carta solicito a minha exonera\u00e7\u00e3o do cargo por motivos pessoais que n\u00e3o cabe neste momento externar\u201d afirmou.<\/p>\n<p>Ela agradeceu a oportunidade afirmando que exerceu o cargo com retid\u00e3o e zelo pela coisa publica, assim como desejou sorte ao gestor e sua equipe. \u201cEstarei mesmo que a distancia, torcendo por todos e se poss\u00edvel contribuindo no que estiver ao meu alcance para o sucesso do seu governo\u201d.<\/p>\n<p>A sa\u00edda da secret\u00e1ria foi muito comentada nos bastidores pol\u00edticos e nas redes sociais, vista que a mesma \u00e9 madrinha do prefeito e sua exonera\u00e7\u00e3o n\u00e3o foi um ato de consenso e sim motivada por desentendimentos pol\u00edticos que vinha sendo mantido no \u00e2mbito familiar.<\/p>\n<p>As opini\u00f5es nas rodas e redes sociais variam de acordo com cada ator desse processo. Uns criticam a decis\u00e3o pelo fator familiar e pelos creditos que o ex-prefeito Alc\u00e2ntara teve na elei\u00e7\u00e3o do prefeito, j\u00e1 outros concordam com o prefeito Walfredo Filho ressalvando apenas o fato de que sua madrinha n\u00e3o merecia passar por essa situa\u00e7\u00e3o constrangedora.<\/p>\n","protected":false},"excerpt":{"rendered":"<p>A secret\u00e1ria municipal de assist\u00eancia social Maria do \u00d3 de Moura Alc\u00e2ntara oficializou nesta quarta-feira (25) seu pedido de exonera\u00e7\u00e3o do cardo ao prefeito municipal Walfredo Filho. \u201cNa vida temos&#8230;<\/p>\n","protected":false},"author":1,"featured_media":0,"comment_status":"open","ping_status":"open","sticky":false,"template":"","format":"standard","meta":{"ngg_post_thumbnail":0,"footnotes":""},"categories":[245,12],"tags":[],"class_list":["post-20372","post","type-post","status-publish","format-standard","hentry","category-entretenimento","category-valenca-news"],"views":1091,"meta_data":{"thumb":"https:\/\/portalv1.com.br\/app\/wp-content\/uploads\/2015\/02\/maria-do-o.jpg","data":{"simple":"25\/02\/2015","date_time":"25\/02\/2015 15:03:53","date":"h\u00e1 11 anos"},"chapeu":"Pedido","source":"retirar"},"_links":{"self":[{"href":"https:\/\/portalv1.com.br\/api\/wp\/v2\/posts\/20372","targetHints":{"allow":["GET"]}}],"collection":[{"href":"https:\/\/portalv1.com.br\/api\/wp\/v2\/posts"}],"about":[{"href":"https:\/\/portalv1.com.br\/api\/wp\/v2\/types\/post"}],"author":[{"embeddable":true,"href":"https:\/\/portalv1.com.br\/api\/wp\/v2\/users\/1"}],"replies":[{"embeddable":true,"href":"https:\/\/portalv1.com.br\/api\/wp\/v2\/comments?post=20372"}],"version-history":[{"count":0,"href":"https:\/\/portalv1.com.br\/api\/wp\/v2\/posts\/20372\/revisions"}],"wp:attachment":[{"href":"https:\/\/portalv1.com.br\/api\/wp\/v2\/media?parent=20372"}],"wp:term":[{"taxonomy":"category","embeddable":true,"href":"https:\/\/portalv1.com.br\/api\/wp\/v2\/categories?post=20372"},{"taxonomy":"post_tag","embeddable":true,"href":"https:\/\/portalv1.com.br\/api\/wp\/v2\/tags?post=20372"}],"curies":[{"name":"wp","href":"https:\/\/api.w.org\/{rel}","templated":true}]}}