{"id":203794,"date":"2024-05-28T13:11:45","date_gmt":"2024-05-28T16:11:45","guid":{"rendered":"https:\/\/portalv1.com.br\/?p=203794"},"modified":"2024-05-28T13:12:59","modified_gmt":"2024-05-28T16:12:59","slug":"empresario-denuncia-que-veiculo-da-prefeitura-de-sao-joao-da-varjota-e-usado-para-fins-particulares","status":"publish","type":"post","link":"https:\/\/portalv1.com.br\/empresario-denuncia-que-veiculo-da-prefeitura-de-sao-joao-da-varjota-e-usado-para-fins-particulares\/","title":{"rendered":"Empres\u00e1rio denuncia que ve\u00edculo da Prefeitura de S\u00e3o Jo\u00e3o da Varjota \u00e9 usado para fins particulares"},"content":{"rendered":"<p>O empres\u00e1rio Neto Parambu entrou em contato com a reda\u00e7\u00e3o do portal Br Hoje para denunciar que o ve\u00edculo oficial da Prefeitura de S\u00e3o Jo\u00e3o da Varjota foi usado nesta segunda-feira (27), por volta das 20:29 pelo prefeito do munic\u00edpio Z\u00e9 Barbosa para fins no Assa\u00ed de Picos.<\/p>\n<p>Na filmagem que o mesmo fez comprova o carro, uma Hilux Cabine Simples, com o adesivo da Prefeitura de S\u00e3o Jo\u00e3o da Varjota, saindo do estacionamento do referido supermercado.<\/p>\n<p><a href=\"https:\/\/www.facebook.com\/reel\/982934053245006\" target=\"_blank\" rel=\"noopener\">veja o v\u00eddeo<\/a><\/p>\n<p><strong>Crime<\/strong><\/p>\n<p>De acordo com a Lei 8.429\/92, constitui ato de improbidade administrativa, importando enriquecimento il\u00edcito, usar, em proveito pr\u00f3prio, bens, rendas, verbas ou valores integrantes do acervo patrimonial de entidades, como as Prefeituras.<\/p>\n<p><strong>&nbsp;Outro lado<\/strong><\/p>\n<p>Fica o espa\u00e7o para o gestor d\u00e1 os devidos esclarecimentos.<a href=\"https:\/\/portalv1.com.br\/app\/wp-content\/uploads\/2024\/05\/BR.webp\"><img loading=\"lazy\" decoding=\"async\" class=\"aligncenter size-full wp-image-203795\" src=\"https:\/\/portalv1.com.br\/app\/wp-content\/uploads\/2024\/05\/BR.webp\" alt=\"\" width=\"1024\" height=\"577\" srcset=\"https:\/\/portalv1.com.br\/app\/wp-content\/uploads\/2024\/05\/BR.webp 1024w, https:\/\/portalv1.com.br\/app\/wp-content\/uploads\/2024\/05\/BR-300x169.webp 300w, https:\/\/portalv1.com.br\/app\/wp-content\/uploads\/2024\/05\/BR-640x361.webp 640w, https:\/\/portalv1.com.br\/app\/wp-content\/uploads\/2024\/05\/BR-768x433.webp 768w\" sizes=\"auto, (max-width: 1024px) 100vw, 1024px\" \/><\/a><\/p>\n<p>Fonte: BRHOJE<\/p>\n","protected":false},"excerpt":{"rendered":"<p>O empres\u00e1rio Neto Parambu entrou em contato com a reda\u00e7\u00e3o do portal Br Hoje para denunciar que o ve\u00edculo oficial da Prefeitura de S\u00e3o Jo\u00e3o da Varjota foi usado nesta&#8230;<\/p>\n","protected":false},"author":1,"featured_media":203795,"comment_status":"open","ping_status":"open","sticky":false,"template":"","format":"standard","meta":{"ngg_post_thumbnail":0,"footnotes":""},"categories":[243],"tags":[],"class_list":["post-203794","post","type-post","status-publish","format-standard","has-post-thumbnail","hentry","category-geral"],"views":321,"meta_data":{"thumb":"https:\/\/portalv1.com.br\/app\/wp-content\/uploads\/2024\/05\/BR.webp","imagem":{"fullsize":{"url":"https:\/\/portalv1.com.br\/app\/wp-content\/uploads\/2024\/05\/BR.webp","width":1024,"height":577},"medium":{"url":"https:\/\/portalv1.com.br\/app\/wp-content\/uploads\/2024\/05\/BR-300x169.webp","width":300,"height":169},"large":{"url":"https:\/\/portalv1.com.br\/app\/wp-content\/uploads\/2024\/05\/BR-640x361.webp","width":640,"height":361},"thumbnail":{"url":"https:\/\/portalv1.com.br\/app\/wp-content\/uploads\/2024\/05\/BR-100x100.webp","width":100,"height":100},"medium_large":{"url":"https:\/\/portalv1.com.br\/app\/wp-content\/uploads\/2024\/05\/BR-768x433.webp","width":768,"height":433}},"data":{"simple":"28\/05\/2024","date_time":"28\/05\/2024 10:11:45","date":"h\u00e1 2 anos"},"chapeu":"Veja detalhes ","source":"m_destacada"},"_links":{"self":[{"href":"https:\/\/portalv1.com.br\/api\/wp\/v2\/posts\/203794","targetHints":{"allow":["GET"]}}],"collection":[{"href":"https:\/\/portalv1.com.br\/api\/wp\/v2\/posts"}],"about":[{"href":"https:\/\/portalv1.com.br\/api\/wp\/v2\/types\/post"}],"author":[{"embeddable":true,"href":"https:\/\/portalv1.com.br\/api\/wp\/v2\/users\/1"}],"replies":[{"embeddable":true,"href":"https:\/\/portalv1.com.br\/api\/wp\/v2\/comments?post=203794"}],"version-history":[{"count":0,"href":"https:\/\/portalv1.com.br\/api\/wp\/v2\/posts\/203794\/revisions"}],"wp:featuredmedia":[{"embeddable":true,"href":"https:\/\/portalv1.com.br\/api\/wp\/v2\/media\/203795"}],"wp:attachment":[{"href":"https:\/\/portalv1.com.br\/api\/wp\/v2\/media?parent=203794"}],"wp:term":[{"taxonomy":"category","embeddable":true,"href":"https:\/\/portalv1.com.br\/api\/wp\/v2\/categories?post=203794"},{"taxonomy":"post_tag","embeddable":true,"href":"https:\/\/portalv1.com.br\/api\/wp\/v2\/tags?post=203794"}],"curies":[{"name":"wp","href":"https:\/\/api.w.org\/{rel}","templated":true}]}}