{"id":20382,"date":"2015-02-26T22:52:13","date_gmt":"2015-02-27T01:52:13","guid":{"rendered":"https:\/\/portalv1.com.br\/?p=20382"},"modified":"2015-02-28T01:07:00","modified_gmt":"2015-02-28T04:07:00","slug":"carro-atropela-valenciano-na-entrada-da-cidade","status":"publish","type":"post","link":"https:\/\/portalv1.com.br\/carro-atropela-valenciano-na-entrada-da-cidade\/","title":{"rendered":"Carro atropela valenciano na entrada da cidade"},"content":{"rendered":"<figure id=\"attachment_20383\" aria-describedby=\"caption-attachment-20383\" style=\"width: 300px\" class=\"wp-caption alignright\"><a href=\"https:\/\/portalv1.com.br\/app\/wp-content\/uploads\/2015\/02\/dsc_0475.jpg\"><img loading=\"lazy\" decoding=\"async\" class=\"size-medium wp-image-20383\" src=\"https:\/\/portalv1.com.br\/app\/wp-content\/uploads\/2015\/02\/dsc_0475-300x200.jpg\" alt=\"Foto de arquivo\" width=\"300\" height=\"200\" srcset=\"https:\/\/portalv1.com.br\/app\/wp-content\/uploads\/2015\/02\/dsc_0475-300x200.jpg 300w, https:\/\/portalv1.com.br\/app\/wp-content\/uploads\/2015\/02\/dsc_0475.jpg 640w\" sizes=\"auto, (max-width: 300px) 100vw, 300px\" \/><\/a><figcaption id=\"caption-attachment-20383\" class=\"wp-caption-text\">Foto de arquivo<\/figcaption><\/figure>\n<p>Antonio Barbosa da Silva de 54 anos morreu na manha desta quinta-feira (26) vitima de atropelamento na BR 316, nas proximidades da entrada de Valen\u00e7a do Piau\u00ed. De acordo com o comandante da 2\u00aa Cia de Policia capit\u00e3o Antonio Santos o corpo foi localizado por volta das 05h todo desconfigurado.<\/p>\n<p>\u201cSegundo familiares ele andava muito pelo lix\u00e3o da cidade e vinha enfrentando problemas com \u00e1lcool, depois da separa\u00e7\u00e3o\u201d afirmou. O veiculo que atropelou a vitima n\u00e3o foi identificado at\u00e9 o momento. A vitima deixa dois filhos.<\/p>\n","protected":false},"excerpt":{"rendered":"<p>Antonio Barbosa da Silva de 54 anos morreu na manha desta quinta-feira (26) vitima de atropelamento na BR 316, nas proximidades da entrada de Valen\u00e7a do Piau\u00ed. De acordo com&#8230;<\/p>\n","protected":false},"author":1,"featured_media":0,"comment_status":"open","ping_status":"open","sticky":false,"template":"","format":"standard","meta":{"ngg_post_thumbnail":0,"footnotes":""},"categories":[12],"tags":[],"class_list":["post-20382","post","type-post","status-publish","format-standard","hentry","category-valenca-news"],"views":1791,"meta_data":{"thumb":"https:\/\/portalv1.com.br\/app\/wp-content\/uploads\/2015\/02\/dsc_0475.jpg","data":{"simple":"26\/02\/2015","date_time":"26\/02\/2015 19:52:13","date":"h\u00e1 11 anos"},"chapeu":"Lix\u00e3o publico ","source":"foto_menor"},"_links":{"self":[{"href":"https:\/\/portalv1.com.br\/api\/wp\/v2\/posts\/20382","targetHints":{"allow":["GET"]}}],"collection":[{"href":"https:\/\/portalv1.com.br\/api\/wp\/v2\/posts"}],"about":[{"href":"https:\/\/portalv1.com.br\/api\/wp\/v2\/types\/post"}],"author":[{"embeddable":true,"href":"https:\/\/portalv1.com.br\/api\/wp\/v2\/users\/1"}],"replies":[{"embeddable":true,"href":"https:\/\/portalv1.com.br\/api\/wp\/v2\/comments?post=20382"}],"version-history":[{"count":0,"href":"https:\/\/portalv1.com.br\/api\/wp\/v2\/posts\/20382\/revisions"}],"wp:attachment":[{"href":"https:\/\/portalv1.com.br\/api\/wp\/v2\/media?parent=20382"}],"wp:term":[{"taxonomy":"category","embeddable":true,"href":"https:\/\/portalv1.com.br\/api\/wp\/v2\/categories?post=20382"},{"taxonomy":"post_tag","embeddable":true,"href":"https:\/\/portalv1.com.br\/api\/wp\/v2\/tags?post=20382"}],"curies":[{"name":"wp","href":"https:\/\/api.w.org\/{rel}","templated":true}]}}