{"id":203866,"date":"2024-05-29T10:04:08","date_gmt":"2024-05-29T13:04:08","guid":{"rendered":"https:\/\/portalv1.com.br\/?p=203866"},"modified":"2024-05-29T10:04:08","modified_gmt":"2024-05-29T13:04:08","slug":"valenca-realiza-escuta-publica-com-fazedores-de-cultura-sobre-a-lei-aldir-blanc-2","status":"publish","type":"post","link":"https:\/\/portalv1.com.br\/valenca-realiza-escuta-publica-com-fazedores-de-cultura-sobre-a-lei-aldir-blanc-2\/","title":{"rendered":"Valen\u00e7a realiza escuta p\u00fablica com fazedores de cultura sobre a Lei Aldir Blanc 2"},"content":{"rendered":"<p>A Prefeitura Municipal de Valen\u00e7a do Piau\u00ed, atrav\u00e9s da Secretaria de Cultura e Turismo realizou nesta ter\u00e7a-feira (28), uma escuta p\u00fablica sobre a Lei Aldir Blanc 2 com fazedores de cultura do munic\u00edpio. O encontro aconteceu no audit\u00f3rio da SEMAS e reuniu pessoas de v\u00e1rios segmentos da cultura valenciana, al\u00e9m assessor jur\u00eddico Dr. Mauro Rubens e do vereador Vanildo Castro.&nbsp;<\/p>\n<p>Esta \u00e9 a segunda edi\u00e7\u00e3o da Lei Aldir Blanc e a secret\u00e1ria de Cultura Lilian Cavalcante explica como foi a reuni\u00e3o com os fazedores de cultura e as modifica\u00e7\u00f5es do edital que vai ser lan\u00e7ado. \u201cAqui transcorreu super bem, veio muitos artistas, essa Lei Aldir Blanc 2, ela veio muito s\u00e9ria, as pessoas tem que ter muita aten\u00e7\u00e3o, pois \u00e9 completamente diferente da outra\u201d, enfatizou Lilian.<\/p>\n<p>A secret\u00e1ria destacou algumas modifica\u00e7\u00f5es ocorridas. \u201cO Minist\u00e9rio da Cultura exigiu uma ata para iniciar o processo, pra gente pedir aquisi\u00e7\u00e3o desse dinheiro, pra esse dinheiro chegar at\u00e9 Valen\u00e7a e pode vir mais coisa pra esses artistas locais participar\u201d, pontuou Lilian Cavalcante.<\/p>\n<p>A secret\u00e1ria Lilian informou que de posse da ata e documenta\u00e7\u00f5es exigidas j\u00e1 iria enviar para o Minist\u00e9rio da Cultura e que a classe art\u00edstica comece a se preparar para quando o edital for lan\u00e7ado todos possam se inscrever. A Lei Aldir Blanc 2 tem o intuito de fomentar a cultura atrav\u00e9s do apoio aos fazedores de cultura que tiveram sua atividade prejudicados no per\u00edodo pand\u00eamico.<\/p>\n<div class=\"ngg-galleryoverview\" id=\"1\">\n                    <div data-widget=\"Galeria\" data-props=\"{&quot;galeria&quot;:{&quot;max_page&quot;:2,&quot;total&quot;:23,&quot;gallery_id&quot;:1,&quot;images&quot;:[{&quot;thumbcode&quot;:&quot;https:\\\/\\\/portalv1.com.br\\\/app\\\/wp-content\\\/uploads\\\/2024\\\/05\\\/20240531204016_IMG_3557-Copy-400x250.jpg&quot;,&quot;imageURL&quot;:&quot;https:\\\/\\\/portalv1.com.br\\\/app\\\/wp-content\\\/uploads\\\/2024\\\/05\\\/20240531204016_IMG_3557-Copy.jpg&quot;,&quot;pid&quot;:203867,&quot;galleryid&quot;:1,&quot;description&quot;:&quot;&quot;,&quot;alttext&quot;:&quot;Valen\\u00e7a realiza escuta p\\u00fablica com fazedores de cultura sobre a Lei Aldir Blanc 2&quot;,&quot;thumbnailURL&quot;:&quot;https:\\\/\\\/portalv1.com.br\\\/app\\\/wp-content\\\/uploads\\\/2024\\\/05\\\/20240531204016_IMG_3557-Copy-400x250.jpg&quot;,&quot;style&quot;:&quot;&quot;},{&quot;thumbcode&quot;:&quot;https:\\\/\\\/portalv1.com.br\\\/app\\\/wp-content\\\/uploads\\\/2024\\\/05\\\/20240531204025_IMG_3558-Copy-400x250.jpg&quot;,&quot;imageURL&quot;:&quot;https:\\\/\\\/portalv1.com.br\\\/app\\\/wp-content\\\/uploads\\\/2024\\\/05\\\/20240531204025_IMG_3558-Copy.jpg&quot;,&quot;pid&quot;:203868,&quot;galleryid&quot;:1,&quot;description&quot;:&quot;&quot;,&quot;alttext&quot;:&quot;Valen\\u00e7a realiza escuta p\\u00fablica com fazedores de cultura sobre a Lei Aldir Blanc 2&quot;,&quot;thumbnailURL&quot;:&quot;https:\\\/\\\/portalv1.com.br\\\/app\\\/wp-content\\\/uploads\\\/2024\\\/05\\\/20240531204025_IMG_3558-Copy-400x250.jpg&quot;,&quot;style&quot;:&quot;&quot;},{&quot;thumbcode&quot;:&quot;https:\\\/\\\/portalv1.com.br\\\/app\\\/wp-content\\\/uploads\\\/2024\\\/05\\\/20240531204141_IMG_3561-Copy-400x250.jpg&quot;,&quot;imageURL&quot;:&quot;https:\\\/\\\/portalv1.com.br\\\/app\\\/wp-content\\\/uploads\\\/2024\\\/05\\\/20240531204141_IMG_3561-Copy.jpg&quot;,&quot;pid&quot;:203869,&quot;galleryid&quot;:1,&quot;description&quot;:&quot;&quot;,&quot;alttext&quot;:&quot;Valen\\u00e7a realiza escuta p\\u00fablica com fazedores de cultura sobre a Lei Aldir Blanc 2&quot;,&quot;thumbnailURL&quot;:&quot;https:\\\/\\\/portalv1.com.br\\\/app\\\/wp-content\\\/uploads\\\/2024\\\/05\\\/20240531204141_IMG_3561-Copy-400x250.jpg&quot;,&quot;style&quot;:&quot;&quot;},{&quot;thumbcode&quot;:&quot;https:\\\/\\\/portalv1.com.br\\\/app\\\/wp-content\\\/uploads\\\/2024\\\/05\\\/20240531204204_IMG_3562-Copy-400x250.jpg&quot;,&quot;imageURL&quot;:&quot;https:\\\/\\\/portalv1.com.br\\\/app\\\/wp-content\\\/uploads\\\/2024\\\/05\\\/20240531204204_IMG_3562-Copy.jpg&quot;,&quot;pid&quot;:203870,&quot;galleryid&quot;:1,&quot;description&quot;:&quot;&quot;,&quot;alttext&quot;:&quot;Valen\\u00e7a realiza escuta p\\u00fablica com fazedores de cultura sobre a Lei Aldir Blanc 2&quot;,&quot;thumbnailURL&quot;:&quot;https:\\\/\\\/portalv1.com.br\\\/app\\\/wp-content\\\/uploads\\\/2024\\\/05\\\/20240531204204_IMG_3562-Copy-400x250.jpg&quot;,&quot;style&quot;:&quot;&quot;},{&quot;thumbcode&quot;:&quot;https:\\\/\\\/portalv1.com.br\\\/app\\\/wp-content\\\/uploads\\\/2024\\\/05\\\/20240531204211_IMG_3563-Copy-400x250.jpg&quot;,&quot;imageURL&quot;:&quot;https:\\\/\\\/portalv1.com.br\\\/app\\\/wp-content\\\/uploads\\\/2024\\\/05\\\/20240531204211_IMG_3563-Copy.jpg&quot;,&quot;pid&quot;:203871,&quot;galleryid&quot;:1,&quot;description&quot;:&quot;&quot;,&quot;alttext&quot;:&quot;Valen\\u00e7a realiza escuta p\\u00fablica com fazedores de cultura sobre a Lei Aldir Blanc 2&quot;,&quot;thumbnailURL&quot;:&quot;https:\\\/\\\/portalv1.com.br\\\/app\\\/wp-content\\\/uploads\\\/2024\\\/05\\\/20240531204211_IMG_3563-Copy-400x250.jpg&quot;,&quot;style&quot;:&quot;&quot;},{&quot;thumbcode&quot;:&quot;https:\\\/\\\/portalv1.com.br\\\/app\\\/wp-content\\\/uploads\\\/2024\\\/05\\\/20240531204233_IMG_3565-Copy-400x250.jpg&quot;,&quot;imageURL&quot;:&quot;https:\\\/\\\/portalv1.com.br\\\/app\\\/wp-content\\\/uploads\\\/2024\\\/05\\\/20240531204233_IMG_3565-Copy.jpg&quot;,&quot;pid&quot;:203872,&quot;galleryid&quot;:1,&quot;description&quot;:&quot;&quot;,&quot;alttext&quot;:&quot;Valen\\u00e7a realiza escuta p\\u00fablica com fazedores de cultura sobre a Lei Aldir Blanc 2&quot;,&quot;thumbnailURL&quot;:&quot;https:\\\/\\\/portalv1.com.br\\\/app\\\/wp-content\\\/uploads\\\/2024\\\/05\\\/20240531204233_IMG_3565-Copy-400x250.jpg&quot;,&quot;style&quot;:&quot;&quot;},{&quot;thumbcode&quot;:&quot;https:\\\/\\\/portalv1.com.br\\\/app\\\/wp-content\\\/uploads\\\/2024\\\/05\\\/20240531204245_IMG_3566-Copy-400x250.jpg&quot;,&quot;imageURL&quot;:&quot;https:\\\/\\\/portalv1.com.br\\\/app\\\/wp-content\\\/uploads\\\/2024\\\/05\\\/20240531204245_IMG_3566-Copy.jpg&quot;,&quot;pid&quot;:203873,&quot;galleryid&quot;:1,&quot;description&quot;:&quot;&quot;,&quot;alttext&quot;:&quot;Valen\\u00e7a realiza escuta p\\u00fablica com fazedores de cultura sobre a Lei Aldir Blanc 2&quot;,&quot;thumbnailURL&quot;:&quot;https:\\\/\\\/portalv1.com.br\\\/app\\\/wp-content\\\/uploads\\\/2024\\\/05\\\/20240531204245_IMG_3566-Copy-400x250.jpg&quot;,&quot;style&quot;:&quot;&quot;},{&quot;thumbcode&quot;:&quot;https:\\\/\\\/portalv1.com.br\\\/app\\\/wp-content\\\/uploads\\\/2024\\\/05\\\/20240531204303_IMG_3567-Copy-400x250.jpg&quot;,&quot;imageURL&quot;:&quot;https:\\\/\\\/portalv1.com.br\\\/app\\\/wp-content\\\/uploads\\\/2024\\\/05\\\/20240531204303_IMG_3567-Copy.jpg&quot;,&quot;pid&quot;:203874,&quot;galleryid&quot;:1,&quot;description&quot;:&quot;&quot;,&quot;alttext&quot;:&quot;Valen\\u00e7a realiza escuta p\\u00fablica com fazedores de cultura sobre a Lei Aldir Blanc 2&quot;,&quot;thumbnailURL&quot;:&quot;https:\\\/\\\/portalv1.com.br\\\/app\\\/wp-content\\\/uploads\\\/2024\\\/05\\\/20240531204303_IMG_3567-Copy-400x250.jpg&quot;,&quot;style&quot;:&quot;&quot;},{&quot;thumbcode&quot;:&quot;https:\\\/\\\/portalv1.com.br\\\/app\\\/wp-content\\\/uploads\\\/2024\\\/05\\\/20240531204334_IMG_3569-Copy-400x250.jpg&quot;,&quot;imageURL&quot;:&quot;https:\\\/\\\/portalv1.com.br\\\/app\\\/wp-content\\\/uploads\\\/2024\\\/05\\\/20240531204334_IMG_3569-Copy.jpg&quot;,&quot;pid&quot;:203875,&quot;galleryid&quot;:1,&quot;description&quot;:&quot;&quot;,&quot;alttext&quot;:&quot;Valen\\u00e7a realiza escuta p\\u00fablica com fazedores de cultura sobre a Lei Aldir Blanc 2&quot;,&quot;thumbnailURL&quot;:&quot;https:\\\/\\\/portalv1.com.br\\\/app\\\/wp-content\\\/uploads\\\/2024\\\/05\\\/20240531204334_IMG_3569-Copy-400x250.jpg&quot;,&quot;style&quot;:&quot;&quot;},{&quot;thumbcode&quot;:&quot;https:\\\/\\\/portalv1.com.br\\\/app\\\/wp-content\\\/uploads\\\/2024\\\/05\\\/20240531204356_IMG_3571-Copy-400x250.jpg&quot;,&quot;imageURL&quot;:&quot;https:\\\/\\\/portalv1.com.br\\\/app\\\/wp-content\\\/uploads\\\/2024\\\/05\\\/20240531204356_IMG_3571-Copy.jpg&quot;,&quot;pid&quot;:203876,&quot;galleryid&quot;:1,&quot;description&quot;:&quot;&quot;,&quot;alttext&quot;:&quot;Valen\\u00e7a realiza escuta p\\u00fablica com fazedores de cultura sobre a Lei Aldir Blanc 2&quot;,&quot;thumbnailURL&quot;:&quot;https:\\\/\\\/portalv1.com.br\\\/app\\\/wp-content\\\/uploads\\\/2024\\\/05\\\/20240531204356_IMG_3571-Copy-400x250.jpg&quot;,&quot;style&quot;:&quot;&quot;},{&quot;thumbcode&quot;:&quot;https:\\\/\\\/portalv1.com.br\\\/app\\\/wp-content\\\/uploads\\\/2024\\\/05\\\/20240531204417_IMG_3573-Copy-400x250.jpg&quot;,&quot;imageURL&quot;:&quot;https:\\\/\\\/portalv1.com.br\\\/app\\\/wp-content\\\/uploads\\\/2024\\\/05\\\/20240531204417_IMG_3573-Copy.jpg&quot;,&quot;pid&quot;:203877,&quot;galleryid&quot;:1,&quot;description&quot;:&quot;&quot;,&quot;alttext&quot;:&quot;Valen\\u00e7a realiza escuta p\\u00fablica com fazedores de cultura sobre a Lei Aldir Blanc 2&quot;,&quot;thumbnailURL&quot;:&quot;https:\\\/\\\/portalv1.com.br\\\/app\\\/wp-content\\\/uploads\\\/2024\\\/05\\\/20240531204417_IMG_3573-Copy-400x250.jpg&quot;,&quot;style&quot;:&quot;&quot;},{&quot;thumbcode&quot;:&quot;https:\\\/\\\/portalv1.com.br\\\/app\\\/wp-content\\\/uploads\\\/2024\\\/05\\\/20240531204428_IMG_3575-Copy-400x250.jpg&quot;,&quot;imageURL&quot;:&quot;https:\\\/\\\/portalv1.com.br\\\/app\\\/wp-content\\\/uploads\\\/2024\\\/05\\\/20240531204428_IMG_3575-Copy.jpg&quot;,&quot;pid&quot;:203878,&quot;galleryid&quot;:1,&quot;description&quot;:&quot;&quot;,&quot;alttext&quot;:&quot;Valen\\u00e7a realiza escuta p\\u00fablica com fazedores de cultura sobre a Lei Aldir Blanc 2&quot;,&quot;thumbnailURL&quot;:&quot;https:\\\/\\\/portalv1.com.br\\\/app\\\/wp-content\\\/uploads\\\/2024\\\/05\\\/20240531204428_IMG_3575-Copy-400x250.jpg&quot;,&quot;style&quot;:&quot;&quot;},{&quot;thumbcode&quot;:&quot;https:\\\/\\\/portalv1.com.br\\\/app\\\/wp-content\\\/uploads\\\/2024\\\/05\\\/20240531204434_IMG_3576-Copy-400x250.jpg&quot;,&quot;imageURL&quot;:&quot;https:\\\/\\\/portalv1.com.br\\\/app\\\/wp-content\\\/uploads\\\/2024\\\/05\\\/20240531204434_IMG_3576-Copy.jpg&quot;,&quot;pid&quot;:203879,&quot;galleryid&quot;:1,&quot;description&quot;:&quot;&quot;,&quot;alttext&quot;:&quot;Valen\\u00e7a realiza escuta p\\u00fablica com fazedores de cultura sobre a Lei Aldir Blanc 2&quot;,&quot;thumbnailURL&quot;:&quot;https:\\\/\\\/portalv1.com.br\\\/app\\\/wp-content\\\/uploads\\\/2024\\\/05\\\/20240531204434_IMG_3576-Copy-400x250.jpg&quot;,&quot;style&quot;:&quot;&quot;},{&quot;thumbcode&quot;:&quot;https:\\\/\\\/portalv1.com.br\\\/app\\\/wp-content\\\/uploads\\\/2024\\\/05\\\/20240531204441_IMG_3577-Copy-400x250.jpg&quot;,&quot;imageURL&quot;:&quot;https:\\\/\\\/portalv1.com.br\\\/app\\\/wp-content\\\/uploads\\\/2024\\\/05\\\/20240531204441_IMG_3577-Copy.jpg&quot;,&quot;pid&quot;:203880,&quot;galleryid&quot;:1,&quot;description&quot;:&quot;&quot;,&quot;alttext&quot;:&quot;Valen\\u00e7a realiza escuta p\\u00fablica com fazedores de cultura sobre a Lei Aldir Blanc 2&quot;,&quot;thumbnailURL&quot;:&quot;https:\\\/\\\/portalv1.com.br\\\/app\\\/wp-content\\\/uploads\\\/2024\\\/05\\\/20240531204441_IMG_3577-Copy-400x250.jpg&quot;,&quot;style&quot;:&quot;&quot;},{&quot;thumbcode&quot;:&quot;https:\\\/\\\/portalv1.com.br\\\/app\\\/wp-content\\\/uploads\\\/2024\\\/05\\\/20240531204447_IMG_3578-Copy-400x250.jpg&quot;,&quot;imageURL&quot;:&quot;https:\\\/\\\/portalv1.com.br\\\/app\\\/wp-content\\\/uploads\\\/2024\\\/05\\\/20240531204447_IMG_3578-Copy.jpg&quot;,&quot;pid&quot;:203881,&quot;galleryid&quot;:1,&quot;description&quot;:&quot;&quot;,&quot;alttext&quot;:&quot;Valen\\u00e7a realiza escuta p\\u00fablica com fazedores de cultura sobre a Lei Aldir Blanc 2&quot;,&quot;thumbnailURL&quot;:&quot;https:\\\/\\\/portalv1.com.br\\\/app\\\/wp-content\\\/uploads\\\/2024\\\/05\\\/20240531204447_IMG_3578-Copy-400x250.jpg&quot;,&quot;style&quot;:&quot;&quot;},{&quot;thumbcode&quot;:&quot;https:\\\/\\\/portalv1.com.br\\\/app\\\/wp-content\\\/uploads\\\/2024\\\/05\\\/20240531204453_IMG_3579-Copy-400x250.jpg&quot;,&quot;imageURL&quot;:&quot;https:\\\/\\\/portalv1.com.br\\\/app\\\/wp-content\\\/uploads\\\/2024\\\/05\\\/20240531204453_IMG_3579-Copy.jpg&quot;,&quot;pid&quot;:203882,&quot;galleryid&quot;:1,&quot;description&quot;:&quot;&quot;,&quot;alttext&quot;:&quot;Valen\\u00e7a realiza escuta p\\u00fablica com fazedores de cultura sobre a Lei Aldir Blanc 2&quot;,&quot;thumbnailURL&quot;:&quot;https:\\\/\\\/portalv1.com.br\\\/app\\\/wp-content\\\/uploads\\\/2024\\\/05\\\/20240531204453_IMG_3579-Copy-400x250.jpg&quot;,&quot;style&quot;:&quot;&quot;},{&quot;thumbcode&quot;:&quot;https:\\\/\\\/portalv1.com.br\\\/app\\\/wp-content\\\/uploads\\\/2024\\\/05\\\/20240531204500_IMG_3580-Copy-400x250.jpg&quot;,&quot;imageURL&quot;:&quot;https:\\\/\\\/portalv1.com.br\\\/app\\\/wp-content\\\/uploads\\\/2024\\\/05\\\/20240531204500_IMG_3580-Copy.jpg&quot;,&quot;pid&quot;:203883,&quot;galleryid&quot;:1,&quot;description&quot;:&quot;&quot;,&quot;alttext&quot;:&quot;Valen\\u00e7a realiza escuta p\\u00fablica com fazedores de cultura sobre a Lei Aldir Blanc 2&quot;,&quot;thumbnailURL&quot;:&quot;https:\\\/\\\/portalv1.com.br\\\/app\\\/wp-content\\\/uploads\\\/2024\\\/05\\\/20240531204500_IMG_3580-Copy-400x250.jpg&quot;,&quot;style&quot;:&quot;&quot;},{&quot;thumbcode&quot;:&quot;https:\\\/\\\/portalv1.com.br\\\/app\\\/wp-content\\\/uploads\\\/2024\\\/05\\\/20240531204507_IMG_3581-Copy-400x250.jpg&quot;,&quot;imageURL&quot;:&quot;https:\\\/\\\/portalv1.com.br\\\/app\\\/wp-content\\\/uploads\\\/2024\\\/05\\\/20240531204507_IMG_3581-Copy.jpg&quot;,&quot;pid&quot;:203884,&quot;galleryid&quot;:1,&quot;description&quot;:&quot;&quot;,&quot;alttext&quot;:&quot;Valen\\u00e7a realiza escuta p\\u00fablica com fazedores de cultura sobre a Lei Aldir Blanc 2&quot;,&quot;thumbnailURL&quot;:&quot;https:\\\/\\\/portalv1.com.br\\\/app\\\/wp-content\\\/uploads\\\/2024\\\/05\\\/20240531204507_IMG_3581-Copy-400x250.jpg&quot;,&quot;style&quot;:&quot;&quot;},{&quot;thumbcode&quot;:&quot;https:\\\/\\\/portalv1.com.br\\\/app\\\/wp-content\\\/uploads\\\/2024\\\/05\\\/20240531204514_IMG_3582-Copy-400x250.jpg&quot;,&quot;imageURL&quot;:&quot;https:\\\/\\\/portalv1.com.br\\\/app\\\/wp-content\\\/uploads\\\/2024\\\/05\\\/20240531204514_IMG_3582-Copy.jpg&quot;,&quot;pid&quot;:203885,&quot;galleryid&quot;:1,&quot;description&quot;:&quot;&quot;,&quot;alttext&quot;:&quot;Valen\\u00e7a realiza escuta p\\u00fablica com fazedores de cultura sobre a Lei Aldir Blanc 2&quot;,&quot;thumbnailURL&quot;:&quot;https:\\\/\\\/portalv1.com.br\\\/app\\\/wp-content\\\/uploads\\\/2024\\\/05\\\/20240531204514_IMG_3582-Copy-400x250.jpg&quot;,&quot;style&quot;:&quot;&quot;},{&quot;thumbcode&quot;:&quot;https:\\\/\\\/portalv1.com.br\\\/app\\\/wp-content\\\/uploads\\\/2024\\\/05\\\/20240531204521_IMG_3584-Copy-400x250.jpg&quot;,&quot;imageURL&quot;:&quot;https:\\\/\\\/portalv1.com.br\\\/app\\\/wp-content\\\/uploads\\\/2024\\\/05\\\/20240531204521_IMG_3584-Copy.jpg&quot;,&quot;pid&quot;:203886,&quot;galleryid&quot;:1,&quot;description&quot;:&quot;&quot;,&quot;alttext&quot;:&quot;Valen\\u00e7a realiza escuta p\\u00fablica com fazedores de cultura sobre a Lei Aldir Blanc 2&quot;,&quot;thumbnailURL&quot;:&quot;https:\\\/\\\/portalv1.com.br\\\/app\\\/wp-content\\\/uploads\\\/2024\\\/05\\\/20240531204521_IMG_3584-Copy-400x250.jpg&quot;,&quot;style&quot;:&quot;&quot;},{&quot;thumbcode&quot;:&quot;https:\\\/\\\/portalv1.com.br\\\/app\\\/wp-content\\\/uploads\\\/2024\\\/05\\\/20240531210434_IMG_3585-Copy-400x250.jpg&quot;,&quot;imageURL&quot;:&quot;https:\\\/\\\/portalv1.com.br\\\/app\\\/wp-content\\\/uploads\\\/2024\\\/05\\\/20240531210434_IMG_3585-Copy.jpg&quot;,&quot;pid&quot;:203887,&quot;galleryid&quot;:1,&quot;description&quot;:&quot;&quot;,&quot;alttext&quot;:&quot;Valen\\u00e7a realiza escuta p\\u00fablica com fazedores de cultura sobre a Lei Aldir Blanc 2&quot;,&quot;thumbnailURL&quot;:&quot;https:\\\/\\\/portalv1.com.br\\\/app\\\/wp-content\\\/uploads\\\/2024\\\/05\\\/20240531210434_IMG_3585-Copy-400x250.jpg&quot;,&quot;style&quot;:&quot;&quot;},{&quot;thumbcode&quot;:&quot;https:\\\/\\\/portalv1.com.br\\\/app\\\/wp-content\\\/uploads\\\/2024\\\/05\\\/20240531212029_IMG_3586-Copy-400x250.jpg&quot;,&quot;imageURL&quot;:&quot;https:\\\/\\\/portalv1.com.br\\\/app\\\/wp-content\\\/uploads\\\/2024\\\/05\\\/20240531212029_IMG_3586-Copy.jpg&quot;,&quot;pid&quot;:203888,&quot;galleryid&quot;:1,&quot;description&quot;:&quot;&quot;,&quot;alttext&quot;:&quot;Valen\\u00e7a realiza escuta p\\u00fablica com fazedores de cultura sobre a Lei Aldir Blanc 2&quot;,&quot;thumbnailURL&quot;:&quot;https:\\\/\\\/portalv1.com.br\\\/app\\\/wp-content\\\/uploads\\\/2024\\\/05\\\/20240531212029_IMG_3586-Copy-400x250.jpg&quot;,&quot;style&quot;:&quot;&quot;},{&quot;thumbcode&quot;:&quot;https:\\\/\\\/portalv1.com.br\\\/app\\\/wp-content\\\/uploads\\\/2024\\\/05\\\/20240531220055_IMG_3591-Copy-400x250.jpg&quot;,&quot;imageURL&quot;:&quot;https:\\\/\\\/portalv1.com.br\\\/app\\\/wp-content\\\/uploads\\\/2024\\\/05\\\/20240531220055_IMG_3591-Copy.jpg&quot;,&quot;pid&quot;:203889,&quot;galleryid&quot;:1,&quot;description&quot;:&quot;&quot;,&quot;alttext&quot;:&quot;Valen\\u00e7a realiza escuta p\\u00fablica com fazedores de cultura sobre a Lei Aldir Blanc 2&quot;,&quot;thumbnailURL&quot;:&quot;https:\\\/\\\/portalv1.com.br\\\/app\\\/wp-content\\\/uploads\\\/2024\\\/05\\\/20240531220055_IMG_3591-Copy-400x250.jpg&quot;,&quot;style&quot;:&quot;&quot;}]}}\"><\/div>\n                  <\/div>\n","protected":false},"excerpt":{"rendered":"<p>A Prefeitura Municipal de Valen\u00e7a do Piau\u00ed, atrav\u00e9s da Secretaria de Cultura e Turismo realizou nesta ter\u00e7a-feira (28), uma escuta p\u00fablica sobre a Lei Aldir Blanc 2 com fazedores de&#8230;<\/p>\n","protected":false},"author":1,"featured_media":203889,"comment_status":"open","ping_status":"open","sticky":false,"template":"","format":"standard","meta":{"ngg_post_thumbnail":0,"footnotes":""},"categories":[243],"tags":[],"class_list":["post-203866","post","type-post","status-publish","format-standard","has-post-thumbnail","hentry","category-geral"],"views":620,"meta_data":{"thumb":"https:\/\/portalv1.com.br\/app\/wp-content\/uploads\/2024\/05\/20240531220055_IMG_3591-Copy.jpg","imagem":{"fullsize":{"url":"https:\/\/portalv1.com.br\/app\/wp-content\/uploads\/2024\/05\/20240531220055_IMG_3591-Copy.jpg","width":1920,"height":1080},"medium":{"url":"https:\/\/portalv1.com.br\/app\/wp-content\/uploads\/2024\/05\/20240531220055_IMG_3591-Copy-300x169.jpg","width":300,"height":169},"large":{"url":"https:\/\/portalv1.com.br\/app\/wp-content\/uploads\/2024\/05\/20240531220055_IMG_3591-Copy-640x360.jpg","width":640,"height":360},"thumbnail":{"url":"https:\/\/portalv1.com.br\/app\/wp-content\/uploads\/2024\/05\/20240531220055_IMG_3591-Copy-100x100.jpg","width":100,"height":100},"medium_large":{"url":"https:\/\/portalv1.com.br\/app\/wp-content\/uploads\/2024\/05\/20240531220055_IMG_3591-Copy-768x432.jpg","width":768,"height":432},"1536x1536":{"url":"https:\/\/portalv1.com.br\/app\/wp-content\/uploads\/2024\/05\/20240531220055_IMG_3591-Copy-1536x864.jpg","width":1536,"height":864}},"data":{"simple":"29\/05\/2024","date_time":"29\/05\/2024 07:04:08","date":"h\u00e1 2 anos"},"chapeu":"Fazedores de Cultura ","source":"slide"},"_links":{"self":[{"href":"https:\/\/portalv1.com.br\/api\/wp\/v2\/posts\/203866","targetHints":{"allow":["GET"]}}],"collection":[{"href":"https:\/\/portalv1.com.br\/api\/wp\/v2\/posts"}],"about":[{"href":"https:\/\/portalv1.com.br\/api\/wp\/v2\/types\/post"}],"author":[{"embeddable":true,"href":"https:\/\/portalv1.com.br\/api\/wp\/v2\/users\/1"}],"replies":[{"embeddable":true,"href":"https:\/\/portalv1.com.br\/api\/wp\/v2\/comments?post=203866"}],"version-history":[{"count":0,"href":"https:\/\/portalv1.com.br\/api\/wp\/v2\/posts\/203866\/revisions"}],"wp:featuredmedia":[{"embeddable":true,"href":"https:\/\/portalv1.com.br\/api\/wp\/v2\/media\/203889"}],"wp:attachment":[{"href":"https:\/\/portalv1.com.br\/api\/wp\/v2\/media?parent=203866"}],"wp:term":[{"taxonomy":"category","embeddable":true,"href":"https:\/\/portalv1.com.br\/api\/wp\/v2\/categories?post=203866"},{"taxonomy":"post_tag","embeddable":true,"href":"https:\/\/portalv1.com.br\/api\/wp\/v2\/tags?post=203866"}],"curies":[{"name":"wp","href":"https:\/\/api.w.org\/{rel}","templated":true}]}}