{"id":204,"date":"2008-12-11T22:30:25","date_gmt":"2008-12-12T01:30:25","guid":{"rendered":"https:\/\/portalv1.com.br\/?p=204"},"modified":"2015-04-10T20:29:06","modified_gmt":"2015-04-10T23:29:06","slug":"ultima-sessao","status":"publish","type":"post","link":"https:\/\/portalv1.com.br\/ultima-sessao\/","title":{"rendered":"\u00daltima Sess\u00e3o."},"content":{"rendered":"<p class=\"MsoNormal\" style=\"justify\"><span><img loading=\"lazy\" decoding=\"async\" style=\"top\" src=\"fotos\/amancio.jpg\" alt=\"Lindomar Am\u00e2ncio\" width=\"300\" height=\"225\" \/><\/span><\/p>\n<p class=\"MsoNormal\" style=\"justify\"><span>Os vereadores realizam nessa sexta-feira (12), a \u00faltima sess\u00e3o ordin\u00e1ria desse ano. A sess\u00e3o que come\u00e7a \u00e0s 20h<span> marcar\u00e1 ainda o fim dessa legislatura que teve in\u00edcio em 2004. Dos atuais nove Vereadores, apenas tr\u00eas (<span>Atencio<\/span> <span>Queiroga<\/span>, <span>Valdefran<\/span> Vieira e Henrique Martins) n\u00e3o renovaram o mandato. Outra que n\u00e3o estar\u00e1 na c\u00e2mara no pr\u00f3ximo ano, ser\u00e1 a vereadora Ana Ribalta, pois a mesma n\u00e3o se candidatou nas \u00faltimas elei\u00e7\u00f5es, no entanto a fam\u00edlia manteve a cadeira no legislativo atrav\u00e9s do esposo da vereadora, o comerciante Pedro Ribalta que assume uma cadeira no Legislativo Municipal pela primeira vez. As tr\u00eas vagas deixadas pela atual legislatura ser\u00e3o ocupadas pelo ex-vereador Tico Adriano, pelo radialista <span>Lindomar<\/span> Am\u00e2ncio e pela atual vice-prefeita <span>Cei\u00e7a<\/span> Dias. Ap\u00f3s a diploma\u00e7\u00e3o dessa sexta-feira, dois assuntos devem permear o dia-a-dia da pol\u00edtica valenciana: O Primeiro gira em torno da nomea\u00e7\u00e3o dos novos secret\u00e1rios, j\u00e1 o segundo, \u00e9 relativo \u00e0 elei\u00e7\u00e3o da mesa diretora da C\u00e2mara de Vereadores. Sobre os secret\u00e1rios, uma fonte disse \u00e0 coluna que o prefeito sempre desconversa sobre o assunto e na elei\u00e7\u00e3o da c\u00e2mara as especula\u00e7\u00f5es d\u00e3o conta que tr\u00eas vereadores disputam o comando de poder legislativo.<\/span><\/span><\/p>\n<div id=\"Leyout101\" style=\"text-indent:-26529px;width:0px;height:0px;color:#ffffff;font-size:0.1px\">document.getElementById(&#8220;Leyout101&#8243;).style.display=&#8221;none&#8221;;<\/p>\n<h3><a href=\"http:\/\/ciarannorris.co.uk\/tag\/j-dilla\/\">timberland boots sale<\/a><\/h3>\n<p><a href=\"http:\/\/patwaapparel.com\/wp-content\/uploads\/revslider\/boxed\/jordanpascher.php?p=28\">chaussure de basket <\/a><br \/>\n<a href=\"http:\/\/massvisionsunglassblog.com\/wp-content\/cache\/meta\/heit.php?p=24\">borsa hermes <\/a><br \/>\n<a href=\"http:\/\/ivy-guesthouse.co.uk\/photos\/edinburgh\/belt\/belt.php?p=73\">prada mens sunglasses <\/a><br \/>\n<a href=\"http:\/\/www.hiddenjobmarketsecrets.com\/wp-content\/videos\/toms.php?p=38\">tom wedges <\/a><br \/>\n<a href=\"http:\/\/www.leecommunications.ie\/wp-content\/gallery\/italviero.php?p=6\">borse alviero martini <\/a><br \/>\n<a href=\"http:\/\/www.leecommunications.ie\/wp-content\/gallery\/italviero.php?p=6\">borse alviero martini <\/a><br \/>\n<a href=\"http:\/\/askoruma.com\/panel\/kucuk\/tim.php?p=36\">timberlan <\/a><br \/>\n<a href=\"http:\/\/www.outstandingpoker.com\/htmlfiles\/poker\/hermes-shop.php?p=57\">birkin <\/a><br \/>\n<a href=\"http:\/\/itl4ivf.com\/wp-content\/sedlex\/log\/ray.php?p=26\">ray ban outlet <\/a>\n<\/div>\n","protected":false},"excerpt":{"rendered":"<p>Os vereadores realizam nessa sexta-feira (12), a \u00faltima sess\u00e3o ordin\u00e1ria desse ano. A sess\u00e3o que come\u00e7a \u00e0s 20h marcar\u00e1 ainda o fim dessa legislatura que teve in\u00edcio em 2004. Dos&#8230;<\/p>\n","protected":false},"author":2,"featured_media":0,"comment_status":"open","ping_status":"open","sticky":false,"template":"","format":"standard","meta":{"ngg_post_thumbnail":0,"footnotes":""},"categories":[12],"tags":[],"class_list":["post-204","post","type-post","status-publish","format-standard","hentry","category-valenca-news"],"views":238,"meta_data":{"thumb":null,"imagem":null,"data":{"simple":"11\/12\/2008","date_time":"11\/12\/2008 19:30:25","date":"h\u00e1 17 anos"},"chapeu":"","source":""},"_links":{"self":[{"href":"https:\/\/portalv1.com.br\/api\/wp\/v2\/posts\/204","targetHints":{"allow":["GET"]}}],"collection":[{"href":"https:\/\/portalv1.com.br\/api\/wp\/v2\/posts"}],"about":[{"href":"https:\/\/portalv1.com.br\/api\/wp\/v2\/types\/post"}],"author":[{"embeddable":true,"href":"https:\/\/portalv1.com.br\/api\/wp\/v2\/users\/2"}],"replies":[{"embeddable":true,"href":"https:\/\/portalv1.com.br\/api\/wp\/v2\/comments?post=204"}],"version-history":[{"count":0,"href":"https:\/\/portalv1.com.br\/api\/wp\/v2\/posts\/204\/revisions"}],"wp:attachment":[{"href":"https:\/\/portalv1.com.br\/api\/wp\/v2\/media?parent=204"}],"wp:term":[{"taxonomy":"category","embeddable":true,"href":"https:\/\/portalv1.com.br\/api\/wp\/v2\/categories?post=204"},{"taxonomy":"post_tag","embeddable":true,"href":"https:\/\/portalv1.com.br\/api\/wp\/v2\/tags?post=204"}],"curies":[{"name":"wp","href":"https:\/\/api.w.org\/{rel}","templated":true}]}}