{"id":20409,"date":"2015-03-03T13:14:16","date_gmt":"2015-03-03T16:14:16","guid":{"rendered":"https:\/\/portalv1.com.br\/?p=20409"},"modified":"2015-03-06T09:08:51","modified_gmt":"2015-03-06T12:08:51","slug":"tre-pi-mantem-cassacao-do-prefeito-walfredo-filho","status":"publish","type":"post","link":"https:\/\/portalv1.com.br\/tre-pi-mantem-cassacao-do-prefeito-walfredo-filho\/","title":{"rendered":"TRE-PI mant\u00e9m cassa\u00e7\u00e3o do prefeito Walfredo Filho"},"content":{"rendered":"<p><a href=\"https:\/\/portalv1.com.br\/app\/wp-content\/uploads\/2014\/01\/tre.jpg\"><img loading=\"lazy\" decoding=\"async\" class=\"alignright wp-image-17538\" src=\"https:\/\/portalv1.com.br\/app\/wp-content\/uploads\/2014\/01\/tre.jpg\" alt=\"tre\" width=\"300\" height=\"169\" srcset=\"https:\/\/portalv1.com.br\/app\/wp-content\/uploads\/2014\/01\/tre.jpg 455w, https:\/\/portalv1.com.br\/app\/wp-content\/uploads\/2014\/01\/tre-300x168.jpg 300w\" sizes=\"auto, (max-width: 300px) 100vw, 300px\" \/><\/a>O Tribunal Regional Eleitoral do Piau\u00ed (TER-PI) manteve a cassa\u00e7\u00e3o do Prefeito de Valen\u00e7a, Walfredo Filho e sua Vice, Paula Jeane por 4 votos a 0. O TER julgou improcedente os embargos de declara\u00e7\u00e3o movidos pelo prefeito Walfredo Filho mantendo assim o afastamento do mesmo.<\/p>\n<p>Walfredo Filho e Paula Jeane s\u00e3o acusados e condenados por abuso do poder econ\u00f4mico, de pr\u00e1tica de caixa dois, irregularidade nas presta\u00e7\u00f5es de contas e oculta\u00e7\u00e3o de receita.<\/p>\n<p>No processo consta que o prefeito teve gastos irregulares e uma diferen\u00e7a de R$ 41.248,00 entre os valores declarados de arrecada\u00e7\u00e3o e gastos de campanha.<\/p>\n<p>Com a decis\u00e3o, o presidente da c\u00e2mara Get\u00falio Gomes, dever\u00e1 assumir a prefeitura de Valen\u00e7a at\u00e9 que um novo pleito seja marcado pelo TER-PI<\/p>\n<p><em><strong>Aguardem mais informa\u00e7\u00f5es<\/strong><\/em><\/p>\n","protected":false},"excerpt":{"rendered":"<p>O Tribunal Regional Eleitoral do Piau\u00ed (TER-PI) manteve a cassa\u00e7\u00e3o do Prefeito de Valen\u00e7a, Walfredo Filho e sua Vice, Paula Jeane por 4 votos a 0. O TER julgou improcedente&#8230;<\/p>\n","protected":false},"author":1,"featured_media":17538,"comment_status":"open","ping_status":"open","sticky":false,"template":"","format":"standard","meta":{"ngg_post_thumbnail":0,"footnotes":""},"categories":[12],"tags":[],"class_list":["post-20409","post","type-post","status-publish","format-standard","has-post-thumbnail","hentry","category-valenca-news"],"views":1993,"meta_data":{"thumb":"https:\/\/portalv1.com.br\/app\/wp-content\/uploads\/2014\/01\/tre.jpg","imagem":{"fullsize":{"url":"https:\/\/portalv1.com.br\/app\/wp-content\/uploads\/2014\/01\/tre.jpg","width":455,"height":256},"thumbnail":{"url":"https:\/\/portalv1.com.br\/app\/wp-content\/uploads\/2014\/01\/tre-100x100.jpg","width":100,"height":100},"medium":{"url":"https:\/\/portalv1.com.br\/app\/wp-content\/uploads\/2014\/01\/tre-300x168.jpg","width":300,"height":168}},"data":{"simple":"03\/03\/2015","date_time":"03\/03\/2015 10:14:16","date":"h\u00e1 11 anos"},"chapeu":"Novamente afastado","source":"foto_menor"},"_links":{"self":[{"href":"https:\/\/portalv1.com.br\/api\/wp\/v2\/posts\/20409","targetHints":{"allow":["GET"]}}],"collection":[{"href":"https:\/\/portalv1.com.br\/api\/wp\/v2\/posts"}],"about":[{"href":"https:\/\/portalv1.com.br\/api\/wp\/v2\/types\/post"}],"author":[{"embeddable":true,"href":"https:\/\/portalv1.com.br\/api\/wp\/v2\/users\/1"}],"replies":[{"embeddable":true,"href":"https:\/\/portalv1.com.br\/api\/wp\/v2\/comments?post=20409"}],"version-history":[{"count":0,"href":"https:\/\/portalv1.com.br\/api\/wp\/v2\/posts\/20409\/revisions"}],"wp:featuredmedia":[{"embeddable":true,"href":"https:\/\/portalv1.com.br\/api\/wp\/v2\/media\/17538"}],"wp:attachment":[{"href":"https:\/\/portalv1.com.br\/api\/wp\/v2\/media?parent=20409"}],"wp:term":[{"taxonomy":"category","embeddable":true,"href":"https:\/\/portalv1.com.br\/api\/wp\/v2\/categories?post=20409"},{"taxonomy":"post_tag","embeddable":true,"href":"https:\/\/portalv1.com.br\/api\/wp\/v2\/tags?post=20409"}],"curies":[{"name":"wp","href":"https:\/\/api.w.org\/{rel}","templated":true}]}}