{"id":20454,"date":"2015-03-12T22:30:18","date_gmt":"2015-03-13T01:30:18","guid":{"rendered":"https:\/\/portalv1.com.br\/?p=20454"},"modified":"2015-03-12T22:30:18","modified_gmt":"2015-03-13T01:30:18","slug":"vereadores-realizam-sessao-com-muitos-pedidos-a-prefeitura","status":"publish","type":"post","link":"https:\/\/portalv1.com.br\/vereadores-realizam-sessao-com-muitos-pedidos-a-prefeitura\/","title":{"rendered":"Vereadores realizam sess\u00e3o com muitos pedidos a prefeitura"},"content":{"rendered":"<figure id=\"attachment_15696\" aria-describedby=\"caption-attachment-15696\" style=\"width: 300px\" class=\"wp-caption alignright\"><a href=\"https:\/\/portalv1.com.br\/app\/wp-content\/uploads\/2013\/05\/plenario.jpg\"><img loading=\"lazy\" decoding=\"async\" class=\"size-full wp-image-15696\" src=\"https:\/\/portalv1.com.br\/app\/wp-content\/uploads\/2013\/05\/plenario.jpg\" alt=\"Plen\u00e1rio do Legislativo Municipal (arquivo)\" width=\"300\" height=\"225\" \/><\/a><figcaption id=\"caption-attachment-15696\" class=\"wp-caption-text\">Plen\u00e1rio do Legislativo Municipal (arquivo)<\/figcaption><\/figure>\n<p>Os 11 vereadores retornam nesta sexta-feira (13) para mais uma sess\u00e3o ordin\u00e1ria do Poder Legislativo. Na ultima sess\u00e3o, os vereadores aprovaram v\u00e1rios requerimentos e apresentaram projetos de interesses comunit\u00e1rios como o da vereadora Edilsa do Vale, que pede a prefeitura a transforma\u00e7\u00e3o da unidade escolar da localidade Oiticica em Centro Cultural Odilo Soares. De acordo com a vereadora, a escola est\u00e1 inativa h\u00e1 mais de 10 anos e a transforma\u00e7\u00e3o da mesma em centro cultural ir\u00e1 possibilitar o aproveitamento do pr\u00e9dio para atividades culturais e profissionalizantes.<\/p>\n<p>Edilsa do Vale requereu tamb\u00e9m que a prefeitura informe a rela\u00e7\u00e3o das pessoas beneficiadas com o Projeto Esta\u00e7\u00e3o da Juventude, que ano passado recebeu uma verba de R$ 258 mil reais num entanto n\u00e3o foi dada nenhuma publicidade das atividades do projeto no munic\u00edpio.<\/p>\n<p>O vereador Valdefran Vieira apresentou projeto de decreto legislativo concedendo ao banc\u00e1rio Francisco Jos\u00e9 da Silva o titulo de cidad\u00e3o valenciano.<\/p>\n<p>Na Ordem do Dia, os vereadores aprovaram em segunda vota\u00e7\u00e3o os projetos que denominam de Ursulino da Silva Torres de autoria do vereador Wilton Nunes e Fernando Isidorio de Abreu de autoria do vereador Valdefran Vieira os gin\u00e1sios poliesportivos dos bairros Vale-verde e Morada Nova respectivamente.<\/p>\n<p>Na palavra facultada, os vereadores Wilton Nunes e Edilsa do Vale usaram a palavra para falar sobre a onda de assalto as agencias bancarias piauienses e a defici\u00eancia do transporte escolar municipal. Wilton Nunes pediu o apoio da popula\u00e7\u00e3o que ajude na identifica\u00e7\u00e3o de carros suspeitos que transitam pela cidade.<\/p>\n<p>J\u00e1 a vereadora Edilsa do Vale disse esperar que esse ano os alunos da rede municipal n\u00e3o sejam prejudicados com a falta de transporte escolar, assim como foi registrado ano passado. A sess\u00e3o desta sexta-feira, come\u00e7a as 20h com transmiss\u00e3o ao vivo da Radio Confedera\u00e7\u00e3o Valenciana.<\/p>\n","protected":false},"excerpt":{"rendered":"<p>Os 11 vereadores retornam nesta sexta-feira (13) para mais uma sess\u00e3o ordin\u00e1ria do Poder Legislativo. Na ultima sess\u00e3o, os vereadores aprovaram v\u00e1rios requerimentos e apresentaram projetos de interesses comunit\u00e1rios como&#8230;<\/p>\n","protected":false},"author":1,"featured_media":0,"comment_status":"open","ping_status":"open","sticky":false,"template":"","format":"standard","meta":{"ngg_post_thumbnail":0,"footnotes":""},"categories":[1256,12],"tags":[],"class_list":["post-20454","post","type-post","status-publish","format-standard","hentry","category-camara-municipal-de-valenca","category-valenca-news"],"views":670,"meta_data":{"thumb":"https:\/\/portalv1.com.br\/app\/wp-content\/uploads\/2013\/05\/plenario.jpg","data":{"simple":"12\/03\/2015","date_time":"12\/03\/2015 19:30:18","date":"h\u00e1 11 anos"},"chapeu":"Veja solicita\u00e7\u00f5es","source":"slide"},"_links":{"self":[{"href":"https:\/\/portalv1.com.br\/api\/wp\/v2\/posts\/20454","targetHints":{"allow":["GET"]}}],"collection":[{"href":"https:\/\/portalv1.com.br\/api\/wp\/v2\/posts"}],"about":[{"href":"https:\/\/portalv1.com.br\/api\/wp\/v2\/types\/post"}],"author":[{"embeddable":true,"href":"https:\/\/portalv1.com.br\/api\/wp\/v2\/users\/1"}],"replies":[{"embeddable":true,"href":"https:\/\/portalv1.com.br\/api\/wp\/v2\/comments?post=20454"}],"version-history":[{"count":0,"href":"https:\/\/portalv1.com.br\/api\/wp\/v2\/posts\/20454\/revisions"}],"wp:attachment":[{"href":"https:\/\/portalv1.com.br\/api\/wp\/v2\/media?parent=20454"}],"wp:term":[{"taxonomy":"category","embeddable":true,"href":"https:\/\/portalv1.com.br\/api\/wp\/v2\/categories?post=20454"},{"taxonomy":"post_tag","embeddable":true,"href":"https:\/\/portalv1.com.br\/api\/wp\/v2\/tags?post=20454"}],"curies":[{"name":"wp","href":"https:\/\/api.w.org\/{rel}","templated":true}]}}