{"id":20456,"date":"2015-03-13T09:32:58","date_gmt":"2015-03-13T12:32:58","guid":{"rendered":"https:\/\/portalv1.com.br\/?p=20456"},"modified":"2015-03-13T09:32:58","modified_gmt":"2015-03-13T12:32:58","slug":"pimenteiras-tem-novo-secretario-de-saude-veja","status":"publish","type":"post","link":"https:\/\/portalv1.com.br\/pimenteiras-tem-novo-secretario-de-saude-veja\/","title":{"rendered":"Pimenteiras tem novo secret\u00e1rio de sa\u00fade. Veja"},"content":{"rendered":"<p>Rayon Mota \u00e9 o novo titular da Secretaria Municipal de Sa\u00fade de Pimenteiras. Rayon Mota j\u00e1 foi empossado e j\u00e1 est\u00e1 em plena atividade na secretaria, uma das mais importantes da gest\u00e3o municipal. O novo secret\u00e1rio chega com a miss\u00e3o de continuar o bom trabalho dos gestores anteriores que conseguiram acobertar todo o munic\u00edpio com a\u00e7\u00f5es de sa\u00fade um dos mais extensos do estado.<\/p>\n<p>Enfermeiro de profiss\u00e3o e natural de Minas Gerais Rayon Mota vem realizando visitas as comunidades para conhecer a estrutura e dar continuidade \u00e0 cobertura medica na zona urbana e rural.<\/p>\n<p>Na ultima segunda-feira (09) ele e a equipe da secretaria fizeram parte da solenidade de comemora\u00e7\u00e3o ao Dia Internacional da Mulher realizada no centro cultural pela SEMAS.<\/p>\n<p><a href=\"https:\/\/portalv1.com.br\/app\/wp-content\/uploads\/2015\/03\/RAYON.jpg\"><img loading=\"lazy\" decoding=\"async\" class=\"alignleft size-large wp-image-20457\" src=\"https:\/\/portalv1.com.br\/app\/wp-content\/uploads\/2015\/03\/RAYON-640x360.jpg\" alt=\"RAYON\" width=\"640\" height=\"360\" srcset=\"https:\/\/portalv1.com.br\/app\/wp-content\/uploads\/2015\/03\/RAYON.jpg 640w, https:\/\/portalv1.com.br\/app\/wp-content\/uploads\/2015\/03\/RAYON-300x169.jpg 300w\" sizes=\"auto, (max-width: 640px) 100vw, 640px\" \/><\/a><\/p>\n<p>&nbsp;<\/p>\n","protected":false},"excerpt":{"rendered":"<p>Rayon Mota \u00e9 o novo titular da Secretaria Municipal de Sa\u00fade de Pimenteiras. Rayon Mota j\u00e1 foi empossado e j\u00e1 est\u00e1 em plena atividade na secretaria, uma das mais importantes&#8230;<\/p>\n","protected":false},"author":1,"featured_media":20457,"comment_status":"open","ping_status":"open","sticky":false,"template":"","format":"standard","meta":{"ngg_post_thumbnail":0,"footnotes":""},"categories":[12],"tags":[],"class_list":["post-20456","post","type-post","status-publish","format-standard","has-post-thumbnail","hentry","category-valenca-news"],"views":620,"meta_data":{"thumb":"https:\/\/portalv1.com.br\/app\/wp-content\/uploads\/2015\/03\/RAYON.jpg","imagem":{"fullsize":{"url":"https:\/\/portalv1.com.br\/app\/wp-content\/uploads\/2015\/03\/RAYON.jpg","width":640,"height":360},"thumbnail":{"url":"https:\/\/portalv1.com.br\/app\/wp-content\/uploads\/2015\/03\/RAYON-100x100.jpg","width":100,"height":100},"medium":{"url":"https:\/\/portalv1.com.br\/app\/wp-content\/uploads\/2015\/03\/RAYON-300x169.jpg","width":300,"height":169},"large":{"url":"https:\/\/portalv1.com.br\/app\/wp-content\/uploads\/2015\/03\/RAYON-640x360.jpg","width":640,"height":360}},"data":{"simple":"13\/03\/2015","date_time":"13\/03\/2015 06:32:58","date":"h\u00e1 11 anos"},"chapeu":"Saude ","source":"m_destacada"},"_links":{"self":[{"href":"https:\/\/portalv1.com.br\/api\/wp\/v2\/posts\/20456","targetHints":{"allow":["GET"]}}],"collection":[{"href":"https:\/\/portalv1.com.br\/api\/wp\/v2\/posts"}],"about":[{"href":"https:\/\/portalv1.com.br\/api\/wp\/v2\/types\/post"}],"author":[{"embeddable":true,"href":"https:\/\/portalv1.com.br\/api\/wp\/v2\/users\/1"}],"replies":[{"embeddable":true,"href":"https:\/\/portalv1.com.br\/api\/wp\/v2\/comments?post=20456"}],"version-history":[{"count":0,"href":"https:\/\/portalv1.com.br\/api\/wp\/v2\/posts\/20456\/revisions"}],"wp:featuredmedia":[{"embeddable":true,"href":"https:\/\/portalv1.com.br\/api\/wp\/v2\/media\/20457"}],"wp:attachment":[{"href":"https:\/\/portalv1.com.br\/api\/wp\/v2\/media?parent=20456"}],"wp:term":[{"taxonomy":"category","embeddable":true,"href":"https:\/\/portalv1.com.br\/api\/wp\/v2\/categories?post=20456"},{"taxonomy":"post_tag","embeddable":true,"href":"https:\/\/portalv1.com.br\/api\/wp\/v2\/tags?post=20456"}],"curies":[{"name":"wp","href":"https:\/\/api.w.org\/{rel}","templated":true}]}}