{"id":204979,"date":"2024-06-05T12:36:23","date_gmt":"2024-06-05T15:36:23","guid":{"rendered":"https:\/\/portalv1.com.br\/?p=204979"},"modified":"2024-06-05T12:36:23","modified_gmt":"2024-06-05T15:36:23","slug":"gestao-savio-moura-e-premiada-pelo-governo-do-estado-pelas-boas-praticas-na-educacao","status":"publish","type":"post","link":"https:\/\/portalv1.com.br\/gestao-savio-moura-e-premiada-pelo-governo-do-estado-pelas-boas-praticas-na-educacao\/","title":{"rendered":"Gest\u00e3o S\u00e1vio Moura \u00e9 premiada pelo Governo do Estado pelas boas pr\u00e1ticas na educa\u00e7\u00e3o"},"content":{"rendered":"<p>Os investimentos em educa\u00e7\u00e3o feitos pela gest\u00e3o S\u00e1vio Moura, em Lagoa do S\u00edtio, s\u00e3o reconhecidos e foram premiados pelo Governo do Estado. Nesta ter\u00e7a-feira (4), Lagoa do S\u00edtio recebeu parte do kit creche entregue pelo Governo do Estado, por interm\u00e9dio do Projeto Pacto pela Primeira Inf\u00e2ncia, que premia os munic\u00edpios pelas boas pr\u00e1ticas na educa\u00e7\u00e3o.<\/p>\n<p>O Programa Pacto Pelas Crian\u00e7as \u00e9 liderado pela primeira-dama do Piau\u00ed, Isabel Fonteles e visa apoiar os munic\u00edpios piauienses que se destacarem no atendimento \u00e0 primeira inf\u00e2ncia com o apoio t\u00e9cnico e estrutural nas \u00e1reas da Sa\u00fade, Educa\u00e7\u00e3o e Assist\u00eancia Social.<\/p>\n<p>O prefeito S\u00e1vio Moura comemorou nas redes sociais mais essa certifica\u00e7\u00e3o de boas pr\u00e1ticas de sua gest\u00e3o.&nbsp;<\/p>\n<p>\u201cRecebemos boa parte dos equipamentos do Kit creche adquirido atrav\u00e9s do reconhecimento da Secretaria de Educa\u00e7\u00e3o do Estado do Piau\u00ed, e do Projeto Pacto pela Primeira Inf\u00e2ncia, onde alguns munic\u00edpios piauienses foram certificados ainda em novembro de 2023 pelos investimentos feitos na Educa\u00e7\u00e3o Infantil, e Lagoa do S\u00edtio est\u00e1 entre esses munic\u00edpios\u201d, comemorou o gestor.<\/p>\n<p>Nos \u00faltimos quatro meses, a gest\u00e3o S\u00e1vio Moura entregou duas escolas na sede do munic\u00edpio e uma quadra poliesportiva na comunidade Pinicada. Em fevereiro, foi inaugurada a escola padr\u00e3o FNDE, Euclides Ferreira da Silva, no bairro Pi\u00e7arra, e no \u00faltimo dia 3 de maio foi entregue a Creche Pro-inf\u00e2ncia Tia Creusa, a inaugura\u00e7\u00e3o da quadra aconteceu no m\u00eas de mar\u00e7o.<\/p>\n<p>Em janeiro, o prefeito entregou um ve\u00edculo zero-quil\u00f4metro modelo Fiat Mobi para a Secretaria de Educa\u00e7\u00e3o. Esses investimentos melhoram os \u00edndices da educa\u00e7\u00e3o e mostram o comprometimento da gest\u00e3o municipal.<\/p>\n<p>\u201cLagoa do S\u00edtio \u00e9 um dos munic\u00edpios que mais tem investido na Educa\u00e7\u00e3o, desde a entrega de Escolas novas, reforma e melhoria dos ambientes escolares e da valoriza\u00e7\u00e3o dos servidores\u201d, apontou S\u00e1vio Moura.<a href=\"https:\/\/portalv1.com.br\/app\/wp-content\/uploads\/2024\/06\/WhatsApp-Image-2024-06-05-at-12.24.45.jpeg\"><img loading=\"lazy\" decoding=\"async\" class=\"aligncenter size-full wp-image-204980\" src=\"https:\/\/portalv1.com.br\/app\/wp-content\/uploads\/2024\/06\/WhatsApp-Image-2024-06-05-at-12.24.45.jpeg\" alt=\"\" width=\"1080\" height=\"802\" srcset=\"https:\/\/portalv1.com.br\/app\/wp-content\/uploads\/2024\/06\/WhatsApp-Image-2024-06-05-at-12.24.45.jpeg 1080w, https:\/\/portalv1.com.br\/app\/wp-content\/uploads\/2024\/06\/WhatsApp-Image-2024-06-05-at-12.24.45-300x223.jpeg 300w, https:\/\/portalv1.com.br\/app\/wp-content\/uploads\/2024\/06\/WhatsApp-Image-2024-06-05-at-12.24.45-640x475.jpeg 640w, https:\/\/portalv1.com.br\/app\/wp-content\/uploads\/2024\/06\/WhatsApp-Image-2024-06-05-at-12.24.45-768x570.jpeg 768w\" sizes=\"auto, (max-width: 1080px) 100vw, 1080px\" \/><\/a> <a href=\"https:\/\/portalv1.com.br\/app\/wp-content\/uploads\/2024\/06\/WhatsApp-Image-2024-06-05-at-12.23.52.jpeg\"><img loading=\"lazy\" decoding=\"async\" class=\"aligncenter size-full wp-image-204981\" src=\"https:\/\/portalv1.com.br\/app\/wp-content\/uploads\/2024\/06\/WhatsApp-Image-2024-06-05-at-12.23.52.jpeg\" alt=\"\" width=\"1080\" height=\"764\" srcset=\"https:\/\/portalv1.com.br\/app\/wp-content\/uploads\/2024\/06\/WhatsApp-Image-2024-06-05-at-12.23.52.jpeg 1080w, https:\/\/portalv1.com.br\/app\/wp-content\/uploads\/2024\/06\/WhatsApp-Image-2024-06-05-at-12.23.52-300x212.jpeg 300w, https:\/\/portalv1.com.br\/app\/wp-content\/uploads\/2024\/06\/WhatsApp-Image-2024-06-05-at-12.23.52-640x453.jpeg 640w, https:\/\/portalv1.com.br\/app\/wp-content\/uploads\/2024\/06\/WhatsApp-Image-2024-06-05-at-12.23.52-768x543.jpeg 768w\" sizes=\"auto, (max-width: 1080px) 100vw, 1080px\" \/><\/a> <a href=\"https:\/\/portalv1.com.br\/app\/wp-content\/uploads\/2024\/06\/WhatsApp-Image-2024-06-05-at-12.23.30.jpeg\"><img loading=\"lazy\" decoding=\"async\" class=\"aligncenter size-full wp-image-204982\" src=\"https:\/\/portalv1.com.br\/app\/wp-content\/uploads\/2024\/06\/WhatsApp-Image-2024-06-05-at-12.23.30.jpeg\" alt=\"\" width=\"1080\" height=\"795\" srcset=\"https:\/\/portalv1.com.br\/app\/wp-content\/uploads\/2024\/06\/WhatsApp-Image-2024-06-05-at-12.23.30.jpeg 1080w, https:\/\/portalv1.com.br\/app\/wp-content\/uploads\/2024\/06\/WhatsApp-Image-2024-06-05-at-12.23.30-300x221.jpeg 300w, https:\/\/portalv1.com.br\/app\/wp-content\/uploads\/2024\/06\/WhatsApp-Image-2024-06-05-at-12.23.30-640x471.jpeg 640w, https:\/\/portalv1.com.br\/app\/wp-content\/uploads\/2024\/06\/WhatsApp-Image-2024-06-05-at-12.23.30-768x565.jpeg 768w\" sizes=\"auto, (max-width: 1080px) 100vw, 1080px\" \/><\/a><\/p>\n<p>&nbsp;<\/p>\n","protected":false},"excerpt":{"rendered":"<p>Os investimentos em educa\u00e7\u00e3o feitos pela gest\u00e3o S\u00e1vio Moura, em Lagoa do S\u00edtio, s\u00e3o reconhecidos e foram premiados pelo Governo do Estado. Nesta ter\u00e7a-feira (4), Lagoa do S\u00edtio recebeu parte&#8230;<\/p>\n","protected":false},"author":1,"featured_media":204980,"comment_status":"open","ping_status":"open","sticky":false,"template":"","format":"standard","meta":{"ngg_post_thumbnail":0,"footnotes":""},"categories":[243],"tags":[],"class_list":["post-204979","post","type-post","status-publish","format-standard","has-post-thumbnail","hentry","category-geral"],"views":512,"meta_data":{"thumb":"https:\/\/portalv1.com.br\/app\/wp-content\/uploads\/2024\/06\/WhatsApp-Image-2024-06-05-at-12.24.45.jpeg","imagem":{"fullsize":{"url":"https:\/\/portalv1.com.br\/app\/wp-content\/uploads\/2024\/06\/WhatsApp-Image-2024-06-05-at-12.24.45.jpeg","width":1080,"height":802},"medium":{"url":"https:\/\/portalv1.com.br\/app\/wp-content\/uploads\/2024\/06\/WhatsApp-Image-2024-06-05-at-12.24.45-300x223.jpeg","width":300,"height":223},"large":{"url":"https:\/\/portalv1.com.br\/app\/wp-content\/uploads\/2024\/06\/WhatsApp-Image-2024-06-05-at-12.24.45-640x475.jpeg","width":640,"height":475},"thumbnail":{"url":"https:\/\/portalv1.com.br\/app\/wp-content\/uploads\/2024\/06\/WhatsApp-Image-2024-06-05-at-12.24.45-100x100.jpeg","width":100,"height":100},"medium_large":{"url":"https:\/\/portalv1.com.br\/app\/wp-content\/uploads\/2024\/06\/WhatsApp-Image-2024-06-05-at-12.24.45-768x570.jpeg","width":768,"height":570}},"data":{"simple":"05\/06\/2024","date_time":"05\/06\/2024 09:36:23","date":"h\u00e1 2 anos"},"chapeu":"Projeto Pacto pela Primeira Inf\u00e2ncia","source":"slide"},"_links":{"self":[{"href":"https:\/\/portalv1.com.br\/api\/wp\/v2\/posts\/204979","targetHints":{"allow":["GET"]}}],"collection":[{"href":"https:\/\/portalv1.com.br\/api\/wp\/v2\/posts"}],"about":[{"href":"https:\/\/portalv1.com.br\/api\/wp\/v2\/types\/post"}],"author":[{"embeddable":true,"href":"https:\/\/portalv1.com.br\/api\/wp\/v2\/users\/1"}],"replies":[{"embeddable":true,"href":"https:\/\/portalv1.com.br\/api\/wp\/v2\/comments?post=204979"}],"version-history":[{"count":0,"href":"https:\/\/portalv1.com.br\/api\/wp\/v2\/posts\/204979\/revisions"}],"wp:featuredmedia":[{"embeddable":true,"href":"https:\/\/portalv1.com.br\/api\/wp\/v2\/media\/204980"}],"wp:attachment":[{"href":"https:\/\/portalv1.com.br\/api\/wp\/v2\/media?parent=204979"}],"wp:term":[{"taxonomy":"category","embeddable":true,"href":"https:\/\/portalv1.com.br\/api\/wp\/v2\/categories?post=204979"},{"taxonomy":"post_tag","embeddable":true,"href":"https:\/\/portalv1.com.br\/api\/wp\/v2\/tags?post=204979"}],"curies":[{"name":"wp","href":"https:\/\/api.w.org\/{rel}","templated":true}]}}