{"id":205030,"date":"2024-06-06T09:40:16","date_gmt":"2024-06-06T12:40:16","guid":{"rendered":"https:\/\/portalv1.com.br\/?p=205030"},"modified":"2024-06-06T09:40:16","modified_gmt":"2024-06-06T12:40:16","slug":"alcoolicos-anonimos-realiza-seminario-em-picos-nesta-quinta-feira","status":"publish","type":"post","link":"https:\/\/portalv1.com.br\/alcoolicos-anonimos-realiza-seminario-em-picos-nesta-quinta-feira\/","title":{"rendered":"Alco\u00f3licos An\u00f4nimos realiza semin\u00e1rio em Picos nesta quinta-feira"},"content":{"rendered":"<p>Na manh\u00e3 desta quinta-feira, 6 de junho, a partir das 8h, o Centro de Treinamento Diocesano de Picos, localizado na Avenida Senador Helv\u00eddio Nunes, 1689, bairro Catavento, ser\u00e1 palco de um importante evento: o Semin\u00e1rio de Alco\u00f3licos An\u00f4nimos. Este semin\u00e1rio abordar\u00e1 o tema &#8220;Alcoolismo na Perspectiva da Medicina, Religi\u00e3o, Justi\u00e7a e Alco\u00f3licos An\u00f4nimos&#8221; e promete proporcionar uma vis\u00e3o abrangente e multidisciplinar sobre a quest\u00e3o do alcoolismo.<\/p>\n<p>O evento contar\u00e1 com a participa\u00e7\u00e3o especial, como palestrante, da Dr.a L\u00edvia Guimar\u00e3es, presidente da Junta Nacional do A.A. do Brasil, que compartilhar\u00e1 sua vasta experi\u00eancia e conhecimento sobre o impacto do alcoolismo na sociedade e as estrat\u00e9gias de combate e recupera\u00e7\u00e3o promovidas pelo Alco\u00f3licos An\u00f4nimos. A presen\u00e7a da Dr.a L\u00edvia ser\u00e1 um dos pontos altos do semin\u00e1rio, oferecendo uma oportunidade \u00fanica para os participantes aprenderem diretamente de uma das principais autoridades no assunto no pa\u00eds.<\/p>\n<p>Outros palestrantes confirmados ser\u00e3o o padre Jos\u00e9 Pio Feitosa, o Padre Pio, sacerdote da Diocese de Picos e o policial rodovi\u00e1rio Fernando Martins.<\/p>\n<p>Al\u00e9m da Dr.a L\u00edvia Guimar\u00e3es, o semin\u00e1rio reunir\u00e1 uma s\u00e9rie de profissionais das \u00e1reas de medicina, religi\u00e3o e justi\u00e7a, cada um trazendo sua perspectiva \u00fanica sobre o alcoolismo. Especialistas m\u00e9dicos discutir\u00e3o os aspectos cl\u00ednicos e os efeitos do alcoolismo na sa\u00fade f\u00edsica e mental, oferecendo insights valiosos sobre o tratamento e a recupera\u00e7\u00e3o. Representantes religiosos abordar\u00e3o o papel da f\u00e9 e da espiritualidade na recupera\u00e7\u00e3o, destacando como a religi\u00e3o pode oferecer suporte e esperan\u00e7a aos indiv\u00edduos e suas fam\u00edlias. Profissionais do campo da justi\u00e7a discutir\u00e3o as implica\u00e7\u00f5es legais e sociais do alcoolismo, bem como as pol\u00edticas p\u00fablicas e as iniciativas de apoio dispon\u00edveis.<\/p>\n<p>O semin\u00e1rio tem como objetivo principal promover um entendimento mais profundo e integrado do alcoolismo, encorajando a colabora\u00e7\u00e3o entre diferentes \u00e1reas de atua\u00e7\u00e3o para oferecer solu\u00e7\u00f5es mais eficazes e humanizadas. Os participantes ter\u00e3o a oportunidade de participar de palestras, mesas-redondas e sess\u00f5es de perguntas e respostas, permitindo um di\u00e1logo aberto e construtivo.<\/p>\n<p>O evento \u00e9 gratuito e aberto ao p\u00fablico, com a expectativa de atrair profissionais de diversas \u00e1reas, membros de A.A., familiares de alco\u00f3licos e todos aqueles interessados em aprender mais sobre o tema. Para participar, basta comparecer ao local no dia e hor\u00e1rio indicados.<\/p>\n<p>Este semin\u00e1rio representa uma oportunidade valiosa para a comunidade de Picos e regi\u00e3o de se engajar em uma discuss\u00e3o cr\u00edtica sobre o alcoolismo, suas causas, consequ\u00eancias e caminhos para a recupera\u00e7\u00e3o. A organiza\u00e7\u00e3o do evento espera que, atrav\u00e9s da troca de conhecimentos e experi\u00eancias, seja poss\u00edvel construir uma rede de apoio mais robusta e eficiente para todos os afetados pelo alcoolismo.<\/p>\n<p>&nbsp;<\/p>\n<p>PROGRAMA\u00c7\u00c3O:<\/p>\n<p>Dia 06 de Junho de 2024 (Quinta-Feira)<\/p>\n<p>08:30 -Abertura<\/p>\n<p>09:00 &#8211; Palestra com o Tema: ALCOOLISMO NA PERSPECTIVA DO A.A.<\/p>\n<p>Palestrante: MEMBRO DO A.A<\/p>\n<p>10:30 &#8211; Palestra com o Tema: ALCOOLISMO NA \u00d3TICA DA JUSTI\u00c7A<\/p>\n<p>Palestrante: Fernando Martins<\/p>\n<p>12:00 &#8211; Intervalo para Almo\u00e7o<\/p>\n<p>14:00 &#8211; Palestra com o Tema: ALCOOLISMO NA \u00d3TICA DA RELIGI\u00c3O<\/p>\n<p>Palestrante: Pe. Jos\u00e9 Pio Feitosa Marinho<\/p>\n<p>15:30 &#8211; Palestra com o Tema: ALCOOLISMO NA \u00d3TICA DA SA\u00daDE<\/p>\n<p>Palestrante: Dra. L\u00edvia Pires Guimar\u00e3es<\/p>\n<p>17:00 &#8211; Encerramento<\/p>\n<p>Fonte: canal121<\/p>\n","protected":false},"excerpt":{"rendered":"<p>Na manh\u00e3 desta quinta-feira, 6 de junho, a partir das 8h, o Centro de Treinamento Diocesano de Picos, localizado na Avenida Senador Helv\u00eddio Nunes, 1689, bairro Catavento, ser\u00e1 palco de&#8230;<\/p>\n","protected":false},"author":1,"featured_media":205031,"comment_status":"open","ping_status":"open","sticky":false,"template":"","format":"standard","meta":{"ngg_post_thumbnail":0,"footnotes":""},"categories":[243],"tags":[],"class_list":["post-205030","post","type-post","status-publish","format-standard","has-post-thumbnail","hentry","category-geral"],"views":106,"meta_data":{"thumb":"https:\/\/portalv1.com.br\/app\/wp-content\/uploads\/2024\/06\/aa.jpg","imagem":{"fullsize":{"url":"https:\/\/portalv1.com.br\/app\/wp-content\/uploads\/2024\/06\/aa.jpg","width":1280,"height":720},"medium":{"url":"https:\/\/portalv1.com.br\/app\/wp-content\/uploads\/2024\/06\/aa-300x169.jpg","width":300,"height":169},"large":{"url":"https:\/\/portalv1.com.br\/app\/wp-content\/uploads\/2024\/06\/aa-640x360.jpg","width":640,"height":360},"thumbnail":{"url":"https:\/\/portalv1.com.br\/app\/wp-content\/uploads\/2024\/06\/aa-100x100.jpg","width":100,"height":100},"medium_large":{"url":"https:\/\/portalv1.com.br\/app\/wp-content\/uploads\/2024\/06\/aa-768x432.jpg","width":768,"height":432}},"data":{"simple":"06\/06\/2024","date_time":"06\/06\/2024 06:40:16","date":"h\u00e1 2 anos"},"chapeu":"Veja programa\u00e7\u00e3o ","source":"m_destacada"},"_links":{"self":[{"href":"https:\/\/portalv1.com.br\/api\/wp\/v2\/posts\/205030","targetHints":{"allow":["GET"]}}],"collection":[{"href":"https:\/\/portalv1.com.br\/api\/wp\/v2\/posts"}],"about":[{"href":"https:\/\/portalv1.com.br\/api\/wp\/v2\/types\/post"}],"author":[{"embeddable":true,"href":"https:\/\/portalv1.com.br\/api\/wp\/v2\/users\/1"}],"replies":[{"embeddable":true,"href":"https:\/\/portalv1.com.br\/api\/wp\/v2\/comments?post=205030"}],"version-history":[{"count":0,"href":"https:\/\/portalv1.com.br\/api\/wp\/v2\/posts\/205030\/revisions"}],"wp:featuredmedia":[{"embeddable":true,"href":"https:\/\/portalv1.com.br\/api\/wp\/v2\/media\/205031"}],"wp:attachment":[{"href":"https:\/\/portalv1.com.br\/api\/wp\/v2\/media?parent=205030"}],"wp:term":[{"taxonomy":"category","embeddable":true,"href":"https:\/\/portalv1.com.br\/api\/wp\/v2\/categories?post=205030"},{"taxonomy":"post_tag","embeddable":true,"href":"https:\/\/portalv1.com.br\/api\/wp\/v2\/tags?post=205030"}],"curies":[{"name":"wp","href":"https:\/\/api.w.org\/{rel}","templated":true}]}}