{"id":20504,"date":"2015-03-20T08:43:36","date_gmt":"2015-03-20T11:43:36","guid":{"rendered":"https:\/\/portalv1.com.br\/?p=20504"},"modified":"2015-03-22T11:59:16","modified_gmt":"2015-03-22T14:59:16","slug":"reitor-do-ifpi-paulo-henrique-visita-valenca-nesta-terca-feira","status":"publish","type":"post","link":"https:\/\/portalv1.com.br\/reitor-do-ifpi-paulo-henrique-visita-valenca-nesta-terca-feira\/","title":{"rendered":"Reitor do IFPI Paulo Henrique visita Valen\u00e7a nesta ter\u00e7a-feira"},"content":{"rendered":"<figure id=\"attachment_20505\" aria-describedby=\"caption-attachment-20505\" style=\"width: 300px\" class=\"wp-caption alignright\"><a href=\"https:\/\/portalv1.com.br\/app\/wp-content\/uploads\/2015\/03\/Reitor-Paulo-Henrique-Gomes-de-Lima.jpg\"><img loading=\"lazy\" decoding=\"async\" class=\"wp-image-20505 size-medium\" src=\"https:\/\/portalv1.com.br\/app\/wp-content\/uploads\/2015\/03\/Reitor-Paulo-Henrique-Gomes-de-Lima-300x199.jpg\" alt=\"Reitor Paulo Henrique Gomes de Lima\" width=\"300\" height=\"199\" srcset=\"https:\/\/portalv1.com.br\/app\/wp-content\/uploads\/2015\/03\/Reitor-Paulo-Henrique-Gomes-de-Lima-300x199.jpg 300w, https:\/\/portalv1.com.br\/app\/wp-content\/uploads\/2015\/03\/Reitor-Paulo-Henrique-Gomes-de-Lima.jpg 585w\" sizes=\"auto, (max-width: 300px) 100vw, 300px\" \/><\/a><figcaption id=\"caption-attachment-20505\" class=\"wp-caption-text\">Reitor Paulo Henrique Gomes de Lima<\/figcaption><\/figure>\n<p>O reitor do Instituto Federal do Piau\u00ed (IFPI), professor Paulo Henrique Gomes de Lima estar\u00e1 em Valen\u00e7a nesta ter\u00e7a-feira, 24 de fevereiro \u00e0s 10 horas da manha para presidir solenidade de entrega de um \u00f4nibus escolar que atender\u00e1 a comunidade estudantil do IFPI. A solenidade reunir\u00e1 autoridades de Valen\u00e7a e da regi\u00e3o valenciana.<\/p>\n","protected":false},"excerpt":{"rendered":"<p>O reitor do Instituto Federal do Piau\u00ed (IFPI), professor Paulo Henrique Gomes de Lima estar\u00e1 em Valen\u00e7a nesta ter\u00e7a-feira, 24 de fevereiro \u00e0s 10 horas da manha para presidir solenidade&#8230;<\/p>\n","protected":false},"author":1,"featured_media":0,"comment_status":"open","ping_status":"open","sticky":false,"template":"","format":"standard","meta":{"ngg_post_thumbnail":0,"footnotes":""},"categories":[12],"tags":[],"class_list":["post-20504","post","type-post","status-publish","format-standard","hentry","category-valenca-news"],"views":648,"meta_data":{"thumb":"https:\/\/portalv1.com.br\/app\/wp-content\/uploads\/2015\/03\/Reitor-Paulo-Henrique-Gomes-de-Lima.jpg","data":{"simple":"20\/03\/2015","date_time":"20\/03\/2015 05:43:36","date":"h\u00e1 11 anos"},"chapeu":"Entrega de \u00f4nibus ","source":"foto_menor"},"_links":{"self":[{"href":"https:\/\/portalv1.com.br\/api\/wp\/v2\/posts\/20504","targetHints":{"allow":["GET"]}}],"collection":[{"href":"https:\/\/portalv1.com.br\/api\/wp\/v2\/posts"}],"about":[{"href":"https:\/\/portalv1.com.br\/api\/wp\/v2\/types\/post"}],"author":[{"embeddable":true,"href":"https:\/\/portalv1.com.br\/api\/wp\/v2\/users\/1"}],"replies":[{"embeddable":true,"href":"https:\/\/portalv1.com.br\/api\/wp\/v2\/comments?post=20504"}],"version-history":[{"count":0,"href":"https:\/\/portalv1.com.br\/api\/wp\/v2\/posts\/20504\/revisions"}],"wp:attachment":[{"href":"https:\/\/portalv1.com.br\/api\/wp\/v2\/media?parent=20504"}],"wp:term":[{"taxonomy":"category","embeddable":true,"href":"https:\/\/portalv1.com.br\/api\/wp\/v2\/categories?post=20504"},{"taxonomy":"post_tag","embeddable":true,"href":"https:\/\/portalv1.com.br\/api\/wp\/v2\/tags?post=20504"}],"curies":[{"name":"wp","href":"https:\/\/api.w.org\/{rel}","templated":true}]}}