{"id":20539,"date":"2015-03-24T23:29:05","date_gmt":"2015-03-25T02:29:05","guid":{"rendered":"https:\/\/portalv1.com.br\/?p=20539"},"modified":"2015-03-26T10:54:46","modified_gmt":"2015-03-26T13:54:46","slug":"diretor-do-hospital-eustaquio-portela-envia-nota-sobre-o-hospital","status":"publish","type":"post","link":"https:\/\/portalv1.com.br\/diretor-do-hospital-eustaquio-portela-envia-nota-sobre-o-hospital\/","title":{"rendered":"Diretor envia nota sobre a situa\u00e7\u00e3o do hospital regional de Valen\u00e7a"},"content":{"rendered":"<p>O diretor do hospital regional Eust\u00e1quio Portela envia nota de esclarecimento em rela\u00e7\u00e3o ao funcionamento do hospital que vem sendo motivos de varias indaga\u00e7\u00f5es nos \u00faltimos dias. Veja a nota enviada pelo diretor que estar\u00e1 concedendo nesta quarta-feira (25) uma entrevista ao meio-dia na Radio Confedera\u00e7\u00e3o Valenciana AM.<\/p>\n<p><strong>NOTA DE ESCLARECIMENTO<\/strong><\/p>\n<p>Com a inten\u00e7\u00e3o de esclarecer alguns fatos divulgados na imprensa local e estadual, quanto ao funcionamento do Hospital Regional Eust\u00e1quio Portela, informamos:<\/p>\n<p>1\u00ba &#8211; Que assumimos a dire\u00e7\u00e3o do Hospital Regional em Janeiro de 2015, a pouco mais de 60 dias, e encontramos a situa\u00e7\u00e3o do hospital n\u00e3o muito diferente dos demais hospitais do Estado do Piau\u00ed, com estrutura f\u00edsica prec\u00e1ria e situa\u00e7\u00e3o financeira insuficiente para sua manuten\u00e7\u00e3o.<\/p>\n<p>2\u00ba &#8211; Embora com todas essas dificuldades estamos imbuindo todos os esfor\u00e7os para manter o funcionamento e melhorar o atendimento aos usu\u00e1rios dos servi\u00e7os do HREP, que vem de toda regi\u00e3o Valenciana. Com o n\u00famero muito reduzido de m\u00e9dicos no quadro efetivo do hospital, pois muitos dos m\u00e9dicos locais ou j\u00e1 se aposentaram ou se recusam a tirar plant\u00e3o, tivemos que buscar em outros munic\u00edpios os m\u00e9dicos para fazer a cobertura dos plant\u00f5es, assim estamos fazendo cobertura de todos os dias da semana sempre com a presen\u00e7a de m\u00e9dicos, salvo alguns casos isolados, em que os profissionais m\u00e9dicos n\u00e3o cumpriram o compromisso acertado com a dire\u00e7\u00e3o do hospital;<\/p>\n<p>3\u00ba &#8211; Com rela\u00e7\u00e3o aos boatos de demoli\u00e7\u00e3o e at\u00e9 mesmo fechamento do hospital, queremos informar que, ao contr\u00e1rio do que est\u00e3o divulgando, o que estamos mesmo \u00e9 tentando resolver problemas herdados de gest\u00f5es anteriores.<\/p>\n<p>Constru\u00edram dois espa\u00e7os, uma sala para o PARTO HUMANIZADO e outra para a amplia\u00e7\u00e3o do centro cir\u00fargico, em cima de uma FOSSA ATIVA, ou seja, em funcionamento e por conseguinte ainda canalizaram a agua utilizada na lavanderia para essa mesma fossa, sendo inevit\u00e1vel o seu comprometimento.<\/p>\n<p>Com isso o piso das salas come\u00e7aram a afundar, causando s\u00e9rios riscos de desabamento das salas. Ao providenciarmos a solu\u00e7\u00e3o para o problema, descobrimos que n\u00e3o haveria condi\u00e7\u00f5es de esvaziar a FOSSA sem quebrar o piso das SALAS. (FOTOS EM ANEXO)<\/p>\n<p>Ao percebermos a gravidade da situa\u00e7\u00e3o comunicamos o fato a SECRETARIA DE SAUDE, que de pronto enviou uma equipe t\u00e9cnica para avaliar as condi\u00e7\u00f5es da estrutura f\u00edsica e ap\u00f3s essa analise, com a presen\u00e7a do PROMOTOR Dr. Sinobilino, os engenheiros emitiram uma NOTA TECNICA que segue para conhecimento de todos.<\/p>\n<p>Mas ainda com toda essa situa\u00e7\u00e3o, que n\u00e3o fomos n\u00f3s que criamos, queremos afirmar a todas as pessoas que os servi\u00e7os funcionaram normalmente. J\u00e1 instalamos a SALA DE PARTO HUMANIZADO num novo ambiente e todas as cirurgias eletivas pr\u00e9-agendadas ser\u00e3o fielmente realizadas, assim como todos os casos de emerg\u00eancias ter\u00e3o seu atendimento garantido.<\/p>\n<p>Embora ainda encontrando alguns v\u00edcios de funcionamento, o nosso prop\u00f3sito \u00e9 tornar o HOSPITAL REGIONAL num servi\u00e7o de excel\u00eancia, onde todas as pessoas ser\u00e3o bem atendidas e os casos mais complexos ser\u00e3o encaminhados para o servi\u00e7o de regula\u00e7\u00e3o com todo o apoio log\u00edstico de nossa parte.<\/p>\n<p>Finalmente queremos, em resposta a boatos, informar que em nenhum momento de nossa gest\u00e3o chegou a faltar medicamento ou qualquer outro material hospitalar ou de consumo, ao contr\u00e1rio, pagamos todas as d\u00edvidas com os fornecedores da gest\u00e3o anterior e estamos mantendo o fornecimento regular de todos os bens e servi\u00e7os necess\u00e1rios para o bom funcionamento do HOSPITAL.\u00a0<a href=\"https:\/\/portalv1.com.br\/app\/wp-content\/uploads\/2015\/03\/CLIQUE-AQUI-E-VEJA-O-RELATORIO-DE-VISTORIA-TECNICA.pdf\">CLIQUE AQUI E VEJA O RELATORIO DE VISTORIA TECNICA<\/a><\/p>\n<p>Atenciosamente,<\/p>\n<p><strong>Jos\u00e9 Ad\u00e3o da Silva Filho<\/strong><\/p>\n<p><strong>Diretor Geral do HREP<\/strong><\/p>\n<p>&nbsp;<\/p>\n<p><strong><div class=\"ngg-galleryoverview\" data-widget=\"Galeria\" data-props='{&quot;galeria&quot;:{&quot;gallery_id&quot;:1762,&quot;total&quot;:12,&quot;max_page&quot;:1,&quot;page&quot;:1,&quot;images&quot;:[{&quot;pid&quot;:36552,&quot;imageURL&quot;:&quot;https:\\\/\\\/portalv1.com.br\\\/app\\\/wp-content\\\/gallery\\\/hospital-oficial\\\/img-20150324-wa0018.jpg?t=1705931397&quot;,&quot;thumbnailURL&quot;:&quot;https:\\\/\\\/portalv1.com.br\\\/app\\\/wp-content\\\/gallery\\\/hospital-oficial\\\/thumbs\\\/thumbs_img-20150324-wa0018.jpg?t=1705931397&quot;,&quot;description&quot;:&quot; &quot;,&quot;alttext&quot;:&quot;img-20150324-wa0018&quot;,&quot;style&quot;:&quot;&quot;},{&quot;pid&quot;:36553,&quot;imageURL&quot;:&quot;https:\\\/\\\/portalv1.com.br\\\/app\\\/wp-content\\\/gallery\\\/hospital-oficial\\\/img-20150324-wa0019.jpg?t=1705931381&quot;,&quot;thumbnailURL&quot;:&quot;https:\\\/\\\/portalv1.com.br\\\/app\\\/wp-content\\\/gallery\\\/hospital-oficial\\\/thumbs\\\/thumbs_img-20150324-wa0019.jpg?t=1705931381&quot;,&quot;description&quot;:&quot; &quot;,&quot;alttext&quot;:&quot;img-20150324-wa0019&quot;,&quot;style&quot;:&quot;&quot;},{&quot;pid&quot;:36554,&quot;imageURL&quot;:&quot;https:\\\/\\\/portalv1.com.br\\\/app\\\/wp-content\\\/gallery\\\/hospital-oficial\\\/img-20150324-wa0020.jpg?t=1705931630&quot;,&quot;thumbnailURL&quot;:&quot;https:\\\/\\\/portalv1.com.br\\\/app\\\/wp-content\\\/gallery\\\/hospital-oficial\\\/thumbs\\\/thumbs_img-20150324-wa0020.jpg?t=1705931630&quot;,&quot;description&quot;:&quot; &quot;,&quot;alttext&quot;:&quot;img-20150324-wa0020&quot;,&quot;style&quot;:&quot;&quot;},{&quot;pid&quot;:36555,&quot;imageURL&quot;:&quot;https:\\\/\\\/portalv1.com.br\\\/app\\\/wp-content\\\/gallery\\\/hospital-oficial\\\/img-20150324-wa0022.jpg?t=1705935245&quot;,&quot;thumbnailURL&quot;:&quot;https:\\\/\\\/portalv1.com.br\\\/app\\\/wp-content\\\/gallery\\\/hospital-oficial\\\/thumbs\\\/thumbs_img-20150324-wa0022.jpg?t=1705935245&quot;,&quot;description&quot;:&quot; &quot;,&quot;alttext&quot;:&quot;img-20150324-wa0022&quot;,&quot;style&quot;:&quot;&quot;},{&quot;pid&quot;:36556,&quot;imageURL&quot;:&quot;https:\\\/\\\/portalv1.com.br\\\/app\\\/wp-content\\\/gallery\\\/hospital-oficial\\\/img-20150324-wa0023.jpg?t=1705931389&quot;,&quot;thumbnailURL&quot;:&quot;https:\\\/\\\/portalv1.com.br\\\/app\\\/wp-content\\\/gallery\\\/hospital-oficial\\\/thumbs\\\/thumbs_img-20150324-wa0023.jpg?t=1705931389&quot;,&quot;description&quot;:&quot; &quot;,&quot;alttext&quot;:&quot;img-20150324-wa0023&quot;,&quot;style&quot;:&quot;&quot;},{&quot;pid&quot;:36557,&quot;imageURL&quot;:&quot;https:\\\/\\\/portalv1.com.br\\\/app\\\/wp-content\\\/gallery\\\/hospital-oficial\\\/img-20150324-wa0024.jpg?t=1705931412&quot;,&quot;thumbnailURL&quot;:&quot;https:\\\/\\\/portalv1.com.br\\\/app\\\/wp-content\\\/gallery\\\/hospital-oficial\\\/thumbs\\\/thumbs_img-20150324-wa0024.jpg?t=1705931412&quot;,&quot;description&quot;:&quot; &quot;,&quot;alttext&quot;:&quot;img-20150324-wa0024&quot;,&quot;style&quot;:&quot;&quot;},{&quot;pid&quot;:36558,&quot;imageURL&quot;:&quot;https:\\\/\\\/portalv1.com.br\\\/app\\\/wp-content\\\/gallery\\\/hospital-oficial\\\/img-20150324-wa0025.jpg?t=1705935229&quot;,&quot;thumbnailURL&quot;:&quot;https:\\\/\\\/portalv1.com.br\\\/app\\\/wp-content\\\/gallery\\\/hospital-oficial\\\/thumbs\\\/thumbs_img-20150324-wa0025.jpg?t=1705935229&quot;,&quot;description&quot;:&quot; &quot;,&quot;alttext&quot;:&quot;img-20150324-wa0025&quot;,&quot;style&quot;:&quot;&quot;},{&quot;pid&quot;:36559,&quot;imageURL&quot;:&quot;https:\\\/\\\/portalv1.com.br\\\/app\\\/wp-content\\\/gallery\\\/hospital-oficial\\\/img-20150324-wa0026.jpg?t=1705935237&quot;,&quot;thumbnailURL&quot;:&quot;https:\\\/\\\/portalv1.com.br\\\/app\\\/wp-content\\\/gallery\\\/hospital-oficial\\\/thumbs\\\/thumbs_img-20150324-wa0026.jpg?t=1705935237&quot;,&quot;description&quot;:&quot; &quot;,&quot;alttext&quot;:&quot;img-20150324-wa0026&quot;,&quot;style&quot;:&quot;&quot;},{&quot;pid&quot;:36560,&quot;imageURL&quot;:&quot;https:\\\/\\\/portalv1.com.br\\\/app\\\/wp-content\\\/gallery\\\/hospital-oficial\\\/img-20150324-wa0027.jpg?t=1705933433&quot;,&quot;thumbnailURL&quot;:&quot;https:\\\/\\\/portalv1.com.br\\\/app\\\/wp-content\\\/gallery\\\/hospital-oficial\\\/thumbs\\\/thumbs_img-20150324-wa0027.jpg?t=1705933433&quot;,&quot;description&quot;:&quot; &quot;,&quot;alttext&quot;:&quot;img-20150324-wa0027&quot;,&quot;style&quot;:&quot;&quot;},{&quot;pid&quot;:36561,&quot;imageURL&quot;:&quot;https:\\\/\\\/portalv1.com.br\\\/app\\\/wp-content\\\/gallery\\\/hospital-oficial\\\/img-20150324-wa0028.jpg?t=1705929812&quot;,&quot;thumbnailURL&quot;:&quot;https:\\\/\\\/portalv1.com.br\\\/app\\\/wp-content\\\/gallery\\\/hospital-oficial\\\/thumbs\\\/thumbs_img-20150324-wa0028.jpg?t=1705929812&quot;,&quot;description&quot;:&quot; &quot;,&quot;alttext&quot;:&quot;img-20150324-wa0028&quot;,&quot;style&quot;:&quot;&quot;},{&quot;pid&quot;:36562,&quot;imageURL&quot;:&quot;https:\\\/\\\/portalv1.com.br\\\/app\\\/wp-content\\\/gallery\\\/hospital-oficial\\\/img-20150324-wa0029.jpg?t=1705931373&quot;,&quot;thumbnailURL&quot;:&quot;https:\\\/\\\/portalv1.com.br\\\/app\\\/wp-content\\\/gallery\\\/hospital-oficial\\\/thumbs\\\/thumbs_img-20150324-wa0029.jpg?t=1705931373&quot;,&quot;description&quot;:&quot; &quot;,&quot;alttext&quot;:&quot;img-20150324-wa0029&quot;,&quot;style&quot;:&quot;&quot;},{&quot;pid&quot;:36563,&quot;imageURL&quot;:&quot;https:\\\/\\\/portalv1.com.br\\\/app\\\/wp-content\\\/gallery\\\/hospital-oficial\\\/img-20150324-wa0032.jpg?t=1705931638&quot;,&quot;thumbnailURL&quot;:&quot;https:\\\/\\\/portalv1.com.br\\\/app\\\/wp-content\\\/gallery\\\/hospital-oficial\\\/thumbs\\\/thumbs_img-20150324-wa0032.jpg?t=1705931638&quot;,&quot;description&quot;:&quot; &quot;,&quot;alttext&quot;:&quot;img-20150324-wa0032&quot;,&quot;style&quot;:&quot;&quot;}]}}'><\/div><\/strong>.<\/p>\n","protected":false},"excerpt":{"rendered":"<p>O diretor do hospital regional Eust\u00e1quio Portela envia nota de esclarecimento em rela\u00e7\u00e3o ao funcionamento do hospital que vem sendo motivos de varias indaga\u00e7\u00f5es nos \u00faltimos dias. Veja a nota&#8230;<\/p>\n","protected":false},"author":1,"featured_media":20081,"comment_status":"open","ping_status":"open","sticky":false,"template":"","format":"standard","meta":{"ngg_post_thumbnail":0,"footnotes":""},"categories":[12],"tags":[],"class_list":["post-20539","post","type-post","status-publish","format-standard","has-post-thumbnail","hentry","category-valenca-news"],"views":1403,"meta_data":{"thumb":"https:\/\/portalv1.com.br\/app\/wp-content\/uploads\/2015\/01\/jose-filho.jpg","imagem":{"fullsize":{"url":"https:\/\/portalv1.com.br\/app\/wp-content\/uploads\/2015\/01\/jose-filho.jpg","width":640,"height":480},"thumbnail":{"url":"https:\/\/portalv1.com.br\/app\/wp-content\/uploads\/2015\/01\/jose-filho-100x100.jpg","width":100,"height":100},"medium":{"url":"https:\/\/portalv1.com.br\/app\/wp-content\/uploads\/2015\/01\/jose-filho-300x225.jpg","width":300,"height":225},"large":{"url":"https:\/\/portalv1.com.br\/app\/wp-content\/uploads\/2015\/01\/jose-filho-640x480.jpg","width":640,"height":480}},"data":{"simple":"24\/03\/2015","date_time":"24\/03\/2015 20:29:05","date":"h\u00e1 11 anos"},"chapeu":"Veja fotos e relat\u00f3rio ","source":"foto_menor"},"_links":{"self":[{"href":"https:\/\/portalv1.com.br\/api\/wp\/v2\/posts\/20539","targetHints":{"allow":["GET"]}}],"collection":[{"href":"https:\/\/portalv1.com.br\/api\/wp\/v2\/posts"}],"about":[{"href":"https:\/\/portalv1.com.br\/api\/wp\/v2\/types\/post"}],"author":[{"embeddable":true,"href":"https:\/\/portalv1.com.br\/api\/wp\/v2\/users\/1"}],"replies":[{"embeddable":true,"href":"https:\/\/portalv1.com.br\/api\/wp\/v2\/comments?post=20539"}],"version-history":[{"count":0,"href":"https:\/\/portalv1.com.br\/api\/wp\/v2\/posts\/20539\/revisions"}],"wp:featuredmedia":[{"embeddable":true,"href":"https:\/\/portalv1.com.br\/api\/wp\/v2\/media\/20081"}],"wp:attachment":[{"href":"https:\/\/portalv1.com.br\/api\/wp\/v2\/media?parent=20539"}],"wp:term":[{"taxonomy":"category","embeddable":true,"href":"https:\/\/portalv1.com.br\/api\/wp\/v2\/categories?post=20539"},{"taxonomy":"post_tag","embeddable":true,"href":"https:\/\/portalv1.com.br\/api\/wp\/v2\/tags?post=20539"}],"curies":[{"name":"wp","href":"https:\/\/api.w.org\/{rel}","templated":true}]}}