{"id":20550,"date":"2015-03-26T10:51:07","date_gmt":"2015-03-26T13:51:07","guid":{"rendered":"https:\/\/portalv1.com.br\/?p=20550"},"modified":"2015-03-27T10:26:37","modified_gmt":"2015-03-27T13:26:37","slug":"policia-militar-realiza-reuniao-com-policiais-da-regiao-valenciana","status":"publish","type":"post","link":"https:\/\/portalv1.com.br\/policia-militar-realiza-reuniao-com-policiais-da-regiao-valenciana\/","title":{"rendered":"Policia Militar realiza reuni\u00e3o com policiais da regi\u00e3o Valenciana"},"content":{"rendered":"<figure id=\"attachment_20551\" aria-describedby=\"caption-attachment-20551\" style=\"width: 300px\" class=\"wp-caption alignright\"><a href=\"https:\/\/portalv1.com.br\/app\/wp-content\/uploads\/2015\/03\/policia-militar.jpg\"><img loading=\"lazy\" decoding=\"async\" class=\"size-medium wp-image-20551\" src=\"https:\/\/portalv1.com.br\/app\/wp-content\/uploads\/2015\/03\/policia-militar-300x200.jpg\" alt=\"Policia Militar \" width=\"300\" height=\"200\" srcset=\"https:\/\/portalv1.com.br\/app\/wp-content\/uploads\/2015\/03\/policia-militar-300x200.jpg 300w, https:\/\/portalv1.com.br\/app\/wp-content\/uploads\/2015\/03\/policia-militar.jpg 640w\" sizes=\"auto, (max-width: 300px) 100vw, 300px\" \/><\/a><figcaption id=\"caption-attachment-20551\" class=\"wp-caption-text\">Policia Militar<\/figcaption><\/figure>\n<p>A 2\u00aa Companhia do 4\u00ba Batalh\u00e3o de Policia Militar em Valen\u00e7a reuniu seus policiais para fazer um diagnostico da situa\u00e7\u00e3o em todas as cidades jurisdicionadas. A reuni\u00e3o contou com a presen\u00e7a de militares da regi\u00e3o que expuseram as dificuldades encontradas nos GPM como a falta de pessoal e de estrutura das unidades.<\/p>\n<p>A reuni\u00e3o fechada foi realizada na c\u00e2mara municipal e foi conduzida pelo tenente coronel o valenciano Antoni Soares e pelo comandante da 2\u00aa CIA capit\u00e3o Antonio Santos.<\/p>\n<p>Ap\u00f3s a reuni\u00e3o foi redigido um documento que ser\u00e1 encaminhado ao comando para tomar as medidas necess\u00e1rias no sentido de resolver os problemas da companhia de policia.<\/p>\n<p><strong><div class=\"ngg-galleryoverview\" data-widget=\"Galeria\" data-props='{&quot;galeria&quot;:{&quot;gallery_id&quot;:1764,&quot;total&quot;:3,&quot;max_page&quot;:1,&quot;page&quot;:1,&quot;images&quot;:[{&quot;pid&quot;:36570,&quot;imageURL&quot;:&quot;https:\\\/\\\/portalv1.com.br\\\/app\\\/wp-content\\\/gallery\\\/policia_3\\\/dsc_0602.jpg?t=1705155035&quot;,&quot;thumbnailURL&quot;:&quot;https:\\\/\\\/portalv1.com.br\\\/app\\\/wp-content\\\/gallery\\\/policia_3\\\/thumbs\\\/thumbs_dsc_0602.jpg?t=1705155035&quot;,&quot;description&quot;:&quot; &quot;,&quot;alttext&quot;:&quot;dsc_0602&quot;,&quot;style&quot;:&quot;&quot;},{&quot;pid&quot;:36571,&quot;imageURL&quot;:&quot;https:\\\/\\\/portalv1.com.br\\\/app\\\/wp-content\\\/gallery\\\/policia_3\\\/dsc_0607.jpg?t=1705156135&quot;,&quot;thumbnailURL&quot;:&quot;https:\\\/\\\/portalv1.com.br\\\/app\\\/wp-content\\\/gallery\\\/policia_3\\\/thumbs\\\/thumbs_dsc_0607.jpg?t=1705156135&quot;,&quot;description&quot;:&quot; &quot;,&quot;alttext&quot;:&quot;dsc_0607&quot;,&quot;style&quot;:&quot;&quot;},{&quot;pid&quot;:36572,&quot;imageURL&quot;:&quot;https:\\\/\\\/portalv1.com.br\\\/app\\\/wp-content\\\/gallery\\\/policia_3\\\/dsc_0610.jpg?t=1705155389&quot;,&quot;thumbnailURL&quot;:&quot;https:\\\/\\\/portalv1.com.br\\\/app\\\/wp-content\\\/gallery\\\/policia_3\\\/thumbs\\\/thumbs_dsc_0610.jpg?t=1705155389&quot;,&quot;description&quot;:&quot; &quot;,&quot;alttext&quot;:&quot;dsc_0610&quot;,&quot;style&quot;:&quot;&quot;}]}}'><\/div><\/strong>.<\/p>\n","protected":false},"excerpt":{"rendered":"<p>A 2\u00aa Companhia do 4\u00ba Batalh\u00e3o de Policia Militar em Valen\u00e7a reuniu seus policiais para fazer um diagnostico da situa\u00e7\u00e3o em todas as cidades jurisdicionadas. A reuni\u00e3o contou com a&#8230;<\/p>\n","protected":false},"author":1,"featured_media":0,"comment_status":"open","ping_status":"open","sticky":false,"template":"","format":"standard","meta":{"ngg_post_thumbnail":0,"footnotes":""},"categories":[12],"tags":[],"class_list":["post-20550","post","type-post","status-publish","format-standard","hentry","category-valenca-news"],"views":643,"meta_data":{"thumb":"https:\/\/portalv1.com.br\/app\/wp-content\/uploads\/2015\/03\/policia-militar.jpg","data":{"simple":"26\/03\/2015","date_time":"26\/03\/2015 07:51:07","date":"h\u00e1 11 anos"},"chapeu":"Planejamento","source":"foto_menor"},"_links":{"self":[{"href":"https:\/\/portalv1.com.br\/api\/wp\/v2\/posts\/20550","targetHints":{"allow":["GET"]}}],"collection":[{"href":"https:\/\/portalv1.com.br\/api\/wp\/v2\/posts"}],"about":[{"href":"https:\/\/portalv1.com.br\/api\/wp\/v2\/types\/post"}],"author":[{"embeddable":true,"href":"https:\/\/portalv1.com.br\/api\/wp\/v2\/users\/1"}],"replies":[{"embeddable":true,"href":"https:\/\/portalv1.com.br\/api\/wp\/v2\/comments?post=20550"}],"version-history":[{"count":0,"href":"https:\/\/portalv1.com.br\/api\/wp\/v2\/posts\/20550\/revisions"}],"wp:attachment":[{"href":"https:\/\/portalv1.com.br\/api\/wp\/v2\/media?parent=20550"}],"wp:term":[{"taxonomy":"category","embeddable":true,"href":"https:\/\/portalv1.com.br\/api\/wp\/v2\/categories?post=20550"},{"taxonomy":"post_tag","embeddable":true,"href":"https:\/\/portalv1.com.br\/api\/wp\/v2\/tags?post=20550"}],"curies":[{"name":"wp","href":"https:\/\/api.w.org\/{rel}","templated":true}]}}