{"id":206048,"date":"2024-06-14T12:24:07","date_gmt":"2024-06-14T15:24:07","guid":{"rendered":"https:\/\/portalv1.com.br\/?p=206048"},"modified":"2024-06-14T12:24:07","modified_gmt":"2024-06-14T15:24:07","slug":"governo-do-estado-cria-comissao-interinstitucional-de-educacao-ambiental","status":"publish","type":"post","link":"https:\/\/portalv1.com.br\/governo-do-estado-cria-comissao-interinstitucional-de-educacao-ambiental\/","title":{"rendered":"Governo do Estado cria Comiss\u00e3o Interinstitucional de Educa\u00e7\u00e3o Ambiental"},"content":{"rendered":"<p>Para fortalecer as a\u00e7\u00f5es de educa\u00e7\u00e3o ambiental em todo o estado, conforme os arts. 16 e 17 da Lei n\u00ba 8.100, que institui a Pol\u00edtica Estadual de Educa\u00e7\u00e3o Ambiental, o Governo do Piau\u00ed criou a Comiss\u00e3o Interinstitucional de Educa\u00e7\u00e3o Ambiental do Estado do Piau\u00ed (Ciea-PI), vinculada \u00e0s secretarias estaduais do Meio Ambiente e Recursos H\u00eddricos (Semarh) e da Educa\u00e7\u00e3o (Seduc).<\/p>\n<p>Institu\u00edda pelo Decreto n\u00ba 23.049, a Comiss\u00e3o tem a miss\u00e3o de fazer a coordena\u00e7\u00e3o executiva da Pol\u00edtica e do Plano Estadual de Educa\u00e7\u00e3o Ambiental, interligando as atividades relacionadas a essa tem\u00e1tica de educa\u00e7\u00e3o ambiental no Piau\u00ed, e de propor normas aos Conselhos Estaduais de Meio Ambiente, de Recursos H\u00eddricos, de Educa\u00e7\u00e3o e de Saneamento B\u00e1sico.<\/p>\n<p>\u201cA a\u00e7\u00e3o \u00e9 um compromisso de gest\u00e3o do governador Rafael Fonteles, coordenado pela Semarh, de fortalecer a sinergia entre a Semarh e Seduc nas a\u00e7\u00f5es de educa\u00e7\u00e3o ambiental\u201d, explica o gerente do Centro de Educa\u00e7\u00e3o Ambiental da Semarh, professor Marcelo Amorim.<\/p>\n<p>O professor ainda complementa que a Comiss\u00e3o pretende fomentar parcerias entre institui\u00e7\u00f5es governamentais, n\u00e3o governamentais, institui\u00e7\u00f5es educacionais, empresas, entidades de classe, organiza\u00e7\u00f5es comunit\u00e1rias e demais entidades que tenham interesse na \u00e1rea de educa\u00e7\u00e3o ambiental e estimular, fortalecer, acompanhar e avaliar a implementa\u00e7\u00e3o da Pol\u00edtica Nacional de Educa\u00e7\u00e3o Ambiental e da Pol\u00edtica Estadual de Educa\u00e7\u00e3o Ambiental no Estado.<\/p>\n<p>Ao mesmo tempo, as secretarias j\u00e1 desenvolvem diversas atividades por meio do programa ECO EducA\u00c7\u00c3O, criado em 2023, com o objetivo de criar um planejamento de a\u00e7\u00f5es para a qualifica\u00e7\u00e3o de professores e toda a comunidade escolar, para implantar a educa\u00e7\u00e3o ambiental de forma integrada, permanente e cont\u00ednua no sistema de ensino p\u00fablico estadual do Piau\u00ed.<\/p>\n","protected":false},"excerpt":{"rendered":"<p>Para fortalecer as a\u00e7\u00f5es de educa\u00e7\u00e3o ambiental em todo o estado, conforme os arts. 16 e 17 da Lei n\u00ba 8.100, que institui a Pol\u00edtica Estadual de Educa\u00e7\u00e3o Ambiental, o&#8230;<\/p>\n","protected":false},"author":1,"featured_media":137172,"comment_status":"open","ping_status":"open","sticky":false,"template":"","format":"standard","meta":{"ngg_post_thumbnail":0,"footnotes":""},"categories":[243],"tags":[],"class_list":["post-206048","post","type-post","status-publish","format-standard","has-post-thumbnail","hentry","category-geral"],"views":79,"meta_data":{"thumb":"https:\/\/portalv1.com.br\/app\/wp-content\/uploads\/2023\/01\/rafael.jpeg","imagem":{"fullsize":{"url":"https:\/\/portalv1.com.br\/app\/wp-content\/uploads\/2023\/01\/rafael.jpeg","width":730,"height":487},"medium":{"url":"https:\/\/portalv1.com.br\/app\/wp-content\/uploads\/2023\/01\/rafael-300x200.jpeg","width":300,"height":200},"large":{"url":"https:\/\/portalv1.com.br\/app\/wp-content\/uploads\/2023\/01\/rafael-640x427.jpeg","width":640,"height":427},"thumbnail":{"url":"https:\/\/portalv1.com.br\/app\/wp-content\/uploads\/2023\/01\/rafael-100x100.jpeg","width":100,"height":100}},"data":{"simple":"14\/06\/2024","date_time":"14\/06\/2024 09:24:07","date":"h\u00e1 2 anos"},"chapeu":"Veja detalhes ","source":"m_destacada"},"_links":{"self":[{"href":"https:\/\/portalv1.com.br\/api\/wp\/v2\/posts\/206048","targetHints":{"allow":["GET"]}}],"collection":[{"href":"https:\/\/portalv1.com.br\/api\/wp\/v2\/posts"}],"about":[{"href":"https:\/\/portalv1.com.br\/api\/wp\/v2\/types\/post"}],"author":[{"embeddable":true,"href":"https:\/\/portalv1.com.br\/api\/wp\/v2\/users\/1"}],"replies":[{"embeddable":true,"href":"https:\/\/portalv1.com.br\/api\/wp\/v2\/comments?post=206048"}],"version-history":[{"count":0,"href":"https:\/\/portalv1.com.br\/api\/wp\/v2\/posts\/206048\/revisions"}],"wp:featuredmedia":[{"embeddable":true,"href":"https:\/\/portalv1.com.br\/api\/wp\/v2\/media\/137172"}],"wp:attachment":[{"href":"https:\/\/portalv1.com.br\/api\/wp\/v2\/media?parent=206048"}],"wp:term":[{"taxonomy":"category","embeddable":true,"href":"https:\/\/portalv1.com.br\/api\/wp\/v2\/categories?post=206048"},{"taxonomy":"post_tag","embeddable":true,"href":"https:\/\/portalv1.com.br\/api\/wp\/v2\/tags?post=206048"}],"curies":[{"name":"wp","href":"https:\/\/api.w.org\/{rel}","templated":true}]}}