{"id":20651,"date":"2015-04-09T20:00:14","date_gmt":"2015-04-09T23:00:14","guid":{"rendered":"https:\/\/portalv1.com.br\/?p=20651"},"modified":"2015-04-11T09:56:06","modified_gmt":"2015-04-11T12:56:06","slug":"ministro-do-tse-barra-mais-uma-vez-o-retorno-do-prefeito-walfredo-filho","status":"publish","type":"post","link":"https:\/\/portalv1.com.br\/ministro-do-tse-barra-mais-uma-vez-o-retorno-do-prefeito-walfredo-filho\/","title":{"rendered":"Ministro do TSE barra mais uma vez o retorno do prefeito Walfredo Filho"},"content":{"rendered":"<figure id=\"attachment_20652\" aria-describedby=\"caption-attachment-20652\" style=\"width: 300px\" class=\"wp-caption alignright\"><a href=\"https:\/\/portalv1.com.br\/app\/wp-content\/uploads\/2015\/04\/admar.jpg\"><img loading=\"lazy\" decoding=\"async\" class=\"size-medium wp-image-20652\" src=\"https:\/\/portalv1.com.br\/app\/wp-content\/uploads\/2015\/04\/admar-300x154.jpg\" alt=\"Ministro Admar Gonzaga \" width=\"300\" height=\"154\" srcset=\"https:\/\/portalv1.com.br\/app\/wp-content\/uploads\/2015\/04\/admar-300x154.jpg 300w, https:\/\/portalv1.com.br\/app\/wp-content\/uploads\/2015\/04\/admar.jpg 640w\" sizes=\"auto, (max-width: 300px) 100vw, 300px\" \/><\/a><figcaption id=\"caption-attachment-20652\" class=\"wp-caption-text\">Ministro Admar Gonzaga<\/figcaption><\/figure>\n<p>Pela quinta vez consecutiva o Tribunal Superior Eleitoral (TSE) disse n\u00e3o ao prefeito afastado de Valen\u00e7a do Piau\u00ed Walfredo Filho que vem acumulando seguidas derrotas na tentativa de voltar ao cargo de prefeito municipal.<\/p>\n<p>Nesta quinta-feira (09) Walfredo Filho recebeu outro n\u00e3o do ministro Admar Gonzaga (foto), que negou o mandato de seguran\u00e7a impetrado pelo prefeito.<\/p>\n<p>O ministro Admar Gonzaga no ultimo dia 19 de mar\u00e7o j\u00e1 tinha negado outro pedido do prefeito afastado, repetindo a dose nessa quinta-feira, 09 de abril.<\/p>\n<p>A nova derrota do prefeito Walfredo Filho fortalece ainda mais o prefeito Getulio Gomes que vem se fortalecendo dia a dia em seu projeto pol\u00edtico com o apoio de lideran\u00e7as ligadas ao prefeito afastado.<\/p>\n","protected":false},"excerpt":{"rendered":"<p>Pela quinta vez consecutiva o Tribunal Superior Eleitoral (TSE) disse n\u00e3o ao prefeito afastado de Valen\u00e7a do Piau\u00ed Walfredo Filho que vem acumulando seguidas derrotas na tentativa de voltar ao&#8230;<\/p>\n","protected":false},"author":1,"featured_media":0,"comment_status":"open","ping_status":"open","sticky":false,"template":"","format":"standard","meta":{"ngg_post_thumbnail":0,"footnotes":""},"categories":[12],"tags":[],"class_list":["post-20651","post","type-post","status-publish","format-standard","hentry","category-valenca-news"],"views":707,"meta_data":{"thumb":"https:\/\/portalv1.com.br\/app\/wp-content\/uploads\/2015\/04\/admar.jpg","data":{"simple":"09\/04\/2015","date_time":"09\/04\/2015 17:00:14","date":"h\u00e1 11 anos"},"chapeu":"Quinta vez","source":"foto_menor"},"_links":{"self":[{"href":"https:\/\/portalv1.com.br\/api\/wp\/v2\/posts\/20651","targetHints":{"allow":["GET"]}}],"collection":[{"href":"https:\/\/portalv1.com.br\/api\/wp\/v2\/posts"}],"about":[{"href":"https:\/\/portalv1.com.br\/api\/wp\/v2\/types\/post"}],"author":[{"embeddable":true,"href":"https:\/\/portalv1.com.br\/api\/wp\/v2\/users\/1"}],"replies":[{"embeddable":true,"href":"https:\/\/portalv1.com.br\/api\/wp\/v2\/comments?post=20651"}],"version-history":[{"count":0,"href":"https:\/\/portalv1.com.br\/api\/wp\/v2\/posts\/20651\/revisions"}],"wp:attachment":[{"href":"https:\/\/portalv1.com.br\/api\/wp\/v2\/media?parent=20651"}],"wp:term":[{"taxonomy":"category","embeddable":true,"href":"https:\/\/portalv1.com.br\/api\/wp\/v2\/categories?post=20651"},{"taxonomy":"post_tag","embeddable":true,"href":"https:\/\/portalv1.com.br\/api\/wp\/v2\/tags?post=20651"}],"curies":[{"name":"wp","href":"https:\/\/api.w.org\/{rel}","templated":true}]}}