{"id":20658,"date":"2015-04-10T10:34:01","date_gmt":"2015-04-10T13:34:01","guid":{"rendered":"https:\/\/portalv1.com.br\/?p=20658"},"modified":"2015-04-10T10:36:44","modified_gmt":"2015-04-10T13:36:44","slug":"governador-wellington-dias-desembarcou-em-valenca-fotos","status":"publish","type":"post","link":"https:\/\/portalv1.com.br\/governador-wellington-dias-desembarcou-em-valenca-fotos\/","title":{"rendered":"Governador Wellington Dias desembarcou em Valen\u00e7a. Fotos"},"content":{"rendered":"<figure id=\"attachment_20659\" aria-describedby=\"caption-attachment-20659\" style=\"width: 300px\" class=\"wp-caption alignright\"><a href=\"https:\/\/portalv1.com.br\/app\/wp-content\/uploads\/2015\/04\/WELLINGTON-DIAS.jpg\"><img loading=\"lazy\" decoding=\"async\" class=\"size-medium wp-image-20659\" src=\"https:\/\/portalv1.com.br\/app\/wp-content\/uploads\/2015\/04\/WELLINGTON-DIAS-300x200.jpg\" alt=\"O governador foi recepcionado no aeroporto por varias lideran\u00e7as \" width=\"300\" height=\"200\" srcset=\"https:\/\/portalv1.com.br\/app\/wp-content\/uploads\/2015\/04\/WELLINGTON-DIAS-300x200.jpg 300w, https:\/\/portalv1.com.br\/app\/wp-content\/uploads\/2015\/04\/WELLINGTON-DIAS.jpg 640w\" sizes=\"auto, (max-width: 300px) 100vw, 300px\" \/><\/a><figcaption id=\"caption-attachment-20659\" class=\"wp-caption-text\">O governador foi recepcionado no aeroporto por varias lideran\u00e7as<\/figcaption><\/figure>\n<p>O governador Wellington Dias desembarcou na manha desta sexta-feira, 10 de abril em Valen\u00e7a com destino a cidade de Ipiranga. O governador chegou por volta das 08h e foi recepcionado por lideran\u00e7as locais no aeroporto tenente Esp\u00edrito Santo.<\/p>\n<p>A deputada federal Iracema Portela chegou antes do governador e veio acompanhada do prefeito Getulio Gomes que estava na capital Teresina.<\/p>\n<p>No aeroporto a comitiva do governador seguiu para a cidade de Ipiranga na companhia do prefeito da cidade Z\u00e9 Maria. Em Ipiranga o governador entrega uma ambul\u00e2ncia para o SAMU e um veiculo para o Conselho Tutelar e inaugura outras obras.<\/p>\n<p><strong><div class=\"ngg-galleryoverview\" data-widget=\"Galeria\" data-props='{&quot;galeria&quot;:{&quot;gallery_id&quot;:1791,&quot;total&quot;:18,&quot;max_page&quot;:1,&quot;page&quot;:1,&quot;images&quot;:[{&quot;pid&quot;:37055,&quot;imageURL&quot;:&quot;https:\\\/\\\/portalv1.com.br\\\/app\\\/wp-content\\\/gallery\\\/wdias_1\\\/dsc_0255.jpg?t=1721325134&quot;,&quot;thumbnailURL&quot;:&quot;https:\\\/\\\/portalv1.com.br\\\/app\\\/wp-content\\\/gallery\\\/wdias_1\\\/thumbs\\\/thumbs_dsc_0255.jpg?t=1721325134&quot;,&quot;description&quot;:&quot; &quot;,&quot;alttext&quot;:&quot;dsc_0255&quot;,&quot;style&quot;:&quot;&quot;},{&quot;pid&quot;:37056,&quot;imageURL&quot;:&quot;https:\\\/\\\/portalv1.com.br\\\/app\\\/wp-content\\\/gallery\\\/wdias_1\\\/dsc_0257.jpg?t=1721321847&quot;,&quot;thumbnailURL&quot;:&quot;https:\\\/\\\/portalv1.com.br\\\/app\\\/wp-content\\\/gallery\\\/wdias_1\\\/thumbs\\\/thumbs_dsc_0257.jpg?t=1721321847&quot;,&quot;description&quot;:&quot; &quot;,&quot;alttext&quot;:&quot;dsc_0257&quot;,&quot;style&quot;:&quot;&quot;},{&quot;pid&quot;:37057,&quot;imageURL&quot;:&quot;https:\\\/\\\/portalv1.com.br\\\/app\\\/wp-content\\\/gallery\\\/wdias_1\\\/dsc_0259.jpg?t=1721301263&quot;,&quot;thumbnailURL&quot;:&quot;https:\\\/\\\/portalv1.com.br\\\/app\\\/wp-content\\\/gallery\\\/wdias_1\\\/thumbs\\\/thumbs_dsc_0259.jpg?t=1721301263&quot;,&quot;description&quot;:&quot; &quot;,&quot;alttext&quot;:&quot;dsc_0259&quot;,&quot;style&quot;:&quot;&quot;},{&quot;pid&quot;:37058,&quot;imageURL&quot;:&quot;https:\\\/\\\/portalv1.com.br\\\/app\\\/wp-content\\\/gallery\\\/wdias_1\\\/dsc_0264.jpg?t=1721325127&quot;,&quot;thumbnailURL&quot;:&quot;https:\\\/\\\/portalv1.com.br\\\/app\\\/wp-content\\\/gallery\\\/wdias_1\\\/thumbs\\\/thumbs_dsc_0264.jpg?t=1721325127&quot;,&quot;description&quot;:&quot; &quot;,&quot;alttext&quot;:&quot;dsc_0264&quot;,&quot;style&quot;:&quot;&quot;},{&quot;pid&quot;:37059,&quot;imageURL&quot;:&quot;https:\\\/\\\/portalv1.com.br\\\/app\\\/wp-content\\\/gallery\\\/wdias_1\\\/dsc_0267.jpg?t=1721322825&quot;,&quot;thumbnailURL&quot;:&quot;https:\\\/\\\/portalv1.com.br\\\/app\\\/wp-content\\\/gallery\\\/wdias_1\\\/thumbs\\\/thumbs_dsc_0267.jpg?t=1721322825&quot;,&quot;description&quot;:&quot; &quot;,&quot;alttext&quot;:&quot;dsc_0267&quot;,&quot;style&quot;:&quot;&quot;},{&quot;pid&quot;:37060,&quot;imageURL&quot;:&quot;https:\\\/\\\/portalv1.com.br\\\/app\\\/wp-content\\\/gallery\\\/wdias_1\\\/dsc_0271.jpg?t=1721307341&quot;,&quot;thumbnailURL&quot;:&quot;https:\\\/\\\/portalv1.com.br\\\/app\\\/wp-content\\\/gallery\\\/wdias_1\\\/thumbs\\\/thumbs_dsc_0271.jpg?t=1721307341&quot;,&quot;description&quot;:&quot; &quot;,&quot;alttext&quot;:&quot;dsc_0271&quot;,&quot;style&quot;:&quot;&quot;},{&quot;pid&quot;:37061,&quot;imageURL&quot;:&quot;https:\\\/\\\/portalv1.com.br\\\/app\\\/wp-content\\\/gallery\\\/wdias_1\\\/dsc_0278.jpg?t=1721403578&quot;,&quot;thumbnailURL&quot;:&quot;https:\\\/\\\/portalv1.com.br\\\/app\\\/wp-content\\\/gallery\\\/wdias_1\\\/thumbs\\\/thumbs_dsc_0278.jpg?t=1721403578&quot;,&quot;description&quot;:&quot; &quot;,&quot;alttext&quot;:&quot;dsc_0278&quot;,&quot;style&quot;:&quot;&quot;},{&quot;pid&quot;:37062,&quot;imageURL&quot;:&quot;https:\\\/\\\/portalv1.com.br\\\/app\\\/wp-content\\\/gallery\\\/wdias_1\\\/dsc_0283.jpg?t=1721325131&quot;,&quot;thumbnailURL&quot;:&quot;https:\\\/\\\/portalv1.com.br\\\/app\\\/wp-content\\\/gallery\\\/wdias_1\\\/thumbs\\\/thumbs_dsc_0283.jpg?t=1721325131&quot;,&quot;description&quot;:&quot; &quot;,&quot;alttext&quot;:&quot;dsc_0283&quot;,&quot;style&quot;:&quot;&quot;},{&quot;pid&quot;:37063,&quot;imageURL&quot;:&quot;https:\\\/\\\/portalv1.com.br\\\/app\\\/wp-content\\\/gallery\\\/wdias_1\\\/dsc_0288.jpg?t=1721403578&quot;,&quot;thumbnailURL&quot;:&quot;https:\\\/\\\/portalv1.com.br\\\/app\\\/wp-content\\\/gallery\\\/wdias_1\\\/thumbs\\\/thumbs_dsc_0288.jpg?t=1721403578&quot;,&quot;description&quot;:&quot; &quot;,&quot;alttext&quot;:&quot;dsc_0288&quot;,&quot;style&quot;:&quot;&quot;},{&quot;pid&quot;:37064,&quot;imageURL&quot;:&quot;https:\\\/\\\/portalv1.com.br\\\/app\\\/wp-content\\\/gallery\\\/wdias_1\\\/dsc_0290.jpg?t=1721322096&quot;,&quot;thumbnailURL&quot;:&quot;https:\\\/\\\/portalv1.com.br\\\/app\\\/wp-content\\\/gallery\\\/wdias_1\\\/thumbs\\\/thumbs_dsc_0290.jpg?t=1721322096&quot;,&quot;description&quot;:&quot; &quot;,&quot;alttext&quot;:&quot;dsc_0290&quot;,&quot;style&quot;:&quot;&quot;},{&quot;pid&quot;:37065,&quot;imageURL&quot;:&quot;https:\\\/\\\/portalv1.com.br\\\/app\\\/wp-content\\\/gallery\\\/wdias_1\\\/dsc_0302.jpg?t=1721403580&quot;,&quot;thumbnailURL&quot;:&quot;https:\\\/\\\/portalv1.com.br\\\/app\\\/wp-content\\\/gallery\\\/wdias_1\\\/thumbs\\\/thumbs_dsc_0302.jpg?t=1721403580&quot;,&quot;description&quot;:&quot; &quot;,&quot;alttext&quot;:&quot;dsc_0302&quot;,&quot;style&quot;:&quot;&quot;},{&quot;pid&quot;:37066,&quot;imageURL&quot;:&quot;https:\\\/\\\/portalv1.com.br\\\/app\\\/wp-content\\\/gallery\\\/wdias_1\\\/dsc_0312.jpg?t=1721325258&quot;,&quot;thumbnailURL&quot;:&quot;https:\\\/\\\/portalv1.com.br\\\/app\\\/wp-content\\\/gallery\\\/wdias_1\\\/thumbs\\\/thumbs_dsc_0312.jpg?t=1721325258&quot;,&quot;description&quot;:&quot; &quot;,&quot;alttext&quot;:&quot;dsc_0312&quot;,&quot;style&quot;:&quot;&quot;},{&quot;pid&quot;:37067,&quot;imageURL&quot;:&quot;https:\\\/\\\/portalv1.com.br\\\/app\\\/wp-content\\\/gallery\\\/wdias_1\\\/dsc_0316.jpg?t=1721403580&quot;,&quot;thumbnailURL&quot;:&quot;https:\\\/\\\/portalv1.com.br\\\/app\\\/wp-content\\\/gallery\\\/wdias_1\\\/thumbs\\\/thumbs_dsc_0316.jpg?t=1721403580&quot;,&quot;description&quot;:&quot; &quot;,&quot;alttext&quot;:&quot;dsc_0316&quot;,&quot;style&quot;:&quot;&quot;},{&quot;pid&quot;:37068,&quot;imageURL&quot;:&quot;https:\\\/\\\/portalv1.com.br\\\/app\\\/wp-content\\\/gallery\\\/wdias_1\\\/dsc_0325.jpg?t=1720897535&quot;,&quot;thumbnailURL&quot;:&quot;https:\\\/\\\/portalv1.com.br\\\/app\\\/wp-content\\\/gallery\\\/wdias_1\\\/thumbs\\\/thumbs_dsc_0325.jpg?t=1720897535&quot;,&quot;description&quot;:&quot; &quot;,&quot;alttext&quot;:&quot;dsc_0325&quot;,&quot;style&quot;:&quot;&quot;},{&quot;pid&quot;:37069,&quot;imageURL&quot;:&quot;https:\\\/\\\/portalv1.com.br\\\/app\\\/wp-content\\\/gallery\\\/wdias_1\\\/dsc_0328.jpg?t=1721403579&quot;,&quot;thumbnailURL&quot;:&quot;https:\\\/\\\/portalv1.com.br\\\/app\\\/wp-content\\\/gallery\\\/wdias_1\\\/thumbs\\\/thumbs_dsc_0328.jpg?t=1721403579&quot;,&quot;description&quot;:&quot; &quot;,&quot;alttext&quot;:&quot;dsc_0328&quot;,&quot;style&quot;:&quot;&quot;},{&quot;pid&quot;:37070,&quot;imageURL&quot;:&quot;https:\\\/\\\/portalv1.com.br\\\/app\\\/wp-content\\\/gallery\\\/wdias_1\\\/dsc_0332.jpg?t=1721325129&quot;,&quot;thumbnailURL&quot;:&quot;https:\\\/\\\/portalv1.com.br\\\/app\\\/wp-content\\\/gallery\\\/wdias_1\\\/thumbs\\\/thumbs_dsc_0332.jpg?t=1721325129&quot;,&quot;description&quot;:&quot; &quot;,&quot;alttext&quot;:&quot;dsc_0332&quot;,&quot;style&quot;:&quot;&quot;},{&quot;pid&quot;:37071,&quot;imageURL&quot;:&quot;https:\\\/\\\/portalv1.com.br\\\/app\\\/wp-content\\\/gallery\\\/wdias_1\\\/dsc_0341.jpg?t=1721321696&quot;,&quot;thumbnailURL&quot;:&quot;https:\\\/\\\/portalv1.com.br\\\/app\\\/wp-content\\\/gallery\\\/wdias_1\\\/thumbs\\\/thumbs_dsc_0341.jpg?t=1721321696&quot;,&quot;description&quot;:&quot; &quot;,&quot;alttext&quot;:&quot;dsc_0341&quot;,&quot;style&quot;:&quot;&quot;},{&quot;pid&quot;:37072,&quot;imageURL&quot;:&quot;https:\\\/\\\/portalv1.com.br\\\/app\\\/wp-content\\\/gallery\\\/wdias_1\\\/dsc_0345.jpg?t=1721403580&quot;,&quot;thumbnailURL&quot;:&quot;https:\\\/\\\/portalv1.com.br\\\/app\\\/wp-content\\\/gallery\\\/wdias_1\\\/thumbs\\\/thumbs_dsc_0345.jpg?t=1721403580&quot;,&quot;description&quot;:&quot; &quot;,&quot;alttext&quot;:&quot;dsc_0345&quot;,&quot;style&quot;:&quot;&quot;}]}}'><\/div><\/strong>.<\/p>\n","protected":false},"excerpt":{"rendered":"<p>O governador Wellington Dias desembarcou na manha desta sexta-feira, 10 de abril em Valen\u00e7a com destino a cidade de Ipiranga. O governador chegou por volta das 08h e foi recepcionado&#8230;<\/p>\n","protected":false},"author":1,"featured_media":0,"comment_status":"open","ping_status":"open","sticky":false,"template":"","format":"standard","meta":{"ngg_post_thumbnail":0,"footnotes":""},"categories":[12],"tags":[],"class_list":["post-20658","post","type-post","status-publish","format-standard","hentry","category-valenca-news"],"views":1152,"meta_data":{"thumb":"https:\/\/portalv1.com.br\/app\/wp-content\/uploads\/2015\/04\/WELLINGTON-DIAS.jpg","data":{"simple":"10\/04\/2015","date_time":"10\/04\/2015 07:34:01","date":"h\u00e1 11 anos"},"chapeu":"Hoje pela manha","source":"slide"},"_links":{"self":[{"href":"https:\/\/portalv1.com.br\/api\/wp\/v2\/posts\/20658","targetHints":{"allow":["GET"]}}],"collection":[{"href":"https:\/\/portalv1.com.br\/api\/wp\/v2\/posts"}],"about":[{"href":"https:\/\/portalv1.com.br\/api\/wp\/v2\/types\/post"}],"author":[{"embeddable":true,"href":"https:\/\/portalv1.com.br\/api\/wp\/v2\/users\/1"}],"replies":[{"embeddable":true,"href":"https:\/\/portalv1.com.br\/api\/wp\/v2\/comments?post=20658"}],"version-history":[{"count":0,"href":"https:\/\/portalv1.com.br\/api\/wp\/v2\/posts\/20658\/revisions"}],"wp:attachment":[{"href":"https:\/\/portalv1.com.br\/api\/wp\/v2\/media?parent=20658"}],"wp:term":[{"taxonomy":"category","embeddable":true,"href":"https:\/\/portalv1.com.br\/api\/wp\/v2\/categories?post=20658"},{"taxonomy":"post_tag","embeddable":true,"href":"https:\/\/portalv1.com.br\/api\/wp\/v2\/tags?post=20658"}],"curies":[{"name":"wp","href":"https:\/\/api.w.org\/{rel}","templated":true}]}}