{"id":206757,"date":"2024-06-17T13:51:51","date_gmt":"2024-06-17T16:51:51","guid":{"rendered":"https:\/\/portalv1.com.br\/?p=206757"},"modified":"2024-06-17T13:52:37","modified_gmt":"2024-06-17T16:52:37","slug":"tony-feitosa-confirma-vinda-do-governador-rafael-fonteles-nessa-terca-a-pimenteiras","status":"publish","type":"post","link":"https:\/\/portalv1.com.br\/tony-feitosa-confirma-vinda-do-governador-rafael-fonteles-nessa-terca-a-pimenteiras\/","title":{"rendered":"Tony Feitosa confirma vinda do governador Rafael Fonteles nessa ter\u00e7a a Pimenteiras"},"content":{"rendered":"<p>O pr\u00e9-candidato a prefeito de Pimenteiras, Tony Feitosa, confirmou a vinda do governador Rafael Fonteles ao munic\u00edpio nessa ter\u00e7a-feira (18), para a inaugura\u00e7\u00e3o da pavimenta\u00e7\u00e3o asf\u00e1ltica da PI 120, entre Pimenteiras e S\u00e3o Miguel do Tapuio com extens\u00e3o de 80km.<\/p>\n<p>Ainda em Pimenteiras, o governador e comitiva visitam obras de reforma e amplia\u00e7\u00e3o do Centro Cultural Cineas Martins Nogueira.<\/p>\n<p>A programa\u00e7\u00e3o do chefe do Executivo Estadual come\u00e7ar\u00e1 em Castelo do Piau\u00ed por volta das 07h da manh\u00e3 passando por Buriti dos Montes, Assun\u00e7\u00e3o do Piau\u00ed, S\u00e3o Miguel do Tapuio e finaliza em Pimenteiras por volta das 15h10.&nbsp;<a href=\"https:\/\/portalv1.com.br\/app\/wp-content\/uploads\/2024\/06\/AGENDA-18.06.2024.pdf\">Veja a agenda completa aqui<\/a><\/p>\n<p><a href=\"https:\/\/portalv1.com.br\/app\/wp-content\/uploads\/2024\/06\/WhatsApp-Image-2024-06-17-at-13.23.37-Copy.jpg\"><img loading=\"lazy\" decoding=\"async\" class=\"aligncenter size-full wp-image-206760\" src=\"https:\/\/portalv1.com.br\/app\/wp-content\/uploads\/2024\/06\/WhatsApp-Image-2024-06-17-at-13.23.37-Copy.jpg\" alt=\"\" width=\"960\" height=\"1200\" srcset=\"https:\/\/portalv1.com.br\/app\/wp-content\/uploads\/2024\/06\/WhatsApp-Image-2024-06-17-at-13.23.37-Copy.jpg 960w, https:\/\/portalv1.com.br\/app\/wp-content\/uploads\/2024\/06\/WhatsApp-Image-2024-06-17-at-13.23.37-Copy-300x375.jpg 300w, https:\/\/portalv1.com.br\/app\/wp-content\/uploads\/2024\/06\/WhatsApp-Image-2024-06-17-at-13.23.37-Copy-640x800.jpg 640w, https:\/\/portalv1.com.br\/app\/wp-content\/uploads\/2024\/06\/WhatsApp-Image-2024-06-17-at-13.23.37-Copy-768x960.jpg 768w\" sizes=\"auto, (max-width: 960px) 100vw, 960px\" \/><\/a><\/p>\n","protected":false},"excerpt":{"rendered":"<p>O pr\u00e9-candidato a prefeito de Pimenteiras, Tony Feitosa, confirmou a vinda do governador Rafael Fonteles ao munic\u00edpio nessa ter\u00e7a-feira (18), para a inaugura\u00e7\u00e3o da pavimenta\u00e7\u00e3o asf\u00e1ltica da PI 120, entre&#8230;<\/p>\n","protected":false},"author":1,"featured_media":206761,"comment_status":"open","ping_status":"open","sticky":false,"template":"","format":"standard","meta":{"ngg_post_thumbnail":0,"footnotes":""},"categories":[243],"tags":[],"class_list":["post-206757","post","type-post","status-publish","format-standard","has-post-thumbnail","hentry","category-geral"],"views":373,"meta_data":{"thumb":"https:\/\/portalv1.com.br\/app\/wp-content\/uploads\/2024\/06\/WhatsApp-Image-2024-06-17-at-13.51.10.jpeg","imagem":{"fullsize":{"url":"https:\/\/portalv1.com.br\/app\/wp-content\/uploads\/2024\/06\/WhatsApp-Image-2024-06-17-at-13.51.10.jpeg","width":1280,"height":941},"medium":{"url":"https:\/\/portalv1.com.br\/app\/wp-content\/uploads\/2024\/06\/WhatsApp-Image-2024-06-17-at-13.51.10-300x221.jpeg","width":300,"height":221},"large":{"url":"https:\/\/portalv1.com.br\/app\/wp-content\/uploads\/2024\/06\/WhatsApp-Image-2024-06-17-at-13.51.10-640x471.jpeg","width":640,"height":471},"thumbnail":{"url":"https:\/\/portalv1.com.br\/app\/wp-content\/uploads\/2024\/06\/WhatsApp-Image-2024-06-17-at-13.51.10-100x100.jpeg","width":100,"height":100},"medium_large":{"url":"https:\/\/portalv1.com.br\/app\/wp-content\/uploads\/2024\/06\/WhatsApp-Image-2024-06-17-at-13.51.10-768x565.jpeg","width":768,"height":565}},"data":{"simple":"17\/06\/2024","date_time":"17\/06\/2024 10:51:51","date":"h\u00e1 2 anos"},"chapeu":"Veja a agenda ","source":"slide"},"_links":{"self":[{"href":"https:\/\/portalv1.com.br\/api\/wp\/v2\/posts\/206757","targetHints":{"allow":["GET"]}}],"collection":[{"href":"https:\/\/portalv1.com.br\/api\/wp\/v2\/posts"}],"about":[{"href":"https:\/\/portalv1.com.br\/api\/wp\/v2\/types\/post"}],"author":[{"embeddable":true,"href":"https:\/\/portalv1.com.br\/api\/wp\/v2\/users\/1"}],"replies":[{"embeddable":true,"href":"https:\/\/portalv1.com.br\/api\/wp\/v2\/comments?post=206757"}],"version-history":[{"count":0,"href":"https:\/\/portalv1.com.br\/api\/wp\/v2\/posts\/206757\/revisions"}],"wp:featuredmedia":[{"embeddable":true,"href":"https:\/\/portalv1.com.br\/api\/wp\/v2\/media\/206761"}],"wp:attachment":[{"href":"https:\/\/portalv1.com.br\/api\/wp\/v2\/media?parent=206757"}],"wp:term":[{"taxonomy":"category","embeddable":true,"href":"https:\/\/portalv1.com.br\/api\/wp\/v2\/categories?post=206757"},{"taxonomy":"post_tag","embeddable":true,"href":"https:\/\/portalv1.com.br\/api\/wp\/v2\/tags?post=206757"}],"curies":[{"name":"wp","href":"https:\/\/api.w.org\/{rel}","templated":true}]}}