{"id":20676,"date":"2015-04-13T09:49:38","date_gmt":"2015-04-13T12:49:38","guid":{"rendered":"https:\/\/portalv1.com.br\/?p=20676"},"modified":"2015-04-14T21:29:48","modified_gmt":"2015-04-15T00:29:48","slug":"decisao-sobre-eleicao-suplementar-em-valenca-pode-sair-nessa-semana","status":"publish","type":"post","link":"https:\/\/portalv1.com.br\/decisao-sobre-eleicao-suplementar-em-valenca-pode-sair-nessa-semana\/","title":{"rendered":"Decis\u00e3o sobre elei\u00e7\u00e3o suplementar em Valen\u00e7a pode sair nessa semana"},"content":{"rendered":"<figure id=\"attachment_11120\" aria-describedby=\"caption-attachment-11120\" style=\"width: 300px\" class=\"wp-caption alignright\"><a href=\"https:\/\/portalv1.com.br\/app\/wp-content\/uploads\/2011\/11\/zemaria.jpg\"><img loading=\"lazy\" decoding=\"async\" class=\"size-full wp-image-11120\" src=\"https:\/\/portalv1.com.br\/app\/wp-content\/uploads\/2011\/11\/zemaria.jpg\" alt=\"Jos\u00e9 Maria de Ara\u00fajo Costa, advogado\" width=\"300\" height=\"183\" \/><\/a><figcaption id=\"caption-attachment-11120\" class=\"wp-caption-text\">Jos\u00e9 Maria de Ara\u00fajo Costa, advogado<\/figcaption><\/figure>\n<p>O advogado Jos\u00e9 Maria que integra o processo que cassou o prefeito Walfredo Filho e a vice-prefeita Paula Jeanne conversou com o Portalv1 nesse fim de semana a respeito do processo que pode ter seu desfecho nessa semana com o julgamento do embargo de autoria da coliga\u00e7\u00e3o Capaz de Fazer, que pede que o TRE-PI julgue se os embargos declarat\u00f3rios interpostos pelo prefeito s\u00e3o protelat\u00f3rios ou n\u00e3o.<\/p>\n<p>O advogado explica que se forem declarados protelat\u00f3rios, ou seja, que o prefeito queria apenas ganhar tempo com a a\u00e7\u00e3o ele arcar\u00e1 com as consequ\u00eancias desse gesto com o pagamento de multa, com o pagamento das despesas de uma nova elei\u00e7\u00e3o e poder\u00e1 ficar impedido de recorrer a Bras\u00edlia.<\/p>\n<p>\u201cSe declarado protelat\u00f3rio, alem de perder o prazo para interpor recurso especial no TSE, ele pode receber uma multa que varia de R$ 5 a 25 mil reais e de ter que pagar as despesas do novo pleito eleitoral porque o TSE entende que s\u00f3 est\u00e1 havendo aquela elei\u00e7\u00e3o e tendo toda aquela despesa extra porque aquele candidato cassado deu causa aquilo. Como ele deu causa ele \u00e9 obrigado a ressarcir o custo daquela elei\u00e7\u00e3o\u201d afirmou.<\/p>\n<p>Jos\u00e9 Maria considerou uma estrat\u00e9gia equivocada dos advogados do prefeito em entrar com sucessivos mandatos de seguran\u00e7a no Tribunal Superior Eleitoral (TSE). Para ele essas tentativas apesar de serem legais n\u00e3o obter\u00e3o o resultado desejado.<\/p>\n<p>\u201c\u00c9 um direito da defesa entrar com instrumentos processuais s\u00f3 que como o tribunal j\u00e1 vem reiteradamente negando. Eu esperaria esgotar a segunda instancia pra poder entrar com o recurso especial, at\u00e9 porque o mandato de seguran\u00e7a n\u00e3o se presta a devolver o mandato do prefeito cassado a n\u00e3o ser que o TSE verifique que ele n\u00e3o teve direito a ampla defesa o que n\u00e3o \u00e9 o caso, por isso essas derrotas sucessivas em Bras\u00edlia. \u00c9 uma estrat\u00e9gia legal, mais equivocada\u201d explicou.<\/p>\n<p>Jos\u00e9 Maria afirmou que na hora em que o TRE-PI julgar esses embargos (que pode acontecer nessa semana), ele (TRE-PI) baixar\u00e1 uma resolu\u00e7\u00e3o informando o calend\u00e1rio eleitoral para o pleito suplementar em Valen\u00e7a do Piau\u00ed.<\/p>\n","protected":false},"excerpt":{"rendered":"<p>O advogado Jos\u00e9 Maria que integra o processo que cassou o prefeito Walfredo Filho e a vice-prefeita Paula Jeanne conversou com o Portalv1 nesse fim de semana a respeito do&#8230;<\/p>\n","protected":false},"author":1,"featured_media":0,"comment_status":"open","ping_status":"open","sticky":false,"template":"","format":"standard","meta":{"ngg_post_thumbnail":0,"footnotes":""},"categories":[12],"tags":[],"class_list":["post-20676","post","type-post","status-publish","format-standard","hentry","category-valenca-news"],"views":1347,"meta_data":{"thumb":"https:\/\/portalv1.com.br\/app\/wp-content\/uploads\/2011\/11\/zemaria.jpg","data":{"simple":"13\/04\/2015","date_time":"13\/04\/2015 06:49:38","date":"h\u00e1 11 anos"},"chapeu":"TRE-PI","source":"foto_menor"},"_links":{"self":[{"href":"https:\/\/portalv1.com.br\/api\/wp\/v2\/posts\/20676","targetHints":{"allow":["GET"]}}],"collection":[{"href":"https:\/\/portalv1.com.br\/api\/wp\/v2\/posts"}],"about":[{"href":"https:\/\/portalv1.com.br\/api\/wp\/v2\/types\/post"}],"author":[{"embeddable":true,"href":"https:\/\/portalv1.com.br\/api\/wp\/v2\/users\/1"}],"replies":[{"embeddable":true,"href":"https:\/\/portalv1.com.br\/api\/wp\/v2\/comments?post=20676"}],"version-history":[{"count":0,"href":"https:\/\/portalv1.com.br\/api\/wp\/v2\/posts\/20676\/revisions"}],"wp:attachment":[{"href":"https:\/\/portalv1.com.br\/api\/wp\/v2\/media?parent=20676"}],"wp:term":[{"taxonomy":"category","embeddable":true,"href":"https:\/\/portalv1.com.br\/api\/wp\/v2\/categories?post=20676"},{"taxonomy":"post_tag","embeddable":true,"href":"https:\/\/portalv1.com.br\/api\/wp\/v2\/tags?post=20676"}],"curies":[{"name":"wp","href":"https:\/\/api.w.org\/{rel}","templated":true}]}}