{"id":206770,"date":"2024-06-18T13:12:45","date_gmt":"2024-06-18T16:12:45","guid":{"rendered":"https:\/\/portalv1.com.br\/?p=206770"},"modified":"2024-06-18T13:13:02","modified_gmt":"2024-06-18T16:13:02","slug":"agencia-do-banco-do-nordeste-comemora-60-anos-de-valenca-do-piaui","status":"publish","type":"post","link":"https:\/\/portalv1.com.br\/agencia-do-banco-do-nordeste-comemora-60-anos-de-valenca-do-piaui\/","title":{"rendered":"Ag\u00eancia do Banco do Nordeste comemora 60 anos de Valen\u00e7a do Piau\u00ed"},"content":{"rendered":"<p>A ag\u00eancia do Banco do Nordeste de Valen\u00e7a do Piau\u00ed comemora 60 anos de Valen\u00e7a nesta ter\u00e7a-feira (18) e a data foi comemorada pela ger\u00eancia com um coffee break em suas depend\u00eancias para seus colaboradores. O gerente Assis Martins, que comanda a ag\u00eancia pela segunda vez, lembrou do in\u00edcio da ag\u00eancia em Valen\u00e7a e de sua trajet\u00f3ria.<\/p>\n<p>\u201cA ag\u00eancia do Banco do Nordeste chegou aqui em Valen\u00e7a no dia 18 de junho de 1964 foi o primeiro banco da regi\u00e3o e eu tive a felicidade de aqui ter sido a minha primeira ag\u00eancia quando tomei posse em fevereiro de 76 e depois de uma volta pelo nordeste voltei a Valen\u00e7a e nada mais gratificante que voc\u00ea gerenciar uma ag\u00eancia que voc\u00ea come\u00e7ou e j\u00e1 estou aqui a dois anos e coincidindo com os 60 anos de instala\u00e7\u00e3o da ag\u00eancia\u201d, disse Assis Martins.<\/p>\n<p>O gerente lembrou que o banco atende a todas as camadas da sociedade na cidade e interior com sua cartela de servi\u00e7os e projetos bem-sucedidos, como o Crediamigo e Agroamigo, entre outros. O Agente de Desenvolvimento do Banco do Nordeste, Benoni Rodrigues, que esse m\u00eas completa 45 anos de Banco do Nordeste falou da alegria de participar do evento e das transforma\u00e7\u00f5es da regi\u00e3o com o apoio do Banco do Nordeste.<\/p>\n<p>\u201cSem sombra de d\u00favidas \u00e9 uma alegria estar comemorando 60 anos do Banco do Nordeste aqui nessa cidade, nesse per\u00edodo muitas coisas mudaram e muitas que mudaram foi com apoio do Banco do Nordeste e a gente espera que daqui pra frente esse apoio continue da mesma forma ou ainda melhor\u201d, afirmou.&nbsp;<\/p>\n<p>Assis Martins informou ainda que de fevereiro de 2022 quando assumiu a ger\u00eancia at\u00e9 o dia 17 de junho foram investidos cerca de R$ 140 milh\u00f5es de reais em quase oito mil opera\u00e7\u00f5es. \u201cIsso mostra a import\u00e2ncia do Banco do Nordeste para a regi\u00e3o valenciana\u201d, concluiu.<\/p>\n<div class=\"ngg-galleryoverview\" id=\"1\">\n                    <div data-widget=\"Galeria\" data-props=\"{&quot;galeria&quot;:{&quot;max_page&quot;:1,&quot;total&quot;:15,&quot;gallery_id&quot;:1,&quot;images&quot;:[{&quot;thumbcode&quot;:&quot;https:\\\/\\\/portalv1.com.br\\\/app\\\/wp-content\\\/uploads\\\/2024\\\/06\\\/IMG_6689-Copy-400x250.jpg&quot;,&quot;imageURL&quot;:&quot;https:\\\/\\\/portalv1.com.br\\\/app\\\/wp-content\\\/uploads\\\/2024\\\/06\\\/IMG_6689-Copy.jpg&quot;,&quot;pid&quot;:206771,&quot;galleryid&quot;:1,&quot;description&quot;:&quot;&quot;,&quot;alttext&quot;:&quot;Ag\\u00eancia do Banco do Nordeste comemora 60 anos de Valen\\u00e7a do Piau\\u00ed&quot;,&quot;thumbnailURL&quot;:&quot;https:\\\/\\\/portalv1.com.br\\\/app\\\/wp-content\\\/uploads\\\/2024\\\/06\\\/IMG_6689-Copy-400x250.jpg&quot;,&quot;style&quot;:&quot;&quot;},{&quot;thumbcode&quot;:&quot;https:\\\/\\\/portalv1.com.br\\\/app\\\/wp-content\\\/uploads\\\/2024\\\/06\\\/IMG_6696-Copy-400x250.jpg&quot;,&quot;imageURL&quot;:&quot;https:\\\/\\\/portalv1.com.br\\\/app\\\/wp-content\\\/uploads\\\/2024\\\/06\\\/IMG_6696-Copy.jpg&quot;,&quot;pid&quot;:206772,&quot;galleryid&quot;:1,&quot;description&quot;:&quot;&quot;,&quot;alttext&quot;:&quot;Ag\\u00eancia do Banco do Nordeste comemora 60 anos de Valen\\u00e7a do Piau\\u00ed&quot;,&quot;thumbnailURL&quot;:&quot;https:\\\/\\\/portalv1.com.br\\\/app\\\/wp-content\\\/uploads\\\/2024\\\/06\\\/IMG_6696-Copy-400x250.jpg&quot;,&quot;style&quot;:&quot;&quot;},{&quot;thumbcode&quot;:&quot;https:\\\/\\\/portalv1.com.br\\\/app\\\/wp-content\\\/uploads\\\/2024\\\/06\\\/IMG_6697-Copy-400x250.jpg&quot;,&quot;imageURL&quot;:&quot;https:\\\/\\\/portalv1.com.br\\\/app\\\/wp-content\\\/uploads\\\/2024\\\/06\\\/IMG_6697-Copy.jpg&quot;,&quot;pid&quot;:206773,&quot;galleryid&quot;:1,&quot;description&quot;:&quot;&quot;,&quot;alttext&quot;:&quot;Ag\\u00eancia do Banco do Nordeste comemora 60 anos de Valen\\u00e7a do Piau\\u00ed&quot;,&quot;thumbnailURL&quot;:&quot;https:\\\/\\\/portalv1.com.br\\\/app\\\/wp-content\\\/uploads\\\/2024\\\/06\\\/IMG_6697-Copy-400x250.jpg&quot;,&quot;style&quot;:&quot;&quot;},{&quot;thumbcode&quot;:&quot;https:\\\/\\\/portalv1.com.br\\\/app\\\/wp-content\\\/uploads\\\/2024\\\/06\\\/IMG_6702-Copy-400x250.jpg&quot;,&quot;imageURL&quot;:&quot;https:\\\/\\\/portalv1.com.br\\\/app\\\/wp-content\\\/uploads\\\/2024\\\/06\\\/IMG_6702-Copy.jpg&quot;,&quot;pid&quot;:206774,&quot;galleryid&quot;:1,&quot;description&quot;:&quot;&quot;,&quot;alttext&quot;:&quot;Ag\\u00eancia do Banco do Nordeste comemora 60 anos de Valen\\u00e7a do Piau\\u00ed&quot;,&quot;thumbnailURL&quot;:&quot;https:\\\/\\\/portalv1.com.br\\\/app\\\/wp-content\\\/uploads\\\/2024\\\/06\\\/IMG_6702-Copy-400x250.jpg&quot;,&quot;style&quot;:&quot;&quot;},{&quot;thumbcode&quot;:&quot;https:\\\/\\\/portalv1.com.br\\\/app\\\/wp-content\\\/uploads\\\/2024\\\/06\\\/IMG_6705-Copy-400x250.jpg&quot;,&quot;imageURL&quot;:&quot;https:\\\/\\\/portalv1.com.br\\\/app\\\/wp-content\\\/uploads\\\/2024\\\/06\\\/IMG_6705-Copy.jpg&quot;,&quot;pid&quot;:206775,&quot;galleryid&quot;:1,&quot;description&quot;:&quot;&quot;,&quot;alttext&quot;:&quot;Ag\\u00eancia do Banco do Nordeste comemora 60 anos de Valen\\u00e7a do Piau\\u00ed&quot;,&quot;thumbnailURL&quot;:&quot;https:\\\/\\\/portalv1.com.br\\\/app\\\/wp-content\\\/uploads\\\/2024\\\/06\\\/IMG_6705-Copy-400x250.jpg&quot;,&quot;style&quot;:&quot;&quot;},{&quot;thumbcode&quot;:&quot;https:\\\/\\\/portalv1.com.br\\\/app\\\/wp-content\\\/uploads\\\/2024\\\/06\\\/IMG_6714-Copy-400x250.jpg&quot;,&quot;imageURL&quot;:&quot;https:\\\/\\\/portalv1.com.br\\\/app\\\/wp-content\\\/uploads\\\/2024\\\/06\\\/IMG_6714-Copy.jpg&quot;,&quot;pid&quot;:206776,&quot;galleryid&quot;:1,&quot;description&quot;:&quot;&quot;,&quot;alttext&quot;:&quot;Ag\\u00eancia do Banco do Nordeste comemora 60 anos de Valen\\u00e7a do Piau\\u00ed&quot;,&quot;thumbnailURL&quot;:&quot;https:\\\/\\\/portalv1.com.br\\\/app\\\/wp-content\\\/uploads\\\/2024\\\/06\\\/IMG_6714-Copy-400x250.jpg&quot;,&quot;style&quot;:&quot;&quot;},{&quot;thumbcode&quot;:&quot;https:\\\/\\\/portalv1.com.br\\\/app\\\/wp-content\\\/uploads\\\/2024\\\/06\\\/IMG_6719-Copy-400x250.jpg&quot;,&quot;imageURL&quot;:&quot;https:\\\/\\\/portalv1.com.br\\\/app\\\/wp-content\\\/uploads\\\/2024\\\/06\\\/IMG_6719-Copy.jpg&quot;,&quot;pid&quot;:206777,&quot;galleryid&quot;:1,&quot;description&quot;:&quot;&quot;,&quot;alttext&quot;:&quot;Ag\\u00eancia do Banco do Nordeste comemora 60 anos de Valen\\u00e7a do Piau\\u00ed&quot;,&quot;thumbnailURL&quot;:&quot;https:\\\/\\\/portalv1.com.br\\\/app\\\/wp-content\\\/uploads\\\/2024\\\/06\\\/IMG_6719-Copy-400x250.jpg&quot;,&quot;style&quot;:&quot;&quot;},{&quot;thumbcode&quot;:&quot;https:\\\/\\\/portalv1.com.br\\\/app\\\/wp-content\\\/uploads\\\/2024\\\/06\\\/IMG_6726-Copy-400x250.jpg&quot;,&quot;imageURL&quot;:&quot;https:\\\/\\\/portalv1.com.br\\\/app\\\/wp-content\\\/uploads\\\/2024\\\/06\\\/IMG_6726-Copy.jpg&quot;,&quot;pid&quot;:206778,&quot;galleryid&quot;:1,&quot;description&quot;:&quot;&quot;,&quot;alttext&quot;:&quot;Ag\\u00eancia do Banco do Nordeste comemora 60 anos de Valen\\u00e7a do Piau\\u00ed&quot;,&quot;thumbnailURL&quot;:&quot;https:\\\/\\\/portalv1.com.br\\\/app\\\/wp-content\\\/uploads\\\/2024\\\/06\\\/IMG_6726-Copy-400x250.jpg&quot;,&quot;style&quot;:&quot;&quot;},{&quot;thumbcode&quot;:&quot;https:\\\/\\\/portalv1.com.br\\\/app\\\/wp-content\\\/uploads\\\/2024\\\/06\\\/IMG_6730-Copy-400x250.jpg&quot;,&quot;imageURL&quot;:&quot;https:\\\/\\\/portalv1.com.br\\\/app\\\/wp-content\\\/uploads\\\/2024\\\/06\\\/IMG_6730-Copy.jpg&quot;,&quot;pid&quot;:206779,&quot;galleryid&quot;:1,&quot;description&quot;:&quot;&quot;,&quot;alttext&quot;:&quot;Ag\\u00eancia do Banco do Nordeste comemora 60 anos de Valen\\u00e7a do Piau\\u00ed&quot;,&quot;thumbnailURL&quot;:&quot;https:\\\/\\\/portalv1.com.br\\\/app\\\/wp-content\\\/uploads\\\/2024\\\/06\\\/IMG_6730-Copy-400x250.jpg&quot;,&quot;style&quot;:&quot;&quot;},{&quot;thumbcode&quot;:&quot;https:\\\/\\\/portalv1.com.br\\\/app\\\/wp-content\\\/uploads\\\/2024\\\/06\\\/IMG_6741-Copy-400x250.jpg&quot;,&quot;imageURL&quot;:&quot;https:\\\/\\\/portalv1.com.br\\\/app\\\/wp-content\\\/uploads\\\/2024\\\/06\\\/IMG_6741-Copy.jpg&quot;,&quot;pid&quot;:206780,&quot;galleryid&quot;:1,&quot;description&quot;:&quot;&quot;,&quot;alttext&quot;:&quot;Ag\\u00eancia do Banco do Nordeste comemora 60 anos de Valen\\u00e7a do Piau\\u00ed&quot;,&quot;thumbnailURL&quot;:&quot;https:\\\/\\\/portalv1.com.br\\\/app\\\/wp-content\\\/uploads\\\/2024\\\/06\\\/IMG_6741-Copy-400x250.jpg&quot;,&quot;style&quot;:&quot;&quot;},{&quot;thumbcode&quot;:&quot;https:\\\/\\\/portalv1.com.br\\\/app\\\/wp-content\\\/uploads\\\/2024\\\/06\\\/IMG_6743-Copy-400x250.jpg&quot;,&quot;imageURL&quot;:&quot;https:\\\/\\\/portalv1.com.br\\\/app\\\/wp-content\\\/uploads\\\/2024\\\/06\\\/IMG_6743-Copy.jpg&quot;,&quot;pid&quot;:206781,&quot;galleryid&quot;:1,&quot;description&quot;:&quot;&quot;,&quot;alttext&quot;:&quot;Ag\\u00eancia do Banco do Nordeste comemora 60 anos de Valen\\u00e7a do Piau\\u00ed&quot;,&quot;thumbnailURL&quot;:&quot;https:\\\/\\\/portalv1.com.br\\\/app\\\/wp-content\\\/uploads\\\/2024\\\/06\\\/IMG_6743-Copy-400x250.jpg&quot;,&quot;style&quot;:&quot;&quot;},{&quot;thumbcode&quot;:&quot;https:\\\/\\\/portalv1.com.br\\\/app\\\/wp-content\\\/uploads\\\/2024\\\/06\\\/IMG_6744-Copy-400x250.jpg&quot;,&quot;imageURL&quot;:&quot;https:\\\/\\\/portalv1.com.br\\\/app\\\/wp-content\\\/uploads\\\/2024\\\/06\\\/IMG_6744-Copy.jpg&quot;,&quot;pid&quot;:206782,&quot;galleryid&quot;:1,&quot;description&quot;:&quot;&quot;,&quot;alttext&quot;:&quot;Ag\\u00eancia do Banco do Nordeste comemora 60 anos de Valen\\u00e7a do Piau\\u00ed&quot;,&quot;thumbnailURL&quot;:&quot;https:\\\/\\\/portalv1.com.br\\\/app\\\/wp-content\\\/uploads\\\/2024\\\/06\\\/IMG_6744-Copy-400x250.jpg&quot;,&quot;style&quot;:&quot;&quot;},{&quot;thumbcode&quot;:&quot;https:\\\/\\\/portalv1.com.br\\\/app\\\/wp-content\\\/uploads\\\/2024\\\/06\\\/IMG_6747-Copy-400x250.jpg&quot;,&quot;imageURL&quot;:&quot;https:\\\/\\\/portalv1.com.br\\\/app\\\/wp-content\\\/uploads\\\/2024\\\/06\\\/IMG_6747-Copy.jpg&quot;,&quot;pid&quot;:206783,&quot;galleryid&quot;:1,&quot;description&quot;:&quot;&quot;,&quot;alttext&quot;:&quot;Ag\\u00eancia do Banco do Nordeste comemora 60 anos de Valen\\u00e7a do Piau\\u00ed&quot;,&quot;thumbnailURL&quot;:&quot;https:\\\/\\\/portalv1.com.br\\\/app\\\/wp-content\\\/uploads\\\/2024\\\/06\\\/IMG_6747-Copy-400x250.jpg&quot;,&quot;style&quot;:&quot;&quot;},{&quot;thumbcode&quot;:&quot;https:\\\/\\\/portalv1.com.br\\\/app\\\/wp-content\\\/uploads\\\/2024\\\/06\\\/IMG_6750-Copy-400x250.jpg&quot;,&quot;imageURL&quot;:&quot;https:\\\/\\\/portalv1.com.br\\\/app\\\/wp-content\\\/uploads\\\/2024\\\/06\\\/IMG_6750-Copy.jpg&quot;,&quot;pid&quot;:206784,&quot;galleryid&quot;:1,&quot;description&quot;:&quot;&quot;,&quot;alttext&quot;:&quot;Ag\\u00eancia do Banco do Nordeste comemora 60 anos de Valen\\u00e7a do Piau\\u00ed&quot;,&quot;thumbnailURL&quot;:&quot;https:\\\/\\\/portalv1.com.br\\\/app\\\/wp-content\\\/uploads\\\/2024\\\/06\\\/IMG_6750-Copy-400x250.jpg&quot;,&quot;style&quot;:&quot;&quot;},{&quot;thumbcode&quot;:&quot;https:\\\/\\\/portalv1.com.br\\\/app\\\/wp-content\\\/uploads\\\/2024\\\/06\\\/IMG_6755-Copy-400x250.jpg&quot;,&quot;imageURL&quot;:&quot;https:\\\/\\\/portalv1.com.br\\\/app\\\/wp-content\\\/uploads\\\/2024\\\/06\\\/IMG_6755-Copy.jpg&quot;,&quot;pid&quot;:206785,&quot;galleryid&quot;:1,&quot;description&quot;:&quot;&quot;,&quot;alttext&quot;:&quot;Ag\\u00eancia do Banco do Nordeste comemora 60 anos de Valen\\u00e7a do Piau\\u00ed&quot;,&quot;thumbnailURL&quot;:&quot;https:\\\/\\\/portalv1.com.br\\\/app\\\/wp-content\\\/uploads\\\/2024\\\/06\\\/IMG_6755-Copy-400x250.jpg&quot;,&quot;style&quot;:&quot;&quot;}]}}\"><\/div>\n                  <\/div>\n","protected":false},"excerpt":{"rendered":"<p>A ag\u00eancia do Banco do Nordeste de Valen\u00e7a do Piau\u00ed comemora 60 anos de Valen\u00e7a nesta ter\u00e7a-feira (18) e a data foi comemorada pela ger\u00eancia com um coffee break em&#8230;<\/p>\n","protected":false},"author":1,"featured_media":206771,"comment_status":"open","ping_status":"open","sticky":false,"template":"","format":"standard","meta":{"ngg_post_thumbnail":0,"footnotes":""},"categories":[243],"tags":[],"class_list":["post-206770","post","type-post","status-publish","format-standard","has-post-thumbnail","hentry","category-geral"],"views":2928,"meta_data":{"thumb":"https:\/\/portalv1.com.br\/app\/wp-content\/uploads\/2024\/06\/IMG_6689-Copy.jpg","imagem":{"fullsize":{"url":"https:\/\/portalv1.com.br\/app\/wp-content\/uploads\/2024\/06\/IMG_6689-Copy.jpg","width":1920,"height":1078},"medium":{"url":"https:\/\/portalv1.com.br\/app\/wp-content\/uploads\/2024\/06\/IMG_6689-Copy-300x168.jpg","width":300,"height":168},"large":{"url":"https:\/\/portalv1.com.br\/app\/wp-content\/uploads\/2024\/06\/IMG_6689-Copy-640x359.jpg","width":640,"height":359},"thumbnail":{"url":"https:\/\/portalv1.com.br\/app\/wp-content\/uploads\/2024\/06\/IMG_6689-Copy-100x100.jpg","width":100,"height":100},"medium_large":{"url":"https:\/\/portalv1.com.br\/app\/wp-content\/uploads\/2024\/06\/IMG_6689-Copy-768x431.jpg","width":768,"height":431},"1536x1536":{"url":"https:\/\/portalv1.com.br\/app\/wp-content\/uploads\/2024\/06\/IMG_6689-Copy-1536x862.jpg","width":1536,"height":862}},"data":{"simple":"18\/06\/2024","date_time":"18\/06\/2024 10:12:45","date":"h\u00e1 2 anos"},"chapeu":"1\u00aa Ag\u00eancia da regi\u00e3o ","source":"slide"},"_links":{"self":[{"href":"https:\/\/portalv1.com.br\/api\/wp\/v2\/posts\/206770","targetHints":{"allow":["GET"]}}],"collection":[{"href":"https:\/\/portalv1.com.br\/api\/wp\/v2\/posts"}],"about":[{"href":"https:\/\/portalv1.com.br\/api\/wp\/v2\/types\/post"}],"author":[{"embeddable":true,"href":"https:\/\/portalv1.com.br\/api\/wp\/v2\/users\/1"}],"replies":[{"embeddable":true,"href":"https:\/\/portalv1.com.br\/api\/wp\/v2\/comments?post=206770"}],"version-history":[{"count":0,"href":"https:\/\/portalv1.com.br\/api\/wp\/v2\/posts\/206770\/revisions"}],"wp:featuredmedia":[{"embeddable":true,"href":"https:\/\/portalv1.com.br\/api\/wp\/v2\/media\/206771"}],"wp:attachment":[{"href":"https:\/\/portalv1.com.br\/api\/wp\/v2\/media?parent=206770"}],"wp:term":[{"taxonomy":"category","embeddable":true,"href":"https:\/\/portalv1.com.br\/api\/wp\/v2\/categories?post=206770"},{"taxonomy":"post_tag","embeddable":true,"href":"https:\/\/portalv1.com.br\/api\/wp\/v2\/tags?post=206770"}],"curies":[{"name":"wp","href":"https:\/\/api.w.org\/{rel}","templated":true}]}}