{"id":206857,"date":"2024-06-19T10:33:19","date_gmt":"2024-06-19T13:33:19","guid":{"rendered":"https:\/\/portalv1.com.br\/?p=206857"},"modified":"2024-06-19T10:33:19","modified_gmt":"2024-06-19T13:33:19","slug":"culminancia-do-projeto-resgatando-a-infancia-e-realizado-no-municipio-de-valenca","status":"publish","type":"post","link":"https:\/\/portalv1.com.br\/culminancia-do-projeto-resgatando-a-infancia-e-realizado-no-municipio-de-valenca\/","title":{"rendered":"Culmin\u00e2ncia do Projeto Resgatando a Inf\u00e2ncia \u00e9 realizado no munic\u00edpio de Valen\u00e7a"},"content":{"rendered":"<p>O munic\u00edpio de Valen\u00e7a do Piau\u00ed realizou nesta ter\u00e7a-feira (18), a culmin\u00e2ncia do Projeto Resgatando a Inf\u00e2ncia com premia\u00e7\u00e3o para os melhores trabalhos. A a\u00e7\u00e3o \u00e9 uma parceria da Secretaria de Educa\u00e7\u00e3o com o Minist\u00e9rio P\u00fablico do Trabalho.<\/p>\n<p>O projeto MTP na Escola 2024 tem como foco mobilizar, conscientizar e previnir o trabalho infantil. Na ocasi\u00e3o, as escolas municipais da zona urbana de Valen\u00e7a participaram com apresenta\u00e7\u00f5es de trabalhos desenvolvidos pelos alunos sobre a tem\u00e1tica.<\/p>\n<p>A comiss\u00e3o organizadora do projeto \u00e9 coordenado pelo professor Ant\u00f4nio Jos\u00e9 junto com Let\u00edcia Nunes que deu detalhes sobre o projeto MTP na Escola. &#8220;Foram trabalhados nesse projeto em cinco escolas com um material vindo direto de Picos, uma proposta diretamente do Minist\u00e9rio P\u00fablico do Trabalho que foi desenvolvido em sala de aula\u201d, disse a coordenadora que acrescentou. \u201cEsse projeto \u00e9 trabalhado em quatro categorias que \u00e9 conto, poesia, desenho e m\u00fasica\u201d.<\/p>\n<p>A secret\u00e1ria de Educa\u00e7\u00e3o Iara Costa destacou a import\u00e2ncia desse projeto para educa\u00e7\u00e3o infantil. \u201cEu avalio de forma positiva, pois as escolas est\u00e3o resgatando essas crian\u00e7as que muitas vezes deixa de ir a escola para trabalhar para o sustento da fam\u00edlia e esse projeto s\u00f3 para engrandecer, mostrar para nossas crian\u00e7as que o lugar delas \u00e9 na escola e que a educa\u00e7\u00e3o \u00e9 que transforma\u201d, frisou Iara Costa.<\/p>\n<div class=\"ngg-galleryoverview\" id=\"1\">\n                    <div data-widget=\"Galeria\" data-props=\"{&quot;galeria&quot;:{&quot;max_page&quot;:3,&quot;total&quot;:58,&quot;gallery_id&quot;:1,&quot;images&quot;:[{&quot;thumbcode&quot;:&quot;https:\\\/\\\/portalv1.com.br\\\/app\\\/wp-content\\\/uploads\\\/2024\\\/06\\\/20240621090834_IMG_6167-400x250.jpg&quot;,&quot;imageURL&quot;:&quot;https:\\\/\\\/portalv1.com.br\\\/app\\\/wp-content\\\/uploads\\\/2024\\\/06\\\/20240621090834_IMG_6167.jpg&quot;,&quot;pid&quot;:206858,&quot;galleryid&quot;:1,&quot;description&quot;:&quot;&quot;,&quot;alttext&quot;:&quot;Culmin\\u00e2ncia do Projeto Resgatando a Inf\\u00e2ncia \\u00e9 realizado no munic\\u00edpio de Valen\\u00e7a&quot;,&quot;thumbnailURL&quot;:&quot;https:\\\/\\\/portalv1.com.br\\\/app\\\/wp-content\\\/uploads\\\/2024\\\/06\\\/20240621090834_IMG_6167-400x250.jpg&quot;,&quot;style&quot;:&quot;&quot;},{&quot;thumbcode&quot;:&quot;https:\\\/\\\/portalv1.com.br\\\/app\\\/wp-content\\\/uploads\\\/2024\\\/06\\\/20240621090852_IMG_6170-400x250.jpg&quot;,&quot;imageURL&quot;:&quot;https:\\\/\\\/portalv1.com.br\\\/app\\\/wp-content\\\/uploads\\\/2024\\\/06\\\/20240621090852_IMG_6170.jpg&quot;,&quot;pid&quot;:206859,&quot;galleryid&quot;:1,&quot;description&quot;:&quot;&quot;,&quot;alttext&quot;:&quot;Culmin\\u00e2ncia do Projeto Resgatando a Inf\\u00e2ncia \\u00e9 realizado no munic\\u00edpio de Valen\\u00e7a&quot;,&quot;thumbnailURL&quot;:&quot;https:\\\/\\\/portalv1.com.br\\\/app\\\/wp-content\\\/uploads\\\/2024\\\/06\\\/20240621090852_IMG_6170-400x250.jpg&quot;,&quot;style&quot;:&quot;&quot;},{&quot;thumbcode&quot;:&quot;https:\\\/\\\/portalv1.com.br\\\/app\\\/wp-content\\\/uploads\\\/2024\\\/06\\\/20240621090914_IMG_6172-400x250.jpg&quot;,&quot;imageURL&quot;:&quot;https:\\\/\\\/portalv1.com.br\\\/app\\\/wp-content\\\/uploads\\\/2024\\\/06\\\/20240621090914_IMG_6172.jpg&quot;,&quot;pid&quot;:206860,&quot;galleryid&quot;:1,&quot;description&quot;:&quot;&quot;,&quot;alttext&quot;:&quot;Culmin\\u00e2ncia do Projeto Resgatando a Inf\\u00e2ncia \\u00e9 realizado no munic\\u00edpio de Valen\\u00e7a&quot;,&quot;thumbnailURL&quot;:&quot;https:\\\/\\\/portalv1.com.br\\\/app\\\/wp-content\\\/uploads\\\/2024\\\/06\\\/20240621090914_IMG_6172-400x250.jpg&quot;,&quot;style&quot;:&quot;&quot;},{&quot;thumbcode&quot;:&quot;https:\\\/\\\/portalv1.com.br\\\/app\\\/wp-content\\\/uploads\\\/2024\\\/06\\\/20240621090944_IMG_6174-400x250.jpg&quot;,&quot;imageURL&quot;:&quot;https:\\\/\\\/portalv1.com.br\\\/app\\\/wp-content\\\/uploads\\\/2024\\\/06\\\/20240621090944_IMG_6174.jpg&quot;,&quot;pid&quot;:206861,&quot;galleryid&quot;:1,&quot;description&quot;:&quot;&quot;,&quot;alttext&quot;:&quot;Culmin\\u00e2ncia do Projeto Resgatando a Inf\\u00e2ncia \\u00e9 realizado no munic\\u00edpio de Valen\\u00e7a&quot;,&quot;thumbnailURL&quot;:&quot;https:\\\/\\\/portalv1.com.br\\\/app\\\/wp-content\\\/uploads\\\/2024\\\/06\\\/20240621090944_IMG_6174-400x250.jpg&quot;,&quot;style&quot;:&quot;&quot;},{&quot;thumbcode&quot;:&quot;https:\\\/\\\/portalv1.com.br\\\/app\\\/wp-content\\\/uploads\\\/2024\\\/06\\\/20240621091011_IMG_6175-400x250.jpg&quot;,&quot;imageURL&quot;:&quot;https:\\\/\\\/portalv1.com.br\\\/app\\\/wp-content\\\/uploads\\\/2024\\\/06\\\/20240621091011_IMG_6175.jpg&quot;,&quot;pid&quot;:206862,&quot;galleryid&quot;:1,&quot;description&quot;:&quot;&quot;,&quot;alttext&quot;:&quot;Culmin\\u00e2ncia do Projeto Resgatando a Inf\\u00e2ncia \\u00e9 realizado no munic\\u00edpio de Valen\\u00e7a&quot;,&quot;thumbnailURL&quot;:&quot;https:\\\/\\\/portalv1.com.br\\\/app\\\/wp-content\\\/uploads\\\/2024\\\/06\\\/20240621091011_IMG_6175-400x250.jpg&quot;,&quot;style&quot;:&quot;&quot;},{&quot;thumbcode&quot;:&quot;https:\\\/\\\/portalv1.com.br\\\/app\\\/wp-content\\\/uploads\\\/2024\\\/06\\\/20240621091137_IMG_6181-400x250.jpg&quot;,&quot;imageURL&quot;:&quot;https:\\\/\\\/portalv1.com.br\\\/app\\\/wp-content\\\/uploads\\\/2024\\\/06\\\/20240621091137_IMG_6181.jpg&quot;,&quot;pid&quot;:206863,&quot;galleryid&quot;:1,&quot;description&quot;:&quot;&quot;,&quot;alttext&quot;:&quot;Culmin\\u00e2ncia do Projeto Resgatando a Inf\\u00e2ncia \\u00e9 realizado no munic\\u00edpio de Valen\\u00e7a&quot;,&quot;thumbnailURL&quot;:&quot;https:\\\/\\\/portalv1.com.br\\\/app\\\/wp-content\\\/uploads\\\/2024\\\/06\\\/20240621091137_IMG_6181-400x250.jpg&quot;,&quot;style&quot;:&quot;&quot;},{&quot;thumbcode&quot;:&quot;https:\\\/\\\/portalv1.com.br\\\/app\\\/wp-content\\\/uploads\\\/2024\\\/06\\\/20240621091638_IMG_6182-400x250.jpg&quot;,&quot;imageURL&quot;:&quot;https:\\\/\\\/portalv1.com.br\\\/app\\\/wp-content\\\/uploads\\\/2024\\\/06\\\/20240621091638_IMG_6182.jpg&quot;,&quot;pid&quot;:206864,&quot;galleryid&quot;:1,&quot;description&quot;:&quot;&quot;,&quot;alttext&quot;:&quot;Culmin\\u00e2ncia do Projeto Resgatando a Inf\\u00e2ncia \\u00e9 realizado no munic\\u00edpio de Valen\\u00e7a&quot;,&quot;thumbnailURL&quot;:&quot;https:\\\/\\\/portalv1.com.br\\\/app\\\/wp-content\\\/uploads\\\/2024\\\/06\\\/20240621091638_IMG_6182-400x250.jpg&quot;,&quot;style&quot;:&quot;&quot;},{&quot;thumbcode&quot;:&quot;https:\\\/\\\/portalv1.com.br\\\/app\\\/wp-content\\\/uploads\\\/2024\\\/06\\\/20240621091705_IMG_6185-400x250.jpg&quot;,&quot;imageURL&quot;:&quot;https:\\\/\\\/portalv1.com.br\\\/app\\\/wp-content\\\/uploads\\\/2024\\\/06\\\/20240621091705_IMG_6185.jpg&quot;,&quot;pid&quot;:206865,&quot;galleryid&quot;:1,&quot;description&quot;:&quot;&quot;,&quot;alttext&quot;:&quot;Culmin\\u00e2ncia do Projeto Resgatando a Inf\\u00e2ncia \\u00e9 realizado no munic\\u00edpio de Valen\\u00e7a&quot;,&quot;thumbnailURL&quot;:&quot;https:\\\/\\\/portalv1.com.br\\\/app\\\/wp-content\\\/uploads\\\/2024\\\/06\\\/20240621091705_IMG_6185-400x250.jpg&quot;,&quot;style&quot;:&quot;&quot;},{&quot;thumbcode&quot;:&quot;https:\\\/\\\/portalv1.com.br\\\/app\\\/wp-content\\\/uploads\\\/2024\\\/06\\\/20240621092132_IMG_6187-400x250.jpg&quot;,&quot;imageURL&quot;:&quot;https:\\\/\\\/portalv1.com.br\\\/app\\\/wp-content\\\/uploads\\\/2024\\\/06\\\/20240621092132_IMG_6187.jpg&quot;,&quot;pid&quot;:206866,&quot;galleryid&quot;:1,&quot;description&quot;:&quot;&quot;,&quot;alttext&quot;:&quot;Culmin\\u00e2ncia do Projeto Resgatando a Inf\\u00e2ncia \\u00e9 realizado no munic\\u00edpio de Valen\\u00e7a&quot;,&quot;thumbnailURL&quot;:&quot;https:\\\/\\\/portalv1.com.br\\\/app\\\/wp-content\\\/uploads\\\/2024\\\/06\\\/20240621092132_IMG_6187-400x250.jpg&quot;,&quot;style&quot;:&quot;&quot;},{&quot;thumbcode&quot;:&quot;https:\\\/\\\/portalv1.com.br\\\/app\\\/wp-content\\\/uploads\\\/2024\\\/06\\\/20240621093104_IMG_6189-400x250.jpg&quot;,&quot;imageURL&quot;:&quot;https:\\\/\\\/portalv1.com.br\\\/app\\\/wp-content\\\/uploads\\\/2024\\\/06\\\/20240621093104_IMG_6189.jpg&quot;,&quot;pid&quot;:206867,&quot;galleryid&quot;:1,&quot;description&quot;:&quot;&quot;,&quot;alttext&quot;:&quot;Culmin\\u00e2ncia do Projeto Resgatando a Inf\\u00e2ncia \\u00e9 realizado no munic\\u00edpio de Valen\\u00e7a&quot;,&quot;thumbnailURL&quot;:&quot;https:\\\/\\\/portalv1.com.br\\\/app\\\/wp-content\\\/uploads\\\/2024\\\/06\\\/20240621093104_IMG_6189-400x250.jpg&quot;,&quot;style&quot;:&quot;&quot;},{&quot;thumbcode&quot;:&quot;https:\\\/\\\/portalv1.com.br\\\/app\\\/wp-content\\\/uploads\\\/2024\\\/06\\\/20240621093110_IMG_6191-400x250.jpg&quot;,&quot;imageURL&quot;:&quot;https:\\\/\\\/portalv1.com.br\\\/app\\\/wp-content\\\/uploads\\\/2024\\\/06\\\/20240621093110_IMG_6191.jpg&quot;,&quot;pid&quot;:206868,&quot;galleryid&quot;:1,&quot;description&quot;:&quot;&quot;,&quot;alttext&quot;:&quot;Culmin\\u00e2ncia do Projeto Resgatando a Inf\\u00e2ncia \\u00e9 realizado no munic\\u00edpio de Valen\\u00e7a&quot;,&quot;thumbnailURL&quot;:&quot;https:\\\/\\\/portalv1.com.br\\\/app\\\/wp-content\\\/uploads\\\/2024\\\/06\\\/20240621093110_IMG_6191-400x250.jpg&quot;,&quot;style&quot;:&quot;&quot;},{&quot;thumbcode&quot;:&quot;https:\\\/\\\/portalv1.com.br\\\/app\\\/wp-content\\\/uploads\\\/2024\\\/06\\\/20240621093130_IMG_6192-400x250.jpg&quot;,&quot;imageURL&quot;:&quot;https:\\\/\\\/portalv1.com.br\\\/app\\\/wp-content\\\/uploads\\\/2024\\\/06\\\/20240621093130_IMG_6192.jpg&quot;,&quot;pid&quot;:206869,&quot;galleryid&quot;:1,&quot;description&quot;:&quot;&quot;,&quot;alttext&quot;:&quot;Culmin\\u00e2ncia do Projeto Resgatando a Inf\\u00e2ncia \\u00e9 realizado no munic\\u00edpio de Valen\\u00e7a&quot;,&quot;thumbnailURL&quot;:&quot;https:\\\/\\\/portalv1.com.br\\\/app\\\/wp-content\\\/uploads\\\/2024\\\/06\\\/20240621093130_IMG_6192-400x250.jpg&quot;,&quot;style&quot;:&quot;&quot;},{&quot;thumbcode&quot;:&quot;https:\\\/\\\/portalv1.com.br\\\/app\\\/wp-content\\\/uploads\\\/2024\\\/06\\\/20240621093139_IMG_6195-400x250.jpg&quot;,&quot;imageURL&quot;:&quot;https:\\\/\\\/portalv1.com.br\\\/app\\\/wp-content\\\/uploads\\\/2024\\\/06\\\/20240621093139_IMG_6195.jpg&quot;,&quot;pid&quot;:206870,&quot;galleryid&quot;:1,&quot;description&quot;:&quot;&quot;,&quot;alttext&quot;:&quot;Culmin\\u00e2ncia do Projeto Resgatando a Inf\\u00e2ncia \\u00e9 realizado no munic\\u00edpio de Valen\\u00e7a&quot;,&quot;thumbnailURL&quot;:&quot;https:\\\/\\\/portalv1.com.br\\\/app\\\/wp-content\\\/uploads\\\/2024\\\/06\\\/20240621093139_IMG_6195-400x250.jpg&quot;,&quot;style&quot;:&quot;&quot;},{&quot;thumbcode&quot;:&quot;https:\\\/\\\/portalv1.com.br\\\/app\\\/wp-content\\\/uploads\\\/2024\\\/06\\\/20240621093214_IMG_6197-400x250.jpg&quot;,&quot;imageURL&quot;:&quot;https:\\\/\\\/portalv1.com.br\\\/app\\\/wp-content\\\/uploads\\\/2024\\\/06\\\/20240621093214_IMG_6197.jpg&quot;,&quot;pid&quot;:206871,&quot;galleryid&quot;:1,&quot;description&quot;:&quot;&quot;,&quot;alttext&quot;:&quot;Culmin\\u00e2ncia do Projeto Resgatando a Inf\\u00e2ncia \\u00e9 realizado no munic\\u00edpio de Valen\\u00e7a&quot;,&quot;thumbnailURL&quot;:&quot;https:\\\/\\\/portalv1.com.br\\\/app\\\/wp-content\\\/uploads\\\/2024\\\/06\\\/20240621093214_IMG_6197-400x250.jpg&quot;,&quot;style&quot;:&quot;&quot;},{&quot;thumbcode&quot;:&quot;https:\\\/\\\/portalv1.com.br\\\/app\\\/wp-content\\\/uploads\\\/2024\\\/06\\\/20240621093215_IMG_6198-400x250.jpg&quot;,&quot;imageURL&quot;:&quot;https:\\\/\\\/portalv1.com.br\\\/app\\\/wp-content\\\/uploads\\\/2024\\\/06\\\/20240621093215_IMG_6198.jpg&quot;,&quot;pid&quot;:206872,&quot;galleryid&quot;:1,&quot;description&quot;:&quot;&quot;,&quot;alttext&quot;:&quot;Culmin\\u00e2ncia do Projeto Resgatando a Inf\\u00e2ncia \\u00e9 realizado no munic\\u00edpio de Valen\\u00e7a&quot;,&quot;thumbnailURL&quot;:&quot;https:\\\/\\\/portalv1.com.br\\\/app\\\/wp-content\\\/uploads\\\/2024\\\/06\\\/20240621093215_IMG_6198-400x250.jpg&quot;,&quot;style&quot;:&quot;&quot;},{&quot;thumbcode&quot;:&quot;https:\\\/\\\/portalv1.com.br\\\/app\\\/wp-content\\\/uploads\\\/2024\\\/06\\\/20240621093230_IMG_6199-400x250.jpg&quot;,&quot;imageURL&quot;:&quot;https:\\\/\\\/portalv1.com.br\\\/app\\\/wp-content\\\/uploads\\\/2024\\\/06\\\/20240621093230_IMG_6199.jpg&quot;,&quot;pid&quot;:206873,&quot;galleryid&quot;:1,&quot;description&quot;:&quot;&quot;,&quot;alttext&quot;:&quot;Culmin\\u00e2ncia do Projeto Resgatando a Inf\\u00e2ncia \\u00e9 realizado no munic\\u00edpio de Valen\\u00e7a&quot;,&quot;thumbnailURL&quot;:&quot;https:\\\/\\\/portalv1.com.br\\\/app\\\/wp-content\\\/uploads\\\/2024\\\/06\\\/20240621093230_IMG_6199-400x250.jpg&quot;,&quot;style&quot;:&quot;&quot;},{&quot;thumbcode&quot;:&quot;https:\\\/\\\/portalv1.com.br\\\/app\\\/wp-content\\\/uploads\\\/2024\\\/06\\\/20240621093243_IMG_6200-400x250.jpg&quot;,&quot;imageURL&quot;:&quot;https:\\\/\\\/portalv1.com.br\\\/app\\\/wp-content\\\/uploads\\\/2024\\\/06\\\/20240621093243_IMG_6200.jpg&quot;,&quot;pid&quot;:206874,&quot;galleryid&quot;:1,&quot;description&quot;:&quot;&quot;,&quot;alttext&quot;:&quot;Culmin\\u00e2ncia do Projeto Resgatando a Inf\\u00e2ncia \\u00e9 realizado no munic\\u00edpio de Valen\\u00e7a&quot;,&quot;thumbnailURL&quot;:&quot;https:\\\/\\\/portalv1.com.br\\\/app\\\/wp-content\\\/uploads\\\/2024\\\/06\\\/20240621093243_IMG_6200-400x250.jpg&quot;,&quot;style&quot;:&quot;&quot;},{&quot;thumbcode&quot;:&quot;https:\\\/\\\/portalv1.com.br\\\/app\\\/wp-content\\\/uploads\\\/2024\\\/06\\\/20240621093253_IMG_6201-400x250.jpg&quot;,&quot;imageURL&quot;:&quot;https:\\\/\\\/portalv1.com.br\\\/app\\\/wp-content\\\/uploads\\\/2024\\\/06\\\/20240621093253_IMG_6201.jpg&quot;,&quot;pid&quot;:206875,&quot;galleryid&quot;:1,&quot;description&quot;:&quot;&quot;,&quot;alttext&quot;:&quot;Culmin\\u00e2ncia do Projeto Resgatando a Inf\\u00e2ncia \\u00e9 realizado no munic\\u00edpio de Valen\\u00e7a&quot;,&quot;thumbnailURL&quot;:&quot;https:\\\/\\\/portalv1.com.br\\\/app\\\/wp-content\\\/uploads\\\/2024\\\/06\\\/20240621093253_IMG_6201-400x250.jpg&quot;,&quot;style&quot;:&quot;&quot;},{&quot;thumbcode&quot;:&quot;https:\\\/\\\/portalv1.com.br\\\/app\\\/wp-content\\\/uploads\\\/2024\\\/06\\\/20240621093451_IMG_6203-400x250.jpg&quot;,&quot;imageURL&quot;:&quot;https:\\\/\\\/portalv1.com.br\\\/app\\\/wp-content\\\/uploads\\\/2024\\\/06\\\/20240621093451_IMG_6203.jpg&quot;,&quot;pid&quot;:206876,&quot;galleryid&quot;:1,&quot;description&quot;:&quot;&quot;,&quot;alttext&quot;:&quot;Culmin\\u00e2ncia do Projeto Resgatando a Inf\\u00e2ncia \\u00e9 realizado no munic\\u00edpio de Valen\\u00e7a&quot;,&quot;thumbnailURL&quot;:&quot;https:\\\/\\\/portalv1.com.br\\\/app\\\/wp-content\\\/uploads\\\/2024\\\/06\\\/20240621093451_IMG_6203-400x250.jpg&quot;,&quot;style&quot;:&quot;&quot;},{&quot;thumbcode&quot;:&quot;https:\\\/\\\/portalv1.com.br\\\/app\\\/wp-content\\\/uploads\\\/2024\\\/06\\\/20240621093747_IMG_6204-400x250.jpg&quot;,&quot;imageURL&quot;:&quot;https:\\\/\\\/portalv1.com.br\\\/app\\\/wp-content\\\/uploads\\\/2024\\\/06\\\/20240621093747_IMG_6204.jpg&quot;,&quot;pid&quot;:206877,&quot;galleryid&quot;:1,&quot;description&quot;:&quot;&quot;,&quot;alttext&quot;:&quot;Culmin\\u00e2ncia do Projeto Resgatando a Inf\\u00e2ncia \\u00e9 realizado no munic\\u00edpio de Valen\\u00e7a&quot;,&quot;thumbnailURL&quot;:&quot;https:\\\/\\\/portalv1.com.br\\\/app\\\/wp-content\\\/uploads\\\/2024\\\/06\\\/20240621093747_IMG_6204-400x250.jpg&quot;,&quot;style&quot;:&quot;&quot;},{&quot;thumbcode&quot;:&quot;https:\\\/\\\/portalv1.com.br\\\/app\\\/wp-content\\\/uploads\\\/2024\\\/06\\\/20240621093800_IMG_6206-400x250.jpg&quot;,&quot;imageURL&quot;:&quot;https:\\\/\\\/portalv1.com.br\\\/app\\\/wp-content\\\/uploads\\\/2024\\\/06\\\/20240621093800_IMG_6206.jpg&quot;,&quot;pid&quot;:206878,&quot;galleryid&quot;:1,&quot;description&quot;:&quot;&quot;,&quot;alttext&quot;:&quot;Culmin\\u00e2ncia do Projeto Resgatando a Inf\\u00e2ncia \\u00e9 realizado no munic\\u00edpio de Valen\\u00e7a&quot;,&quot;thumbnailURL&quot;:&quot;https:\\\/\\\/portalv1.com.br\\\/app\\\/wp-content\\\/uploads\\\/2024\\\/06\\\/20240621093800_IMG_6206-400x250.jpg&quot;,&quot;style&quot;:&quot;&quot;},{&quot;thumbcode&quot;:&quot;https:\\\/\\\/portalv1.com.br\\\/app\\\/wp-content\\\/uploads\\\/2024\\\/06\\\/20240621093802_IMG_6207-400x250.jpg&quot;,&quot;imageURL&quot;:&quot;https:\\\/\\\/portalv1.com.br\\\/app\\\/wp-content\\\/uploads\\\/2024\\\/06\\\/20240621093802_IMG_6207.jpg&quot;,&quot;pid&quot;:206879,&quot;galleryid&quot;:1,&quot;description&quot;:&quot;&quot;,&quot;alttext&quot;:&quot;Culmin\\u00e2ncia do Projeto Resgatando a Inf\\u00e2ncia \\u00e9 realizado no munic\\u00edpio de Valen\\u00e7a&quot;,&quot;thumbnailURL&quot;:&quot;https:\\\/\\\/portalv1.com.br\\\/app\\\/wp-content\\\/uploads\\\/2024\\\/06\\\/20240621093802_IMG_6207-400x250.jpg&quot;,&quot;style&quot;:&quot;&quot;},{&quot;thumbcode&quot;:&quot;https:\\\/\\\/portalv1.com.br\\\/app\\\/wp-content\\\/uploads\\\/2024\\\/06\\\/20240621093842_IMG_6209-400x250.jpg&quot;,&quot;imageURL&quot;:&quot;https:\\\/\\\/portalv1.com.br\\\/app\\\/wp-content\\\/uploads\\\/2024\\\/06\\\/20240621093842_IMG_6209.jpg&quot;,&quot;pid&quot;:206880,&quot;galleryid&quot;:1,&quot;description&quot;:&quot;&quot;,&quot;alttext&quot;:&quot;Culmin\\u00e2ncia do Projeto Resgatando a Inf\\u00e2ncia \\u00e9 realizado no munic\\u00edpio de Valen\\u00e7a&quot;,&quot;thumbnailURL&quot;:&quot;https:\\\/\\\/portalv1.com.br\\\/app\\\/wp-content\\\/uploads\\\/2024\\\/06\\\/20240621093842_IMG_6209-400x250.jpg&quot;,&quot;style&quot;:&quot;&quot;},{&quot;thumbcode&quot;:&quot;https:\\\/\\\/portalv1.com.br\\\/app\\\/wp-content\\\/uploads\\\/2024\\\/06\\\/20240621093903_IMG_6211-400x250.jpg&quot;,&quot;imageURL&quot;:&quot;https:\\\/\\\/portalv1.com.br\\\/app\\\/wp-content\\\/uploads\\\/2024\\\/06\\\/20240621093903_IMG_6211.jpg&quot;,&quot;pid&quot;:206881,&quot;galleryid&quot;:1,&quot;description&quot;:&quot;&quot;,&quot;alttext&quot;:&quot;Culmin\\u00e2ncia do Projeto Resgatando a Inf\\u00e2ncia \\u00e9 realizado no munic\\u00edpio de Valen\\u00e7a&quot;,&quot;thumbnailURL&quot;:&quot;https:\\\/\\\/portalv1.com.br\\\/app\\\/wp-content\\\/uploads\\\/2024\\\/06\\\/20240621093903_IMG_6211-400x250.jpg&quot;,&quot;style&quot;:&quot;&quot;},{&quot;thumbcode&quot;:&quot;https:\\\/\\\/portalv1.com.br\\\/app\\\/wp-content\\\/uploads\\\/2024\\\/06\\\/20240621093952_IMG_6215-400x250.jpg&quot;,&quot;imageURL&quot;:&quot;https:\\\/\\\/portalv1.com.br\\\/app\\\/wp-content\\\/uploads\\\/2024\\\/06\\\/20240621093952_IMG_6215.jpg&quot;,&quot;pid&quot;:206882,&quot;galleryid&quot;:1,&quot;description&quot;:&quot;&quot;,&quot;alttext&quot;:&quot;Culmin\\u00e2ncia do Projeto Resgatando a Inf\\u00e2ncia \\u00e9 realizado no munic\\u00edpio de Valen\\u00e7a&quot;,&quot;thumbnailURL&quot;:&quot;https:\\\/\\\/portalv1.com.br\\\/app\\\/wp-content\\\/uploads\\\/2024\\\/06\\\/20240621093952_IMG_6215-400x250.jpg&quot;,&quot;style&quot;:&quot;&quot;},{&quot;thumbcode&quot;:&quot;https:\\\/\\\/portalv1.com.br\\\/app\\\/wp-content\\\/uploads\\\/2024\\\/06\\\/20240621094122_IMG_6220-400x250.jpg&quot;,&quot;imageURL&quot;:&quot;https:\\\/\\\/portalv1.com.br\\\/app\\\/wp-content\\\/uploads\\\/2024\\\/06\\\/20240621094122_IMG_6220.jpg&quot;,&quot;pid&quot;:206883,&quot;galleryid&quot;:1,&quot;description&quot;:&quot;&quot;,&quot;alttext&quot;:&quot;Culmin\\u00e2ncia do Projeto Resgatando a Inf\\u00e2ncia \\u00e9 realizado no munic\\u00edpio de Valen\\u00e7a&quot;,&quot;thumbnailURL&quot;:&quot;https:\\\/\\\/portalv1.com.br\\\/app\\\/wp-content\\\/uploads\\\/2024\\\/06\\\/20240621094122_IMG_6220-400x250.jpg&quot;,&quot;style&quot;:&quot;&quot;},{&quot;thumbcode&quot;:&quot;https:\\\/\\\/portalv1.com.br\\\/app\\\/wp-content\\\/uploads\\\/2024\\\/06\\\/20240621094235_IMG_6223-400x250.jpg&quot;,&quot;imageURL&quot;:&quot;https:\\\/\\\/portalv1.com.br\\\/app\\\/wp-content\\\/uploads\\\/2024\\\/06\\\/20240621094235_IMG_6223.jpg&quot;,&quot;pid&quot;:206884,&quot;galleryid&quot;:1,&quot;description&quot;:&quot;&quot;,&quot;alttext&quot;:&quot;Culmin\\u00e2ncia do Projeto Resgatando a Inf\\u00e2ncia \\u00e9 realizado no munic\\u00edpio de Valen\\u00e7a&quot;,&quot;thumbnailURL&quot;:&quot;https:\\\/\\\/portalv1.com.br\\\/app\\\/wp-content\\\/uploads\\\/2024\\\/06\\\/20240621094235_IMG_6223-400x250.jpg&quot;,&quot;style&quot;:&quot;&quot;},{&quot;thumbcode&quot;:&quot;https:\\\/\\\/portalv1.com.br\\\/app\\\/wp-content\\\/uploads\\\/2024\\\/06\\\/20240621094259_IMG_6225-400x250.jpg&quot;,&quot;imageURL&quot;:&quot;https:\\\/\\\/portalv1.com.br\\\/app\\\/wp-content\\\/uploads\\\/2024\\\/06\\\/20240621094259_IMG_6225.jpg&quot;,&quot;pid&quot;:206885,&quot;galleryid&quot;:1,&quot;description&quot;:&quot;&quot;,&quot;alttext&quot;:&quot;Culmin\\u00e2ncia do Projeto Resgatando a Inf\\u00e2ncia \\u00e9 realizado no munic\\u00edpio de Valen\\u00e7a&quot;,&quot;thumbnailURL&quot;:&quot;https:\\\/\\\/portalv1.com.br\\\/app\\\/wp-content\\\/uploads\\\/2024\\\/06\\\/20240621094259_IMG_6225-400x250.jpg&quot;,&quot;style&quot;:&quot;&quot;},{&quot;thumbcode&quot;:&quot;https:\\\/\\\/portalv1.com.br\\\/app\\\/wp-content\\\/uploads\\\/2024\\\/06\\\/20240621094350_IMG_6227-400x250.jpg&quot;,&quot;imageURL&quot;:&quot;https:\\\/\\\/portalv1.com.br\\\/app\\\/wp-content\\\/uploads\\\/2024\\\/06\\\/20240621094350_IMG_6227.jpg&quot;,&quot;pid&quot;:206886,&quot;galleryid&quot;:1,&quot;description&quot;:&quot;&quot;,&quot;alttext&quot;:&quot;Culmin\\u00e2ncia do Projeto Resgatando a Inf\\u00e2ncia \\u00e9 realizado no munic\\u00edpio de Valen\\u00e7a&quot;,&quot;thumbnailURL&quot;:&quot;https:\\\/\\\/portalv1.com.br\\\/app\\\/wp-content\\\/uploads\\\/2024\\\/06\\\/20240621094350_IMG_6227-400x250.jpg&quot;,&quot;style&quot;:&quot;&quot;},{&quot;thumbcode&quot;:&quot;https:\\\/\\\/portalv1.com.br\\\/app\\\/wp-content\\\/uploads\\\/2024\\\/06\\\/20240621094504_IMG_6229-400x250.jpg&quot;,&quot;imageURL&quot;:&quot;https:\\\/\\\/portalv1.com.br\\\/app\\\/wp-content\\\/uploads\\\/2024\\\/06\\\/20240621094504_IMG_6229.jpg&quot;,&quot;pid&quot;:206887,&quot;galleryid&quot;:1,&quot;description&quot;:&quot;&quot;,&quot;alttext&quot;:&quot;Culmin\\u00e2ncia do Projeto Resgatando a Inf\\u00e2ncia \\u00e9 realizado no munic\\u00edpio de Valen\\u00e7a&quot;,&quot;thumbnailURL&quot;:&quot;https:\\\/\\\/portalv1.com.br\\\/app\\\/wp-content\\\/uploads\\\/2024\\\/06\\\/20240621094504_IMG_6229-400x250.jpg&quot;,&quot;style&quot;:&quot;&quot;},{&quot;thumbcode&quot;:&quot;https:\\\/\\\/portalv1.com.br\\\/app\\\/wp-content\\\/uploads\\\/2024\\\/06\\\/20240621094542_IMG_6234-400x250.jpg&quot;,&quot;imageURL&quot;:&quot;https:\\\/\\\/portalv1.com.br\\\/app\\\/wp-content\\\/uploads\\\/2024\\\/06\\\/20240621094542_IMG_6234.jpg&quot;,&quot;pid&quot;:206888,&quot;galleryid&quot;:1,&quot;description&quot;:&quot;&quot;,&quot;alttext&quot;:&quot;Culmin\\u00e2ncia do Projeto Resgatando a Inf\\u00e2ncia \\u00e9 realizado no munic\\u00edpio de Valen\\u00e7a&quot;,&quot;thumbnailURL&quot;:&quot;https:\\\/\\\/portalv1.com.br\\\/app\\\/wp-content\\\/uploads\\\/2024\\\/06\\\/20240621094542_IMG_6234-400x250.jpg&quot;,&quot;style&quot;:&quot;&quot;},{&quot;thumbcode&quot;:&quot;https:\\\/\\\/portalv1.com.br\\\/app\\\/wp-content\\\/uploads\\\/2024\\\/06\\\/20240621094600_IMG_6236-400x250.jpg&quot;,&quot;imageURL&quot;:&quot;https:\\\/\\\/portalv1.com.br\\\/app\\\/wp-content\\\/uploads\\\/2024\\\/06\\\/20240621094600_IMG_6236.jpg&quot;,&quot;pid&quot;:206889,&quot;galleryid&quot;:1,&quot;description&quot;:&quot;&quot;,&quot;alttext&quot;:&quot;Culmin\\u00e2ncia do Projeto Resgatando a Inf\\u00e2ncia \\u00e9 realizado no munic\\u00edpio de Valen\\u00e7a&quot;,&quot;thumbnailURL&quot;:&quot;https:\\\/\\\/portalv1.com.br\\\/app\\\/wp-content\\\/uploads\\\/2024\\\/06\\\/20240621094600_IMG_6236-400x250.jpg&quot;,&quot;style&quot;:&quot;&quot;},{&quot;thumbcode&quot;:&quot;https:\\\/\\\/portalv1.com.br\\\/app\\\/wp-content\\\/uploads\\\/2024\\\/06\\\/20240621094606_IMG_6238-400x250.jpg&quot;,&quot;imageURL&quot;:&quot;https:\\\/\\\/portalv1.com.br\\\/app\\\/wp-content\\\/uploads\\\/2024\\\/06\\\/20240621094606_IMG_6238.jpg&quot;,&quot;pid&quot;:206890,&quot;galleryid&quot;:1,&quot;description&quot;:&quot;&quot;,&quot;alttext&quot;:&quot;Culmin\\u00e2ncia do Projeto Resgatando a Inf\\u00e2ncia \\u00e9 realizado no munic\\u00edpio de Valen\\u00e7a&quot;,&quot;thumbnailURL&quot;:&quot;https:\\\/\\\/portalv1.com.br\\\/app\\\/wp-content\\\/uploads\\\/2024\\\/06\\\/20240621094606_IMG_6238-400x250.jpg&quot;,&quot;style&quot;:&quot;&quot;},{&quot;thumbcode&quot;:&quot;https:\\\/\\\/portalv1.com.br\\\/app\\\/wp-content\\\/uploads\\\/2024\\\/06\\\/20240621094614_IMG_6239-400x250.jpg&quot;,&quot;imageURL&quot;:&quot;https:\\\/\\\/portalv1.com.br\\\/app\\\/wp-content\\\/uploads\\\/2024\\\/06\\\/20240621094614_IMG_6239.jpg&quot;,&quot;pid&quot;:206891,&quot;galleryid&quot;:1,&quot;description&quot;:&quot;&quot;,&quot;alttext&quot;:&quot;Culmin\\u00e2ncia do Projeto Resgatando a Inf\\u00e2ncia \\u00e9 realizado no munic\\u00edpio de Valen\\u00e7a&quot;,&quot;thumbnailURL&quot;:&quot;https:\\\/\\\/portalv1.com.br\\\/app\\\/wp-content\\\/uploads\\\/2024\\\/06\\\/20240621094614_IMG_6239-400x250.jpg&quot;,&quot;style&quot;:&quot;&quot;},{&quot;thumbcode&quot;:&quot;https:\\\/\\\/portalv1.com.br\\\/app\\\/wp-content\\\/uploads\\\/2024\\\/06\\\/20240621094711_IMG_6241-400x250.jpg&quot;,&quot;imageURL&quot;:&quot;https:\\\/\\\/portalv1.com.br\\\/app\\\/wp-content\\\/uploads\\\/2024\\\/06\\\/20240621094711_IMG_6241.jpg&quot;,&quot;pid&quot;:206892,&quot;galleryid&quot;:1,&quot;description&quot;:&quot;&quot;,&quot;alttext&quot;:&quot;Culmin\\u00e2ncia do Projeto Resgatando a Inf\\u00e2ncia \\u00e9 realizado no munic\\u00edpio de Valen\\u00e7a&quot;,&quot;thumbnailURL&quot;:&quot;https:\\\/\\\/portalv1.com.br\\\/app\\\/wp-content\\\/uploads\\\/2024\\\/06\\\/20240621094711_IMG_6241-400x250.jpg&quot;,&quot;style&quot;:&quot;&quot;},{&quot;thumbcode&quot;:&quot;https:\\\/\\\/portalv1.com.br\\\/app\\\/wp-content\\\/uploads\\\/2024\\\/06\\\/20240621095546_IMG_6243-400x250.jpg&quot;,&quot;imageURL&quot;:&quot;https:\\\/\\\/portalv1.com.br\\\/app\\\/wp-content\\\/uploads\\\/2024\\\/06\\\/20240621095546_IMG_6243.jpg&quot;,&quot;pid&quot;:206893,&quot;galleryid&quot;:1,&quot;description&quot;:&quot;&quot;,&quot;alttext&quot;:&quot;Culmin\\u00e2ncia do Projeto Resgatando a Inf\\u00e2ncia \\u00e9 realizado no munic\\u00edpio de Valen\\u00e7a&quot;,&quot;thumbnailURL&quot;:&quot;https:\\\/\\\/portalv1.com.br\\\/app\\\/wp-content\\\/uploads\\\/2024\\\/06\\\/20240621095546_IMG_6243-400x250.jpg&quot;,&quot;style&quot;:&quot;&quot;},{&quot;thumbcode&quot;:&quot;https:\\\/\\\/portalv1.com.br\\\/app\\\/wp-content\\\/uploads\\\/2024\\\/06\\\/20240621095559_IMG_6244-400x250.jpg&quot;,&quot;imageURL&quot;:&quot;https:\\\/\\\/portalv1.com.br\\\/app\\\/wp-content\\\/uploads\\\/2024\\\/06\\\/20240621095559_IMG_6244.jpg&quot;,&quot;pid&quot;:206894,&quot;galleryid&quot;:1,&quot;description&quot;:&quot;&quot;,&quot;alttext&quot;:&quot;Culmin\\u00e2ncia do Projeto Resgatando a Inf\\u00e2ncia \\u00e9 realizado no munic\\u00edpio de Valen\\u00e7a&quot;,&quot;thumbnailURL&quot;:&quot;https:\\\/\\\/portalv1.com.br\\\/app\\\/wp-content\\\/uploads\\\/2024\\\/06\\\/20240621095559_IMG_6244-400x250.jpg&quot;,&quot;style&quot;:&quot;&quot;},{&quot;thumbcode&quot;:&quot;https:\\\/\\\/portalv1.com.br\\\/app\\\/wp-content\\\/uploads\\\/2024\\\/06\\\/20240621095651_IMG_6245-400x250.jpg&quot;,&quot;imageURL&quot;:&quot;https:\\\/\\\/portalv1.com.br\\\/app\\\/wp-content\\\/uploads\\\/2024\\\/06\\\/20240621095651_IMG_6245.jpg&quot;,&quot;pid&quot;:206895,&quot;galleryid&quot;:1,&quot;description&quot;:&quot;&quot;,&quot;alttext&quot;:&quot;Culmin\\u00e2ncia do Projeto Resgatando a Inf\\u00e2ncia \\u00e9 realizado no munic\\u00edpio de Valen\\u00e7a&quot;,&quot;thumbnailURL&quot;:&quot;https:\\\/\\\/portalv1.com.br\\\/app\\\/wp-content\\\/uploads\\\/2024\\\/06\\\/20240621095651_IMG_6245-400x250.jpg&quot;,&quot;style&quot;:&quot;&quot;},{&quot;thumbcode&quot;:&quot;https:\\\/\\\/portalv1.com.br\\\/app\\\/wp-content\\\/uploads\\\/2024\\\/06\\\/20240621095657_IMG_6246-400x250.jpg&quot;,&quot;imageURL&quot;:&quot;https:\\\/\\\/portalv1.com.br\\\/app\\\/wp-content\\\/uploads\\\/2024\\\/06\\\/20240621095657_IMG_6246.jpg&quot;,&quot;pid&quot;:206896,&quot;galleryid&quot;:1,&quot;description&quot;:&quot;&quot;,&quot;alttext&quot;:&quot;Culmin\\u00e2ncia do Projeto Resgatando a Inf\\u00e2ncia \\u00e9 realizado no munic\\u00edpio de Valen\\u00e7a&quot;,&quot;thumbnailURL&quot;:&quot;https:\\\/\\\/portalv1.com.br\\\/app\\\/wp-content\\\/uploads\\\/2024\\\/06\\\/20240621095657_IMG_6246-400x250.jpg&quot;,&quot;style&quot;:&quot;&quot;},{&quot;thumbcode&quot;:&quot;https:\\\/\\\/portalv1.com.br\\\/app\\\/wp-content\\\/uploads\\\/2024\\\/06\\\/20240621100141_IMG_6249-400x250.jpg&quot;,&quot;imageURL&quot;:&quot;https:\\\/\\\/portalv1.com.br\\\/app\\\/wp-content\\\/uploads\\\/2024\\\/06\\\/20240621100141_IMG_6249.jpg&quot;,&quot;pid&quot;:206897,&quot;galleryid&quot;:1,&quot;description&quot;:&quot;&quot;,&quot;alttext&quot;:&quot;Culmin\\u00e2ncia do Projeto Resgatando a Inf\\u00e2ncia \\u00e9 realizado no munic\\u00edpio de Valen\\u00e7a&quot;,&quot;thumbnailURL&quot;:&quot;https:\\\/\\\/portalv1.com.br\\\/app\\\/wp-content\\\/uploads\\\/2024\\\/06\\\/20240621100141_IMG_6249-400x250.jpg&quot;,&quot;style&quot;:&quot;&quot;},{&quot;thumbcode&quot;:&quot;https:\\\/\\\/portalv1.com.br\\\/app\\\/wp-content\\\/uploads\\\/2024\\\/06\\\/20240621100717_IMG_6252-400x250.jpg&quot;,&quot;imageURL&quot;:&quot;https:\\\/\\\/portalv1.com.br\\\/app\\\/wp-content\\\/uploads\\\/2024\\\/06\\\/20240621100717_IMG_6252.jpg&quot;,&quot;pid&quot;:206898,&quot;galleryid&quot;:1,&quot;description&quot;:&quot;&quot;,&quot;alttext&quot;:&quot;Culmin\\u00e2ncia do Projeto Resgatando a Inf\\u00e2ncia \\u00e9 realizado no munic\\u00edpio de Valen\\u00e7a&quot;,&quot;thumbnailURL&quot;:&quot;https:\\\/\\\/portalv1.com.br\\\/app\\\/wp-content\\\/uploads\\\/2024\\\/06\\\/20240621100717_IMG_6252-400x250.jpg&quot;,&quot;style&quot;:&quot;&quot;},{&quot;thumbcode&quot;:&quot;https:\\\/\\\/portalv1.com.br\\\/app\\\/wp-content\\\/uploads\\\/2024\\\/06\\\/20240621100742_IMG_6254-400x250.jpg&quot;,&quot;imageURL&quot;:&quot;https:\\\/\\\/portalv1.com.br\\\/app\\\/wp-content\\\/uploads\\\/2024\\\/06\\\/20240621100742_IMG_6254.jpg&quot;,&quot;pid&quot;:206899,&quot;galleryid&quot;:1,&quot;description&quot;:&quot;&quot;,&quot;alttext&quot;:&quot;Culmin\\u00e2ncia do Projeto Resgatando a Inf\\u00e2ncia \\u00e9 realizado no munic\\u00edpio de Valen\\u00e7a&quot;,&quot;thumbnailURL&quot;:&quot;https:\\\/\\\/portalv1.com.br\\\/app\\\/wp-content\\\/uploads\\\/2024\\\/06\\\/20240621100742_IMG_6254-400x250.jpg&quot;,&quot;style&quot;:&quot;&quot;},{&quot;thumbcode&quot;:&quot;https:\\\/\\\/portalv1.com.br\\\/app\\\/wp-content\\\/uploads\\\/2024\\\/06\\\/20240621101027_IMG_6255-400x250.jpg&quot;,&quot;imageURL&quot;:&quot;https:\\\/\\\/portalv1.com.br\\\/app\\\/wp-content\\\/uploads\\\/2024\\\/06\\\/20240621101027_IMG_6255.jpg&quot;,&quot;pid&quot;:206900,&quot;galleryid&quot;:1,&quot;description&quot;:&quot;&quot;,&quot;alttext&quot;:&quot;Culmin\\u00e2ncia do Projeto Resgatando a Inf\\u00e2ncia \\u00e9 realizado no munic\\u00edpio de Valen\\u00e7a&quot;,&quot;thumbnailURL&quot;:&quot;https:\\\/\\\/portalv1.com.br\\\/app\\\/wp-content\\\/uploads\\\/2024\\\/06\\\/20240621101027_IMG_6255-400x250.jpg&quot;,&quot;style&quot;:&quot;&quot;},{&quot;thumbcode&quot;:&quot;https:\\\/\\\/portalv1.com.br\\\/app\\\/wp-content\\\/uploads\\\/2024\\\/06\\\/20240621101036_IMG_6256-400x250.jpg&quot;,&quot;imageURL&quot;:&quot;https:\\\/\\\/portalv1.com.br\\\/app\\\/wp-content\\\/uploads\\\/2024\\\/06\\\/20240621101036_IMG_6256.jpg&quot;,&quot;pid&quot;:206901,&quot;galleryid&quot;:1,&quot;description&quot;:&quot;&quot;,&quot;alttext&quot;:&quot;Culmin\\u00e2ncia do Projeto Resgatando a Inf\\u00e2ncia \\u00e9 realizado no munic\\u00edpio de Valen\\u00e7a&quot;,&quot;thumbnailURL&quot;:&quot;https:\\\/\\\/portalv1.com.br\\\/app\\\/wp-content\\\/uploads\\\/2024\\\/06\\\/20240621101036_IMG_6256-400x250.jpg&quot;,&quot;style&quot;:&quot;&quot;},{&quot;thumbcode&quot;:&quot;https:\\\/\\\/portalv1.com.br\\\/app\\\/wp-content\\\/uploads\\\/2024\\\/06\\\/20240621101652_IMG_6259-400x250.jpg&quot;,&quot;imageURL&quot;:&quot;https:\\\/\\\/portalv1.com.br\\\/app\\\/wp-content\\\/uploads\\\/2024\\\/06\\\/20240621101652_IMG_6259.jpg&quot;,&quot;pid&quot;:206902,&quot;galleryid&quot;:1,&quot;description&quot;:&quot;&quot;,&quot;alttext&quot;:&quot;Culmin\\u00e2ncia do Projeto Resgatando a Inf\\u00e2ncia \\u00e9 realizado no munic\\u00edpio de Valen\\u00e7a&quot;,&quot;thumbnailURL&quot;:&quot;https:\\\/\\\/portalv1.com.br\\\/app\\\/wp-content\\\/uploads\\\/2024\\\/06\\\/20240621101652_IMG_6259-400x250.jpg&quot;,&quot;style&quot;:&quot;&quot;},{&quot;thumbcode&quot;:&quot;https:\\\/\\\/portalv1.com.br\\\/app\\\/wp-content\\\/uploads\\\/2024\\\/06\\\/20240621101705_IMG_6260-400x250.jpg&quot;,&quot;imageURL&quot;:&quot;https:\\\/\\\/portalv1.com.br\\\/app\\\/wp-content\\\/uploads\\\/2024\\\/06\\\/20240621101705_IMG_6260.jpg&quot;,&quot;pid&quot;:206903,&quot;galleryid&quot;:1,&quot;description&quot;:&quot;&quot;,&quot;alttext&quot;:&quot;Culmin\\u00e2ncia do Projeto Resgatando a Inf\\u00e2ncia \\u00e9 realizado no munic\\u00edpio de Valen\\u00e7a&quot;,&quot;thumbnailURL&quot;:&quot;https:\\\/\\\/portalv1.com.br\\\/app\\\/wp-content\\\/uploads\\\/2024\\\/06\\\/20240621101705_IMG_6260-400x250.jpg&quot;,&quot;style&quot;:&quot;&quot;},{&quot;thumbcode&quot;:&quot;https:\\\/\\\/portalv1.com.br\\\/app\\\/wp-content\\\/uploads\\\/2024\\\/06\\\/20240621102049_IMG_6261-400x250.jpg&quot;,&quot;imageURL&quot;:&quot;https:\\\/\\\/portalv1.com.br\\\/app\\\/wp-content\\\/uploads\\\/2024\\\/06\\\/20240621102049_IMG_6261.jpg&quot;,&quot;pid&quot;:206904,&quot;galleryid&quot;:1,&quot;description&quot;:&quot;&quot;,&quot;alttext&quot;:&quot;Culmin\\u00e2ncia do Projeto Resgatando a Inf\\u00e2ncia \\u00e9 realizado no munic\\u00edpio de Valen\\u00e7a&quot;,&quot;thumbnailURL&quot;:&quot;https:\\\/\\\/portalv1.com.br\\\/app\\\/wp-content\\\/uploads\\\/2024\\\/06\\\/20240621102049_IMG_6261-400x250.jpg&quot;,&quot;style&quot;:&quot;&quot;},{&quot;thumbcode&quot;:&quot;https:\\\/\\\/portalv1.com.br\\\/app\\\/wp-content\\\/uploads\\\/2024\\\/06\\\/20240621102500_IMG_6264-400x250.jpg&quot;,&quot;imageURL&quot;:&quot;https:\\\/\\\/portalv1.com.br\\\/app\\\/wp-content\\\/uploads\\\/2024\\\/06\\\/20240621102500_IMG_6264.jpg&quot;,&quot;pid&quot;:206905,&quot;galleryid&quot;:1,&quot;description&quot;:&quot;&quot;,&quot;alttext&quot;:&quot;Culmin\\u00e2ncia do Projeto Resgatando a Inf\\u00e2ncia \\u00e9 realizado no munic\\u00edpio de Valen\\u00e7a&quot;,&quot;thumbnailURL&quot;:&quot;https:\\\/\\\/portalv1.com.br\\\/app\\\/wp-content\\\/uploads\\\/2024\\\/06\\\/20240621102500_IMG_6264-400x250.jpg&quot;,&quot;style&quot;:&quot;&quot;},{&quot;thumbcode&quot;:&quot;https:\\\/\\\/portalv1.com.br\\\/app\\\/wp-content\\\/uploads\\\/2024\\\/06\\\/20240621102858_IMG_6266-400x250.jpg&quot;,&quot;imageURL&quot;:&quot;https:\\\/\\\/portalv1.com.br\\\/app\\\/wp-content\\\/uploads\\\/2024\\\/06\\\/20240621102858_IMG_6266.jpg&quot;,&quot;pid&quot;:206906,&quot;galleryid&quot;:1,&quot;description&quot;:&quot;&quot;,&quot;alttext&quot;:&quot;Culmin\\u00e2ncia do Projeto Resgatando a Inf\\u00e2ncia \\u00e9 realizado no munic\\u00edpio de Valen\\u00e7a&quot;,&quot;thumbnailURL&quot;:&quot;https:\\\/\\\/portalv1.com.br\\\/app\\\/wp-content\\\/uploads\\\/2024\\\/06\\\/20240621102858_IMG_6266-400x250.jpg&quot;,&quot;style&quot;:&quot;&quot;},{&quot;thumbcode&quot;:&quot;https:\\\/\\\/portalv1.com.br\\\/app\\\/wp-content\\\/uploads\\\/2024\\\/06\\\/20240621103233_IMG_6268-400x250.jpg&quot;,&quot;imageURL&quot;:&quot;https:\\\/\\\/portalv1.com.br\\\/app\\\/wp-content\\\/uploads\\\/2024\\\/06\\\/20240621103233_IMG_6268.jpg&quot;,&quot;pid&quot;:206907,&quot;galleryid&quot;:1,&quot;description&quot;:&quot;&quot;,&quot;alttext&quot;:&quot;Culmin\\u00e2ncia do Projeto Resgatando a Inf\\u00e2ncia \\u00e9 realizado no munic\\u00edpio de Valen\\u00e7a&quot;,&quot;thumbnailURL&quot;:&quot;https:\\\/\\\/portalv1.com.br\\\/app\\\/wp-content\\\/uploads\\\/2024\\\/06\\\/20240621103233_IMG_6268-400x250.jpg&quot;,&quot;style&quot;:&quot;&quot;},{&quot;thumbcode&quot;:&quot;https:\\\/\\\/portalv1.com.br\\\/app\\\/wp-content\\\/uploads\\\/2024\\\/06\\\/20240621103619_IMG_6269-400x250.jpg&quot;,&quot;imageURL&quot;:&quot;https:\\\/\\\/portalv1.com.br\\\/app\\\/wp-content\\\/uploads\\\/2024\\\/06\\\/20240621103619_IMG_6269.jpg&quot;,&quot;pid&quot;:206908,&quot;galleryid&quot;:1,&quot;description&quot;:&quot;&quot;,&quot;alttext&quot;:&quot;Culmin\\u00e2ncia do Projeto Resgatando a Inf\\u00e2ncia \\u00e9 realizado no munic\\u00edpio de Valen\\u00e7a&quot;,&quot;thumbnailURL&quot;:&quot;https:\\\/\\\/portalv1.com.br\\\/app\\\/wp-content\\\/uploads\\\/2024\\\/06\\\/20240621103619_IMG_6269-400x250.jpg&quot;,&quot;style&quot;:&quot;&quot;},{&quot;thumbcode&quot;:&quot;https:\\\/\\\/portalv1.com.br\\\/app\\\/wp-content\\\/uploads\\\/2024\\\/06\\\/20240621103634_IMG_6272-400x250.jpg&quot;,&quot;imageURL&quot;:&quot;https:\\\/\\\/portalv1.com.br\\\/app\\\/wp-content\\\/uploads\\\/2024\\\/06\\\/20240621103634_IMG_6272.jpg&quot;,&quot;pid&quot;:206909,&quot;galleryid&quot;:1,&quot;description&quot;:&quot;&quot;,&quot;alttext&quot;:&quot;Culmin\\u00e2ncia do Projeto Resgatando a Inf\\u00e2ncia \\u00e9 realizado no munic\\u00edpio de Valen\\u00e7a&quot;,&quot;thumbnailURL&quot;:&quot;https:\\\/\\\/portalv1.com.br\\\/app\\\/wp-content\\\/uploads\\\/2024\\\/06\\\/20240621103634_IMG_6272-400x250.jpg&quot;,&quot;style&quot;:&quot;&quot;},{&quot;thumbcode&quot;:&quot;https:\\\/\\\/portalv1.com.br\\\/app\\\/wp-content\\\/uploads\\\/2024\\\/06\\\/20240621104221_IMG_6274-400x250.jpg&quot;,&quot;imageURL&quot;:&quot;https:\\\/\\\/portalv1.com.br\\\/app\\\/wp-content\\\/uploads\\\/2024\\\/06\\\/20240621104221_IMG_6274.jpg&quot;,&quot;pid&quot;:206910,&quot;galleryid&quot;:1,&quot;description&quot;:&quot;&quot;,&quot;alttext&quot;:&quot;Culmin\\u00e2ncia do Projeto Resgatando a Inf\\u00e2ncia \\u00e9 realizado no munic\\u00edpio de Valen\\u00e7a&quot;,&quot;thumbnailURL&quot;:&quot;https:\\\/\\\/portalv1.com.br\\\/app\\\/wp-content\\\/uploads\\\/2024\\\/06\\\/20240621104221_IMG_6274-400x250.jpg&quot;,&quot;style&quot;:&quot;&quot;},{&quot;thumbcode&quot;:&quot;https:\\\/\\\/portalv1.com.br\\\/app\\\/wp-content\\\/uploads\\\/2024\\\/06\\\/20240621104434_IMG_6275-400x250.jpg&quot;,&quot;imageURL&quot;:&quot;https:\\\/\\\/portalv1.com.br\\\/app\\\/wp-content\\\/uploads\\\/2024\\\/06\\\/20240621104434_IMG_6275.jpg&quot;,&quot;pid&quot;:206911,&quot;galleryid&quot;:1,&quot;description&quot;:&quot;&quot;,&quot;alttext&quot;:&quot;Culmin\\u00e2ncia do Projeto Resgatando a Inf\\u00e2ncia \\u00e9 realizado no munic\\u00edpio de Valen\\u00e7a&quot;,&quot;thumbnailURL&quot;:&quot;https:\\\/\\\/portalv1.com.br\\\/app\\\/wp-content\\\/uploads\\\/2024\\\/06\\\/20240621104434_IMG_6275-400x250.jpg&quot;,&quot;style&quot;:&quot;&quot;},{&quot;thumbcode&quot;:&quot;https:\\\/\\\/portalv1.com.br\\\/app\\\/wp-content\\\/uploads\\\/2024\\\/06\\\/20240621104445_IMG_6277-400x250.jpg&quot;,&quot;imageURL&quot;:&quot;https:\\\/\\\/portalv1.com.br\\\/app\\\/wp-content\\\/uploads\\\/2024\\\/06\\\/20240621104445_IMG_6277.jpg&quot;,&quot;pid&quot;:206912,&quot;galleryid&quot;:1,&quot;description&quot;:&quot;&quot;,&quot;alttext&quot;:&quot;Culmin\\u00e2ncia do Projeto Resgatando a Inf\\u00e2ncia \\u00e9 realizado no munic\\u00edpio de Valen\\u00e7a&quot;,&quot;thumbnailURL&quot;:&quot;https:\\\/\\\/portalv1.com.br\\\/app\\\/wp-content\\\/uploads\\\/2024\\\/06\\\/20240621104445_IMG_6277-400x250.jpg&quot;,&quot;style&quot;:&quot;&quot;},{&quot;thumbcode&quot;:&quot;https:\\\/\\\/portalv1.com.br\\\/app\\\/wp-content\\\/uploads\\\/2024\\\/06\\\/20240621110003_IMG_6279-400x250.jpg&quot;,&quot;imageURL&quot;:&quot;https:\\\/\\\/portalv1.com.br\\\/app\\\/wp-content\\\/uploads\\\/2024\\\/06\\\/20240621110003_IMG_6279.jpg&quot;,&quot;pid&quot;:206913,&quot;galleryid&quot;:1,&quot;description&quot;:&quot;&quot;,&quot;alttext&quot;:&quot;Culmin\\u00e2ncia do Projeto Resgatando a Inf\\u00e2ncia \\u00e9 realizado no munic\\u00edpio de Valen\\u00e7a&quot;,&quot;thumbnailURL&quot;:&quot;https:\\\/\\\/portalv1.com.br\\\/app\\\/wp-content\\\/uploads\\\/2024\\\/06\\\/20240621110003_IMG_6279-400x250.jpg&quot;,&quot;style&quot;:&quot;&quot;},{&quot;thumbcode&quot;:&quot;https:\\\/\\\/portalv1.com.br\\\/app\\\/wp-content\\\/uploads\\\/2024\\\/06\\\/20240621110323_IMG_6283-400x250.jpg&quot;,&quot;imageURL&quot;:&quot;https:\\\/\\\/portalv1.com.br\\\/app\\\/wp-content\\\/uploads\\\/2024\\\/06\\\/20240621110323_IMG_6283.jpg&quot;,&quot;pid&quot;:206914,&quot;galleryid&quot;:1,&quot;description&quot;:&quot;&quot;,&quot;alttext&quot;:&quot;Culmin\\u00e2ncia do Projeto Resgatando a Inf\\u00e2ncia \\u00e9 realizado no munic\\u00edpio de Valen\\u00e7a&quot;,&quot;thumbnailURL&quot;:&quot;https:\\\/\\\/portalv1.com.br\\\/app\\\/wp-content\\\/uploads\\\/2024\\\/06\\\/20240621110323_IMG_6283-400x250.jpg&quot;,&quot;style&quot;:&quot;&quot;},{&quot;thumbcode&quot;:&quot;https:\\\/\\\/portalv1.com.br\\\/app\\\/wp-content\\\/uploads\\\/2024\\\/06\\\/20240621110934_IMG_6285-400x250.jpg&quot;,&quot;imageURL&quot;:&quot;https:\\\/\\\/portalv1.com.br\\\/app\\\/wp-content\\\/uploads\\\/2024\\\/06\\\/20240621110934_IMG_6285.jpg&quot;,&quot;pid&quot;:206915,&quot;galleryid&quot;:1,&quot;description&quot;:&quot;&quot;,&quot;alttext&quot;:&quot;Culmin\\u00e2ncia do Projeto Resgatando a Inf\\u00e2ncia \\u00e9 realizado no munic\\u00edpio de Valen\\u00e7a&quot;,&quot;thumbnailURL&quot;:&quot;https:\\\/\\\/portalv1.com.br\\\/app\\\/wp-content\\\/uploads\\\/2024\\\/06\\\/20240621110934_IMG_6285-400x250.jpg&quot;,&quot;style&quot;:&quot;&quot;}]}}\"><\/div>\n                  <\/div>\n","protected":false},"excerpt":{"rendered":"<p>O munic\u00edpio de Valen\u00e7a do Piau\u00ed realizou nesta ter\u00e7a-feira (18), a culmin\u00e2ncia do Projeto Resgatando a Inf\u00e2ncia com premia\u00e7\u00e3o para os melhores trabalhos. A a\u00e7\u00e3o \u00e9 uma parceria da Secretaria&#8230;<\/p>\n","protected":false},"author":1,"featured_media":206880,"comment_status":"open","ping_status":"open","sticky":false,"template":"","format":"standard","meta":{"ngg_post_thumbnail":0,"footnotes":""},"categories":[243],"tags":[],"class_list":["post-206857","post","type-post","status-publish","format-standard","has-post-thumbnail","hentry","category-geral"],"views":288,"meta_data":{"thumb":"https:\/\/portalv1.com.br\/app\/wp-content\/uploads\/2024\/06\/20240621093842_IMG_6209.jpg","imagem":{"fullsize":{"url":"https:\/\/portalv1.com.br\/app\/wp-content\/uploads\/2024\/06\/20240621093842_IMG_6209.jpg","width":1920,"height":1080},"medium":{"url":"https:\/\/portalv1.com.br\/app\/wp-content\/uploads\/2024\/06\/20240621093842_IMG_6209-300x169.jpg","width":300,"height":169},"large":{"url":"https:\/\/portalv1.com.br\/app\/wp-content\/uploads\/2024\/06\/20240621093842_IMG_6209-640x360.jpg","width":640,"height":360},"thumbnail":{"url":"https:\/\/portalv1.com.br\/app\/wp-content\/uploads\/2024\/06\/20240621093842_IMG_6209-100x100.jpg","width":100,"height":100},"medium_large":{"url":"https:\/\/portalv1.com.br\/app\/wp-content\/uploads\/2024\/06\/20240621093842_IMG_6209-768x432.jpg","width":768,"height":432},"1536x1536":{"url":"https:\/\/portalv1.com.br\/app\/wp-content\/uploads\/2024\/06\/20240621093842_IMG_6209-1536x864.jpg","width":1536,"height":864}},"data":{"simple":"19\/06\/2024","date_time":"19\/06\/2024 07:33:19","date":"h\u00e1 2 anos"},"chapeu":"Veja detalhes ","source":"slide"},"_links":{"self":[{"href":"https:\/\/portalv1.com.br\/api\/wp\/v2\/posts\/206857","targetHints":{"allow":["GET"]}}],"collection":[{"href":"https:\/\/portalv1.com.br\/api\/wp\/v2\/posts"}],"about":[{"href":"https:\/\/portalv1.com.br\/api\/wp\/v2\/types\/post"}],"author":[{"embeddable":true,"href":"https:\/\/portalv1.com.br\/api\/wp\/v2\/users\/1"}],"replies":[{"embeddable":true,"href":"https:\/\/portalv1.com.br\/api\/wp\/v2\/comments?post=206857"}],"version-history":[{"count":0,"href":"https:\/\/portalv1.com.br\/api\/wp\/v2\/posts\/206857\/revisions"}],"wp:featuredmedia":[{"embeddable":true,"href":"https:\/\/portalv1.com.br\/api\/wp\/v2\/media\/206880"}],"wp:attachment":[{"href":"https:\/\/portalv1.com.br\/api\/wp\/v2\/media?parent=206857"}],"wp:term":[{"taxonomy":"category","embeddable":true,"href":"https:\/\/portalv1.com.br\/api\/wp\/v2\/categories?post=206857"},{"taxonomy":"post_tag","embeddable":true,"href":"https:\/\/portalv1.com.br\/api\/wp\/v2\/tags?post=206857"}],"curies":[{"name":"wp","href":"https:\/\/api.w.org\/{rel}","templated":true}]}}