{"id":206965,"date":"2024-06-20T09:57:56","date_gmt":"2024-06-20T12:57:56","guid":{"rendered":"https:\/\/portalv1.com.br\/?p=206965"},"modified":"2024-06-20T09:57:56","modified_gmt":"2024-06-20T12:57:56","slug":"xxxiv-festival-junino-de-valenca-comeca-dia-28-de-junho","status":"publish","type":"post","link":"https:\/\/portalv1.com.br\/xxxiv-festival-junino-de-valenca-comeca-dia-28-de-junho\/","title":{"rendered":"XXXIV Festival Junino de Valen\u00e7a come\u00e7a dia 28 de junho"},"content":{"rendered":"<p>A Prefeitura de Valen\u00e7a do Piaui, por meio da Secretaria Municipal de Cultura divulgou a programa\u00e7\u00e3o do XXXIV Festival Cultural de Quadrilhas Juninas \u201cArrai\u00e1 do Gorgulho\u201d, que acontece entre os dias 28 e 30 de junho, no Centro Social Urbano \u2013 CSU com a participa\u00e7\u00e3o de grupos juninos locais e de outras cidades piauienses. Entre as 15 atra\u00e7\u00f5es musicais confirmadas est\u00e3o as bandas Colo de Menina e Caninana. Veja atra\u00e7\u00f5es<a href=\"https:\/\/portalv1.com.br\/app\/wp-content\/uploads\/2024\/06\/WhatsApp-Image-2024-06-19-at-13.49.29.jpeg\"><img loading=\"lazy\" decoding=\"async\" class=\"aligncenter size-full wp-image-206968\" src=\"https:\/\/portalv1.com.br\/app\/wp-content\/uploads\/2024\/06\/WhatsApp-Image-2024-06-19-at-13.49.29.jpeg\" alt=\"\" width=\"540\" height=\"675\" srcset=\"https:\/\/portalv1.com.br\/app\/wp-content\/uploads\/2024\/06\/WhatsApp-Image-2024-06-19-at-13.49.29.jpeg 540w, https:\/\/portalv1.com.br\/app\/wp-content\/uploads\/2024\/06\/WhatsApp-Image-2024-06-19-at-13.49.29-300x375.jpeg 300w\" sizes=\"auto, (max-width: 540px) 100vw, 540px\" \/><\/a><a href=\"https:\/\/portalv1.com.br\/app\/wp-content\/uploads\/2024\/06\/WhatsApp-Image-2024-06-19-at-13.49.29-1.jpeg\"><img loading=\"lazy\" decoding=\"async\" class=\"aligncenter size-full wp-image-206967\" src=\"https:\/\/portalv1.com.br\/app\/wp-content\/uploads\/2024\/06\/WhatsApp-Image-2024-06-19-at-13.49.29-1.jpeg\" alt=\"\" width=\"540\" height=\"675\" srcset=\"https:\/\/portalv1.com.br\/app\/wp-content\/uploads\/2024\/06\/WhatsApp-Image-2024-06-19-at-13.49.29-1.jpeg 540w, https:\/\/portalv1.com.br\/app\/wp-content\/uploads\/2024\/06\/WhatsApp-Image-2024-06-19-at-13.49.29-1-300x375.jpeg 300w\" sizes=\"auto, (max-width: 540px) 100vw, 540px\" \/><\/a> <a href=\"https:\/\/portalv1.com.br\/app\/wp-content\/uploads\/2024\/06\/WhatsApp-Image-2024-06-19-at-13.49.30.jpeg\"><img loading=\"lazy\" decoding=\"async\" class=\"aligncenter size-full wp-image-206966\" src=\"https:\/\/portalv1.com.br\/app\/wp-content\/uploads\/2024\/06\/WhatsApp-Image-2024-06-19-at-13.49.30.jpeg\" alt=\"\" width=\"540\" height=\"675\" srcset=\"https:\/\/portalv1.com.br\/app\/wp-content\/uploads\/2024\/06\/WhatsApp-Image-2024-06-19-at-13.49.30.jpeg 540w, https:\/\/portalv1.com.br\/app\/wp-content\/uploads\/2024\/06\/WhatsApp-Image-2024-06-19-at-13.49.30-300x375.jpeg 300w\" sizes=\"auto, (max-width: 540px) 100vw, 540px\" \/><\/a><\/p>\n","protected":false},"excerpt":{"rendered":"<p>A Prefeitura de Valen\u00e7a do Piaui, por meio da Secretaria Municipal de Cultura divulgou a programa\u00e7\u00e3o do XXXIV Festival Cultural de Quadrilhas Juninas \u201cArrai\u00e1 do Gorgulho\u201d, que acontece entre os&#8230;<\/p>\n","protected":false},"author":1,"featured_media":206969,"comment_status":"open","ping_status":"open","sticky":false,"template":"","format":"standard","meta":{"ngg_post_thumbnail":0,"footnotes":""},"categories":[243],"tags":[],"class_list":["post-206965","post","type-post","status-publish","format-standard","has-post-thumbnail","hentry","category-geral"],"views":879,"meta_data":{"thumb":"https:\/\/portalv1.com.br\/app\/wp-content\/uploads\/2024\/06\/sr_MG_9130.jpg","imagem":{"fullsize":{"url":"https:\/\/portalv1.com.br\/app\/wp-content\/uploads\/2024\/06\/sr_MG_9130.jpg","width":1024,"height":576},"medium":{"url":"https:\/\/portalv1.com.br\/app\/wp-content\/uploads\/2024\/06\/sr_MG_9130-300x169.jpg","width":300,"height":169},"large":{"url":"https:\/\/portalv1.com.br\/app\/wp-content\/uploads\/2024\/06\/sr_MG_9130-640x360.jpg","width":640,"height":360},"thumbnail":{"url":"https:\/\/portalv1.com.br\/app\/wp-content\/uploads\/2024\/06\/sr_MG_9130-100x100.jpg","width":100,"height":100},"medium_large":{"url":"https:\/\/portalv1.com.br\/app\/wp-content\/uploads\/2024\/06\/sr_MG_9130-768x432.jpg","width":768,"height":432}},"data":{"simple":"20\/06\/2024","date_time":"20\/06\/2024 06:57:56","date":"h\u00e1 2 anos"},"chapeu":"Veja detalhes ","source":"slide"},"_links":{"self":[{"href":"https:\/\/portalv1.com.br\/api\/wp\/v2\/posts\/206965","targetHints":{"allow":["GET"]}}],"collection":[{"href":"https:\/\/portalv1.com.br\/api\/wp\/v2\/posts"}],"about":[{"href":"https:\/\/portalv1.com.br\/api\/wp\/v2\/types\/post"}],"author":[{"embeddable":true,"href":"https:\/\/portalv1.com.br\/api\/wp\/v2\/users\/1"}],"replies":[{"embeddable":true,"href":"https:\/\/portalv1.com.br\/api\/wp\/v2\/comments?post=206965"}],"version-history":[{"count":0,"href":"https:\/\/portalv1.com.br\/api\/wp\/v2\/posts\/206965\/revisions"}],"wp:featuredmedia":[{"embeddable":true,"href":"https:\/\/portalv1.com.br\/api\/wp\/v2\/media\/206969"}],"wp:attachment":[{"href":"https:\/\/portalv1.com.br\/api\/wp\/v2\/media?parent=206965"}],"wp:term":[{"taxonomy":"category","embeddable":true,"href":"https:\/\/portalv1.com.br\/api\/wp\/v2\/categories?post=206965"},{"taxonomy":"post_tag","embeddable":true,"href":"https:\/\/portalv1.com.br\/api\/wp\/v2\/tags?post=206965"}],"curies":[{"name":"wp","href":"https:\/\/api.w.org\/{rel}","templated":true}]}}