{"id":207045,"date":"2024-06-21T12:31:46","date_gmt":"2024-06-21T15:31:46","guid":{"rendered":"https:\/\/portalv1.com.br\/?p=207045"},"modified":"2024-06-21T12:34:45","modified_gmt":"2024-06-21T15:34:45","slug":"prefeitura-inicia-obras-de-pavimentacao-asfaltica-em-ruas-de-valenca-do-piaui","status":"publish","type":"post","link":"https:\/\/portalv1.com.br\/prefeitura-inicia-obras-de-pavimentacao-asfaltica-em-ruas-de-valenca-do-piaui\/","title":{"rendered":"Prefeitura inicia obras de pavimenta\u00e7\u00e3o asf\u00e1ltica em ruas de Valen\u00e7a do Piaui"},"content":{"rendered":"<p>Visando dar melhores condi\u00e7\u00f5es de trafegabilidade, acesso, conforto e comodidade \u00e0 popula\u00e7\u00e3o, a Prefeitura de Valen\u00e7a do Piau\u00ed iniciou nesta sexta-feira (21), o servi\u00e7o de pavimenta\u00e7\u00e3o asf\u00e1ltica em algumas ruas da cidade.<\/p>\n<p>Os trabalhos foram iniciados pela rua C\u00edcero Portela com a presen\u00e7a do prefeito Marcelo Costa que acompanhou o in\u00edcio das obras e garantiu que os trabalhos n\u00e3o devem parar, uma vez que a gest\u00e3o fechou contrato com duas usinas para fornecer o asfalto.&nbsp;<\/p>\n<p>\u201cHoje 21 de junho, iniciando esse trabalho que tava previsto para o in\u00edcio da semana, mais quem \u00e9 da \u00e1rea sabe que usina quebra, que falta o produto e hoje iniciamos esse trabalho que n\u00e3o vai parar at\u00e9 que a gente conclua toda essa obra, um compromisso que temos com duas usinas asf\u00e1lticas pra fornecer esse material pra que a gente asfalte a maior quantidade de ruas em menos tempo\u201d, disse o prefeito que tamb\u00e9m afirmou que se for preciso a equipe trabalhar\u00e1 no per\u00edodo noturno para aplicar os cerca de 20 mil metros quadrados de asfalto.<\/p>\n<p>Marcelo Costa afirmou ainda que a obra est\u00e1 sendo executada com recursos pr\u00f3prios do munic\u00edpio. \u201cT\u00e1 sendo feito com o pouco do IPTU de cada fam\u00edlia que paga seus impostos a gente juntou recolheu e estamos investindo na cidade devolvendo em obras\u201d, frisou o gestor.<\/p>\n<p><div class=\"content-iframe\" data-content-width=\"600\"><iframe loading=\"lazy\" title=\"YouTube video player\" src=\"https:\/\/www.youtube.com\/embed\/szJef1WK4iI?si=uN9rk97l1WLRmEw-\" width=\"560\" height=\"315\" frameborder=\"0\" allowfullscreen=\"allowfullscreen\"><\/iframe><\/div>&nbsp;<\/p>\n<div class=\"ngg-galleryoverview\" id=\"1\">\n                    <div data-widget=\"Galeria\" data-props=\"{&quot;galeria&quot;:{&quot;max_page&quot;:1,&quot;total&quot;:13,&quot;gallery_id&quot;:1,&quot;images&quot;:[{&quot;thumbcode&quot;:&quot;https:\\\/\\\/portalv1.com.br\\\/app\\\/wp-content\\\/uploads\\\/2024\\\/06\\\/IMG_7091-Copy-400x250.jpg&quot;,&quot;imageURL&quot;:&quot;https:\\\/\\\/portalv1.com.br\\\/app\\\/wp-content\\\/uploads\\\/2024\\\/06\\\/IMG_7091-Copy.jpg&quot;,&quot;pid&quot;:207046,&quot;galleryid&quot;:1,&quot;description&quot;:&quot;&quot;,&quot;alttext&quot;:&quot;Prefeitura inicia obras de pavimenta\\u00e7\\u00e3o asf\\u00e1ltica em ruas de Valen\\u00e7a do Piaui&quot;,&quot;thumbnailURL&quot;:&quot;https:\\\/\\\/portalv1.com.br\\\/app\\\/wp-content\\\/uploads\\\/2024\\\/06\\\/IMG_7091-Copy-400x250.jpg&quot;,&quot;style&quot;:&quot;&quot;},{&quot;thumbcode&quot;:&quot;https:\\\/\\\/portalv1.com.br\\\/app\\\/wp-content\\\/uploads\\\/2024\\\/06\\\/IMG_7093-Copy-400x250.jpg&quot;,&quot;imageURL&quot;:&quot;https:\\\/\\\/portalv1.com.br\\\/app\\\/wp-content\\\/uploads\\\/2024\\\/06\\\/IMG_7093-Copy.jpg&quot;,&quot;pid&quot;:207047,&quot;galleryid&quot;:1,&quot;description&quot;:&quot;&quot;,&quot;alttext&quot;:&quot;Prefeitura inicia obras de pavimenta\\u00e7\\u00e3o asf\\u00e1ltica em ruas de Valen\\u00e7a do Piaui&quot;,&quot;thumbnailURL&quot;:&quot;https:\\\/\\\/portalv1.com.br\\\/app\\\/wp-content\\\/uploads\\\/2024\\\/06\\\/IMG_7093-Copy-400x250.jpg&quot;,&quot;style&quot;:&quot;&quot;},{&quot;thumbcode&quot;:&quot;https:\\\/\\\/portalv1.com.br\\\/app\\\/wp-content\\\/uploads\\\/2024\\\/06\\\/IMG_7111-Copy-400x250.jpg&quot;,&quot;imageURL&quot;:&quot;https:\\\/\\\/portalv1.com.br\\\/app\\\/wp-content\\\/uploads\\\/2024\\\/06\\\/IMG_7111-Copy.jpg&quot;,&quot;pid&quot;:207048,&quot;galleryid&quot;:1,&quot;description&quot;:&quot;&quot;,&quot;alttext&quot;:&quot;Prefeitura inicia obras de pavimenta\\u00e7\\u00e3o asf\\u00e1ltica em ruas de Valen\\u00e7a do Piaui&quot;,&quot;thumbnailURL&quot;:&quot;https:\\\/\\\/portalv1.com.br\\\/app\\\/wp-content\\\/uploads\\\/2024\\\/06\\\/IMG_7111-Copy-400x250.jpg&quot;,&quot;style&quot;:&quot;&quot;},{&quot;thumbcode&quot;:&quot;https:\\\/\\\/portalv1.com.br\\\/app\\\/wp-content\\\/uploads\\\/2024\\\/06\\\/IMG_7124-Copy-400x250.jpg&quot;,&quot;imageURL&quot;:&quot;https:\\\/\\\/portalv1.com.br\\\/app\\\/wp-content\\\/uploads\\\/2024\\\/06\\\/IMG_7124-Copy.jpg&quot;,&quot;pid&quot;:207049,&quot;galleryid&quot;:1,&quot;description&quot;:&quot;&quot;,&quot;alttext&quot;:&quot;Prefeitura inicia obras de pavimenta\\u00e7\\u00e3o asf\\u00e1ltica em ruas de Valen\\u00e7a do Piaui&quot;,&quot;thumbnailURL&quot;:&quot;https:\\\/\\\/portalv1.com.br\\\/app\\\/wp-content\\\/uploads\\\/2024\\\/06\\\/IMG_7124-Copy-400x250.jpg&quot;,&quot;style&quot;:&quot;&quot;},{&quot;thumbcode&quot;:&quot;https:\\\/\\\/portalv1.com.br\\\/app\\\/wp-content\\\/uploads\\\/2024\\\/06\\\/IMG_7136-Copy-400x250.jpg&quot;,&quot;imageURL&quot;:&quot;https:\\\/\\\/portalv1.com.br\\\/app\\\/wp-content\\\/uploads\\\/2024\\\/06\\\/IMG_7136-Copy.jpg&quot;,&quot;pid&quot;:207050,&quot;galleryid&quot;:1,&quot;description&quot;:&quot;&quot;,&quot;alttext&quot;:&quot;Prefeitura inicia obras de pavimenta\\u00e7\\u00e3o asf\\u00e1ltica em ruas de Valen\\u00e7a do Piaui&quot;,&quot;thumbnailURL&quot;:&quot;https:\\\/\\\/portalv1.com.br\\\/app\\\/wp-content\\\/uploads\\\/2024\\\/06\\\/IMG_7136-Copy-400x250.jpg&quot;,&quot;style&quot;:&quot;&quot;},{&quot;thumbcode&quot;:&quot;https:\\\/\\\/portalv1.com.br\\\/app\\\/wp-content\\\/uploads\\\/2024\\\/06\\\/IMG_7144-Copy-400x250.jpg&quot;,&quot;imageURL&quot;:&quot;https:\\\/\\\/portalv1.com.br\\\/app\\\/wp-content\\\/uploads\\\/2024\\\/06\\\/IMG_7144-Copy.jpg&quot;,&quot;pid&quot;:207051,&quot;galleryid&quot;:1,&quot;description&quot;:&quot;&quot;,&quot;alttext&quot;:&quot;Prefeitura inicia obras de pavimenta\\u00e7\\u00e3o asf\\u00e1ltica em ruas de Valen\\u00e7a do Piaui&quot;,&quot;thumbnailURL&quot;:&quot;https:\\\/\\\/portalv1.com.br\\\/app\\\/wp-content\\\/uploads\\\/2024\\\/06\\\/IMG_7144-Copy-400x250.jpg&quot;,&quot;style&quot;:&quot;&quot;},{&quot;thumbcode&quot;:&quot;https:\\\/\\\/portalv1.com.br\\\/app\\\/wp-content\\\/uploads\\\/2024\\\/06\\\/IMG_7152-Copy-400x250.jpg&quot;,&quot;imageURL&quot;:&quot;https:\\\/\\\/portalv1.com.br\\\/app\\\/wp-content\\\/uploads\\\/2024\\\/06\\\/IMG_7152-Copy.jpg&quot;,&quot;pid&quot;:207052,&quot;galleryid&quot;:1,&quot;description&quot;:&quot;&quot;,&quot;alttext&quot;:&quot;Prefeitura inicia obras de pavimenta\\u00e7\\u00e3o asf\\u00e1ltica em ruas de Valen\\u00e7a do Piaui&quot;,&quot;thumbnailURL&quot;:&quot;https:\\\/\\\/portalv1.com.br\\\/app\\\/wp-content\\\/uploads\\\/2024\\\/06\\\/IMG_7152-Copy-400x250.jpg&quot;,&quot;style&quot;:&quot;&quot;},{&quot;thumbcode&quot;:&quot;https:\\\/\\\/portalv1.com.br\\\/app\\\/wp-content\\\/uploads\\\/2024\\\/06\\\/IMG_7164-Copy-400x250.jpg&quot;,&quot;imageURL&quot;:&quot;https:\\\/\\\/portalv1.com.br\\\/app\\\/wp-content\\\/uploads\\\/2024\\\/06\\\/IMG_7164-Copy.jpg&quot;,&quot;pid&quot;:207053,&quot;galleryid&quot;:1,&quot;description&quot;:&quot;&quot;,&quot;alttext&quot;:&quot;Prefeitura inicia obras de pavimenta\\u00e7\\u00e3o asf\\u00e1ltica em ruas de Valen\\u00e7a do Piaui&quot;,&quot;thumbnailURL&quot;:&quot;https:\\\/\\\/portalv1.com.br\\\/app\\\/wp-content\\\/uploads\\\/2024\\\/06\\\/IMG_7164-Copy-400x250.jpg&quot;,&quot;style&quot;:&quot;&quot;},{&quot;thumbcode&quot;:&quot;https:\\\/\\\/portalv1.com.br\\\/app\\\/wp-content\\\/uploads\\\/2024\\\/06\\\/IMG_7170-Copy-400x250.jpg&quot;,&quot;imageURL&quot;:&quot;https:\\\/\\\/portalv1.com.br\\\/app\\\/wp-content\\\/uploads\\\/2024\\\/06\\\/IMG_7170-Copy.jpg&quot;,&quot;pid&quot;:207054,&quot;galleryid&quot;:1,&quot;description&quot;:&quot;&quot;,&quot;alttext&quot;:&quot;Prefeitura inicia obras de pavimenta\\u00e7\\u00e3o asf\\u00e1ltica em ruas de Valen\\u00e7a do Piaui&quot;,&quot;thumbnailURL&quot;:&quot;https:\\\/\\\/portalv1.com.br\\\/app\\\/wp-content\\\/uploads\\\/2024\\\/06\\\/IMG_7170-Copy-400x250.jpg&quot;,&quot;style&quot;:&quot;&quot;},{&quot;thumbcode&quot;:&quot;https:\\\/\\\/portalv1.com.br\\\/app\\\/wp-content\\\/uploads\\\/2024\\\/06\\\/IMG_7189-Copy-400x250.jpg&quot;,&quot;imageURL&quot;:&quot;https:\\\/\\\/portalv1.com.br\\\/app\\\/wp-content\\\/uploads\\\/2024\\\/06\\\/IMG_7189-Copy.jpg&quot;,&quot;pid&quot;:207056,&quot;galleryid&quot;:1,&quot;description&quot;:&quot;&quot;,&quot;alttext&quot;:&quot;Prefeitura inicia obras de pavimenta\\u00e7\\u00e3o asf\\u00e1ltica em ruas de Valen\\u00e7a do Piaui&quot;,&quot;thumbnailURL&quot;:&quot;https:\\\/\\\/portalv1.com.br\\\/app\\\/wp-content\\\/uploads\\\/2024\\\/06\\\/IMG_7189-Copy-400x250.jpg&quot;,&quot;style&quot;:&quot;&quot;},{&quot;thumbcode&quot;:&quot;https:\\\/\\\/portalv1.com.br\\\/app\\\/wp-content\\\/uploads\\\/2024\\\/06\\\/IMG_7204-Copy-400x250.jpg&quot;,&quot;imageURL&quot;:&quot;https:\\\/\\\/portalv1.com.br\\\/app\\\/wp-content\\\/uploads\\\/2024\\\/06\\\/IMG_7204-Copy.jpg&quot;,&quot;pid&quot;:207058,&quot;galleryid&quot;:1,&quot;description&quot;:&quot;&quot;,&quot;alttext&quot;:&quot;Prefeitura inicia obras de pavimenta\\u00e7\\u00e3o asf\\u00e1ltica em ruas de Valen\\u00e7a do Piaui&quot;,&quot;thumbnailURL&quot;:&quot;https:\\\/\\\/portalv1.com.br\\\/app\\\/wp-content\\\/uploads\\\/2024\\\/06\\\/IMG_7204-Copy-400x250.jpg&quot;,&quot;style&quot;:&quot;&quot;},{&quot;thumbcode&quot;:&quot;https:\\\/\\\/portalv1.com.br\\\/app\\\/wp-content\\\/uploads\\\/2024\\\/06\\\/IMG_7213-Copy-400x250.jpg&quot;,&quot;imageURL&quot;:&quot;https:\\\/\\\/portalv1.com.br\\\/app\\\/wp-content\\\/uploads\\\/2024\\\/06\\\/IMG_7213-Copy.jpg&quot;,&quot;pid&quot;:207059,&quot;galleryid&quot;:1,&quot;description&quot;:&quot;&quot;,&quot;alttext&quot;:&quot;Prefeitura inicia obras de pavimenta\\u00e7\\u00e3o asf\\u00e1ltica em ruas de Valen\\u00e7a do Piaui&quot;,&quot;thumbnailURL&quot;:&quot;https:\\\/\\\/portalv1.com.br\\\/app\\\/wp-content\\\/uploads\\\/2024\\\/06\\\/IMG_7213-Copy-400x250.jpg&quot;,&quot;style&quot;:&quot;&quot;},{&quot;thumbcode&quot;:&quot;https:\\\/\\\/portalv1.com.br\\\/app\\\/wp-content\\\/uploads\\\/2024\\\/06\\\/IMG_7226-Copy-400x250.jpg&quot;,&quot;imageURL&quot;:&quot;https:\\\/\\\/portalv1.com.br\\\/app\\\/wp-content\\\/uploads\\\/2024\\\/06\\\/IMG_7226-Copy.jpg&quot;,&quot;pid&quot;:207060,&quot;galleryid&quot;:1,&quot;description&quot;:&quot;&quot;,&quot;alttext&quot;:&quot;Prefeitura inicia obras de pavimenta\\u00e7\\u00e3o asf\\u00e1ltica em ruas de Valen\\u00e7a do Piaui&quot;,&quot;thumbnailURL&quot;:&quot;https:\\\/\\\/portalv1.com.br\\\/app\\\/wp-content\\\/uploads\\\/2024\\\/06\\\/IMG_7226-Copy-400x250.jpg&quot;,&quot;style&quot;:&quot;&quot;}]}}\"><\/div>\n                  <\/div>\n","protected":false},"excerpt":{"rendered":"<p>Visando dar melhores condi\u00e7\u00f5es de trafegabilidade, acesso, conforto e comodidade \u00e0 popula\u00e7\u00e3o, a Prefeitura de Valen\u00e7a do Piau\u00ed iniciou nesta sexta-feira (21), o servi\u00e7o de pavimenta\u00e7\u00e3o asf\u00e1ltica em algumas ruas&#8230;<\/p>\n","protected":false},"author":1,"featured_media":207061,"comment_status":"open","ping_status":"open","sticky":false,"template":"","format":"standard","meta":{"ngg_post_thumbnail":0,"footnotes":""},"categories":[243],"tags":[],"class_list":["post-207045","post","type-post","status-publish","format-standard","has-post-thumbnail","hentry","category-geral"],"views":1638,"meta_data":{"thumb":"https:\/\/portalv1.com.br\/app\/wp-content\/uploads\/2024\/06\/asfalto.jpg","imagem":{"fullsize":{"url":"https:\/\/portalv1.com.br\/app\/wp-content\/uploads\/2024\/06\/asfalto.jpg","width":1280,"height":720},"medium":{"url":"https:\/\/portalv1.com.br\/app\/wp-content\/uploads\/2024\/06\/asfalto-300x169.jpg","width":300,"height":169},"large":{"url":"https:\/\/portalv1.com.br\/app\/wp-content\/uploads\/2024\/06\/asfalto-640x360.jpg","width":640,"height":360},"thumbnail":{"url":"https:\/\/portalv1.com.br\/app\/wp-content\/uploads\/2024\/06\/asfalto-100x100.jpg","width":100,"height":100},"medium_large":{"url":"https:\/\/portalv1.com.br\/app\/wp-content\/uploads\/2024\/06\/asfalto-768x432.jpg","width":768,"height":432}},"data":{"simple":"21\/06\/2024","date_time":"21\/06\/2024 09:31:46","date":"h\u00e1 2 anos"},"chapeu":"Veja detalhes ","source":"slide"},"_links":{"self":[{"href":"https:\/\/portalv1.com.br\/api\/wp\/v2\/posts\/207045","targetHints":{"allow":["GET"]}}],"collection":[{"href":"https:\/\/portalv1.com.br\/api\/wp\/v2\/posts"}],"about":[{"href":"https:\/\/portalv1.com.br\/api\/wp\/v2\/types\/post"}],"author":[{"embeddable":true,"href":"https:\/\/portalv1.com.br\/api\/wp\/v2\/users\/1"}],"replies":[{"embeddable":true,"href":"https:\/\/portalv1.com.br\/api\/wp\/v2\/comments?post=207045"}],"version-history":[{"count":0,"href":"https:\/\/portalv1.com.br\/api\/wp\/v2\/posts\/207045\/revisions"}],"wp:featuredmedia":[{"embeddable":true,"href":"https:\/\/portalv1.com.br\/api\/wp\/v2\/media\/207061"}],"wp:attachment":[{"href":"https:\/\/portalv1.com.br\/api\/wp\/v2\/media?parent=207045"}],"wp:term":[{"taxonomy":"category","embeddable":true,"href":"https:\/\/portalv1.com.br\/api\/wp\/v2\/categories?post=207045"},{"taxonomy":"post_tag","embeddable":true,"href":"https:\/\/portalv1.com.br\/api\/wp\/v2\/tags?post=207045"}],"curies":[{"name":"wp","href":"https:\/\/api.w.org\/{rel}","templated":true}]}}