{"id":20709,"date":"2015-04-18T12:43:33","date_gmt":"2015-04-18T15:43:33","guid":{"rendered":"https:\/\/portalv1.com.br\/?p=20709"},"modified":"2015-04-20T21:16:28","modified_gmt":"2015-04-21T00:16:28","slug":"pesquisas-eleitorais-ja-comecaram-em-valenca-disputa-ta-proxima","status":"publish","type":"post","link":"https:\/\/portalv1.com.br\/pesquisas-eleitorais-ja-comecaram-em-valenca-disputa-ta-proxima\/","title":{"rendered":"Pesquisas eleitorais j\u00e1 come\u00e7aram em Valen\u00e7a. Disputa t\u00e1 pr\u00f3xima"},"content":{"rendered":"<p><a href=\"https:\/\/portalv1.com.br\/app\/wp-content\/uploads\/2015\/04\/valenca.jpg\"><img loading=\"lazy\" decoding=\"async\" class=\"alignright size-medium wp-image-20710\" src=\"https:\/\/portalv1.com.br\/app\/wp-content\/uploads\/2015\/04\/valenca-300x229.jpg\" alt=\"valen\u00e7a\" width=\"300\" height=\"229\" srcset=\"https:\/\/portalv1.com.br\/app\/wp-content\/uploads\/2015\/04\/valenca-300x229.jpg 300w, https:\/\/portalv1.com.br\/app\/wp-content\/uploads\/2015\/04\/valenca.jpg 600w\" sizes=\"auto, (max-width: 300px) 100vw, 300px\" \/><\/a>Com a possibilidade a cada dia mais real da realiza\u00e7\u00e3o de um pleito suplementar em Valen\u00e7a, as lideran\u00e7as pol\u00edticas locais come\u00e7am a se movimentar com a\u00e7\u00f5es mais concretas no sentido de saber como o eleitor valenciano est\u00e1 diluindo esse per\u00edodo. Um dos instrumentos mais eficazes nesse aspecto e a realiza\u00e7\u00e3o de pesquisas eleitorais que mede a temperatura do momento e serve como balizamento para remediar os pontos fracos e refor\u00e7ar as virtudes de cada pr\u00e9-candidato.<\/p>\n<p>Nessa semana, o eleitor j\u00e1 est\u00e1 recebendo essas visitas dos institutos de pesquisas e na pr\u00f3xima semana j\u00e1 est\u00e1 agendada mais uma com o objetivo de aferir a inten\u00e7\u00e3o do eleitor visando o pleito que muitos acreditam que possa ser realizado at\u00e9 o final do m\u00eas de maio.<\/p>\n<p>Uma das perguntas importantes desse per\u00edodo \u00e9 saber a avalia\u00e7\u00e3o do eleitor em rela\u00e7\u00e3o ao nome do pr\u00e9-candidato, seus pontos positivos e negativos e seu comportamento quando colocado na disputa com seus advers\u00e1rios.<\/p>\n<p>Tr\u00eas pr\u00e9-candidatos j\u00e1 se colocaram para a pr\u00e9-disputa com chances reais de suas candidaturas se concretizarem. O prefeito interino Getulio Gomes que disputar\u00e1 o pleito no cargo de prefeito tem as vantagens e desvantagens dessa posi\u00e7\u00e3o. Seu principal desafio \u00e9 conquistar seus auxiliares cuja grande maioria foram escolhidos pelo prefeito afastado Walfredo Filho e pelo ex-prefeito Alc\u00e2ntara.<\/p>\n<p>Ielva Mel\u00e3o chega para o pleito com passagens pelo legislativo, onde ocupou por duas vezes a presid\u00eancia e com uma larga experi\u00eancia na \u00e1rea da educa\u00e7\u00e3o. Tem o apoio do ex-prefeito Alc\u00e2ntara e do empres\u00e1rio Marcelo Costa. Seu desafio \u00e9 assumir uma postura de lideran\u00e7a, postura pouco exigida na disputa para c\u00e2mara e essencial na conquista de seguidores pol\u00edticos quando se \u00e9 o ator principal de uma campanha eleitoral.<\/p>\n<p>Rubens Alencar chega para a sua quarta disputa com boas chances de ter aprendido com os erros anteriores. Costura uma alian\u00e7a com o PT que pode lhe render o apoio do governador Wellington Dias e ter\u00e1 como cabo eleitoral a vice-governadora Margarete Coelho, que entre seus tr\u00eas desejos, um deles \u00e9 ver Rubens Alencar prefeito de Valen\u00e7a.<\/p>\n<p>Seu desafio \u00e9 convencer o eleitor de que est\u00e1 quite com a justi\u00e7a eleitoral cuja resposta vir\u00e1 apenas com o registro das candidaturas. Toda essa movimenta\u00e7\u00e3o pode ser interrompida com a posi\u00e7\u00e3o da Justi\u00e7a Eleitoral que pode adiar essa disputa ao \u201cinocentar\u201d o prefeito afastado Walfredo Filho.<\/p>\n<p>Walfredo Filho tem dito a pessoas pr\u00f3ximas que ir\u00e1 at\u00e9 onde for poss\u00edvel para reverter essa situa\u00e7\u00e3o. Entre suas promessas est\u00e1 a de se voltar ao poder, fazer uma gest\u00e3o mais pr\u00f3xima do povo e escrever no livro da historia, n\u00e3o a biografia do primeiro prefeito cassado de Valen\u00e7a, mais sim a de um gestor que conseguiu reverter uma situa\u00e7\u00e3o adversa.<\/p>\n","protected":false},"excerpt":{"rendered":"<p>Com a possibilidade a cada dia mais real da realiza\u00e7\u00e3o de um pleito suplementar em Valen\u00e7a, as lideran\u00e7as pol\u00edticas locais come\u00e7am a se movimentar com a\u00e7\u00f5es mais concretas no sentido&#8230;<\/p>\n","protected":false},"author":1,"featured_media":0,"comment_status":"open","ping_status":"open","sticky":false,"template":"","format":"standard","meta":{"ngg_post_thumbnail":0,"footnotes":""},"categories":[12],"tags":[],"class_list":["post-20709","post","type-post","status-publish","format-standard","hentry","category-valenca-news"],"views":1691,"meta_data":{"thumb":"https:\/\/portalv1.com.br\/app\/wp-content\/uploads\/2015\/04\/valenca.jpg","data":{"simple":"18\/04\/2015","date_time":"18\/04\/2015 09:43:33","date":"h\u00e1 11 anos"},"chapeu":"Elei\u00e7\u00e3o suplementar","source":"foto_menor"},"_links":{"self":[{"href":"https:\/\/portalv1.com.br\/api\/wp\/v2\/posts\/20709","targetHints":{"allow":["GET"]}}],"collection":[{"href":"https:\/\/portalv1.com.br\/api\/wp\/v2\/posts"}],"about":[{"href":"https:\/\/portalv1.com.br\/api\/wp\/v2\/types\/post"}],"author":[{"embeddable":true,"href":"https:\/\/portalv1.com.br\/api\/wp\/v2\/users\/1"}],"replies":[{"embeddable":true,"href":"https:\/\/portalv1.com.br\/api\/wp\/v2\/comments?post=20709"}],"version-history":[{"count":0,"href":"https:\/\/portalv1.com.br\/api\/wp\/v2\/posts\/20709\/revisions"}],"wp:attachment":[{"href":"https:\/\/portalv1.com.br\/api\/wp\/v2\/media?parent=20709"}],"wp:term":[{"taxonomy":"category","embeddable":true,"href":"https:\/\/portalv1.com.br\/api\/wp\/v2\/categories?post=20709"},{"taxonomy":"post_tag","embeddable":true,"href":"https:\/\/portalv1.com.br\/api\/wp\/v2\/tags?post=20709"}],"curies":[{"name":"wp","href":"https:\/\/api.w.org\/{rel}","templated":true}]}}