{"id":20729,"date":"2015-04-20T21:08:04","date_gmt":"2015-04-21T00:08:04","guid":{"rendered":"https:\/\/portalv1.com.br\/?p=20729"},"modified":"2015-04-21T15:31:33","modified_gmt":"2015-04-21T18:31:33","slug":"alunos-de-aroazes-realizam-manifestacao-por-falta-de-professores","status":"publish","type":"post","link":"https:\/\/portalv1.com.br\/alunos-de-aroazes-realizam-manifestacao-por-falta-de-professores\/","title":{"rendered":"Alunos de Aroazes realizam manifesta\u00e7\u00e3o por falta de professores"},"content":{"rendered":"<p><a href=\"https:\/\/portalv1.com.br\/app\/wp-content\/uploads\/2015\/04\/educacao.jpg\"><img loading=\"lazy\" decoding=\"async\" class=\"alignright size-medium wp-image-20730\" src=\"https:\/\/portalv1.com.br\/app\/wp-content\/uploads\/2015\/04\/educacao-300x225.jpg\" alt=\"educa\u00e7\u00e3o\" width=\"300\" height=\"225\" srcset=\"https:\/\/portalv1.com.br\/app\/wp-content\/uploads\/2015\/04\/educacao-300x225.jpg 300w, https:\/\/portalv1.com.br\/app\/wp-content\/uploads\/2015\/04\/educacao.jpg 640w\" sizes=\"auto, (max-width: 300px) 100vw, 300px\" \/><\/a>Alunos da rede estadual de ensino da cidade de Aroazes realizaram nesta segunda-feira (20), uma manifesta\u00e7\u00e3o na Pra\u00e7a Central reclamando da falta de professores nas escolas. Com faixas e cartazes, os alunos das unidades Jarbas Martins e Jeremias Pereira pediram urg\u00eancia da SEDUC na lota\u00e7\u00e3o dos professores no munic\u00edpio, sob pena de prejudicar ainda mais o ano letivo.<\/p>\n<p>Os alunos reclamam da falta de planejamento do estado que n\u00e3o conseguiu resolver o problema da falta de professores antes do inicio das aulas.<\/p>\n<p>A falta de educadores n\u00e3o \u00e9 um problema exclusivo de Aroazes vista que a falta de professores \u00e9 um problema registrado em muitas cidades piauienses, inclusive em Valen\u00e7a do Piau\u00ed. Nesta quarta-feira (22), o governador Wellington Dias nomear\u00e1 653 novos professores aprovados no ultimo concurso do estado.<\/p>\n<p>Depois da nomea\u00e7\u00e3o, os professores receber\u00e3o o calend\u00e1rio para comparecimento \u00e0 per\u00edcia m\u00e9dica do Instituto de Assist\u00eancia e Previdenci\u00e1ria do Estado do Piau\u00ed (Iapep) para realizarem os exames cl\u00ednicos, a serem realizados antes da posse nas gerencias regionais de educa\u00e7\u00e3o.<\/p>\n<p><strong><div class=\"ngg-galleryoverview\" data-widget=\"Galeria\" data-props='{&quot;galeria&quot;:{&quot;gallery_id&quot;:1801,&quot;total&quot;:6,&quot;max_page&quot;:1,&quot;page&quot;:1,&quot;images&quot;:[{&quot;pid&quot;:37203,&quot;imageURL&quot;:&quot;https:\\\/\\\/portalv1.com.br\\\/app\\\/wp-content\\\/gallery\\\/aroazes_7\\\/img-20150420-wa0010-copy.jpg?t=1706794512&quot;,&quot;thumbnailURL&quot;:&quot;https:\\\/\\\/portalv1.com.br\\\/app\\\/wp-content\\\/gallery\\\/aroazes_7\\\/thumbs\\\/thumbs_img-20150420-wa0010-copy.jpg?t=1706794512&quot;,&quot;description&quot;:&quot; &quot;,&quot;alttext&quot;:&quot;img-20150420-wa0010-copy&quot;,&quot;style&quot;:&quot;&quot;},{&quot;pid&quot;:37204,&quot;imageURL&quot;:&quot;https:\\\/\\\/portalv1.com.br\\\/app\\\/wp-content\\\/gallery\\\/aroazes_7\\\/img-20150420-wa0011-copy.jpg?t=1706795661&quot;,&quot;thumbnailURL&quot;:&quot;https:\\\/\\\/portalv1.com.br\\\/app\\\/wp-content\\\/gallery\\\/aroazes_7\\\/thumbs\\\/thumbs_img-20150420-wa0011-copy.jpg?t=1706795661&quot;,&quot;description&quot;:&quot; &quot;,&quot;alttext&quot;:&quot;img-20150420-wa0011-copy&quot;,&quot;style&quot;:&quot;&quot;},{&quot;pid&quot;:37205,&quot;imageURL&quot;:&quot;https:\\\/\\\/portalv1.com.br\\\/app\\\/wp-content\\\/gallery\\\/aroazes_7\\\/img-20150420-wa0012-copy.jpg?t=1706792272&quot;,&quot;thumbnailURL&quot;:&quot;https:\\\/\\\/portalv1.com.br\\\/app\\\/wp-content\\\/gallery\\\/aroazes_7\\\/thumbs\\\/thumbs_img-20150420-wa0012-copy.jpg?t=1706792272&quot;,&quot;description&quot;:&quot; &quot;,&quot;alttext&quot;:&quot;img-20150420-wa0012-copy&quot;,&quot;style&quot;:&quot;&quot;},{&quot;pid&quot;:37206,&quot;imageURL&quot;:&quot;https:\\\/\\\/portalv1.com.br\\\/app\\\/wp-content\\\/gallery\\\/aroazes_7\\\/img-20150420-wa0013-copy.jpg?t=1706798067&quot;,&quot;thumbnailURL&quot;:&quot;https:\\\/\\\/portalv1.com.br\\\/app\\\/wp-content\\\/gallery\\\/aroazes_7\\\/thumbs\\\/thumbs_img-20150420-wa0013-copy.jpg?t=1706798067&quot;,&quot;description&quot;:&quot; &quot;,&quot;alttext&quot;:&quot;img-20150420-wa0013-copy&quot;,&quot;style&quot;:&quot;&quot;},{&quot;pid&quot;:37207,&quot;imageURL&quot;:&quot;https:\\\/\\\/portalv1.com.br\\\/app\\\/wp-content\\\/gallery\\\/aroazes_7\\\/img-20150420-wa0015-copy.jpg?t=1706795901&quot;,&quot;thumbnailURL&quot;:&quot;https:\\\/\\\/portalv1.com.br\\\/app\\\/wp-content\\\/gallery\\\/aroazes_7\\\/thumbs\\\/thumbs_img-20150420-wa0015-copy.jpg?t=1706795901&quot;,&quot;description&quot;:&quot; &quot;,&quot;alttext&quot;:&quot;img-20150420-wa0015-copy&quot;,&quot;style&quot;:&quot;&quot;},{&quot;pid&quot;:37208,&quot;imageURL&quot;:&quot;https:\\\/\\\/portalv1.com.br\\\/app\\\/wp-content\\\/gallery\\\/aroazes_7\\\/img-20150420-wa0016-copy.jpg?t=1706798128&quot;,&quot;thumbnailURL&quot;:&quot;https:\\\/\\\/portalv1.com.br\\\/app\\\/wp-content\\\/gallery\\\/aroazes_7\\\/thumbs\\\/thumbs_img-20150420-wa0016-copy.jpg?t=1706798128&quot;,&quot;description&quot;:&quot; &quot;,&quot;alttext&quot;:&quot;img-20150420-wa0016-copy&quot;,&quot;style&quot;:&quot;&quot;}]}}'><\/div><\/strong>.<\/p>\n","protected":false},"excerpt":{"rendered":"<p>Alunos da rede estadual de ensino da cidade de Aroazes realizaram nesta segunda-feira (20), uma manifesta\u00e7\u00e3o na Pra\u00e7a Central reclamando da falta de professores nas escolas. Com faixas e cartazes,&#8230;<\/p>\n","protected":false},"author":1,"featured_media":0,"comment_status":"open","ping_status":"open","sticky":false,"template":"","format":"standard","meta":{"ngg_post_thumbnail":0,"footnotes":""},"categories":[12],"tags":[],"class_list":["post-20729","post","type-post","status-publish","format-standard","hentry","category-valenca-news"],"views":778,"meta_data":{"thumb":"https:\/\/portalv1.com.br\/app\/wp-content\/uploads\/2015\/04\/educacao.jpg","data":{"simple":"20\/04\/2015","date_time":"20\/04\/2015 18:08:04","date":"h\u00e1 11 anos"},"chapeu":"FOTOS","source":"m_destacada"},"_links":{"self":[{"href":"https:\/\/portalv1.com.br\/api\/wp\/v2\/posts\/20729","targetHints":{"allow":["GET"]}}],"collection":[{"href":"https:\/\/portalv1.com.br\/api\/wp\/v2\/posts"}],"about":[{"href":"https:\/\/portalv1.com.br\/api\/wp\/v2\/types\/post"}],"author":[{"embeddable":true,"href":"https:\/\/portalv1.com.br\/api\/wp\/v2\/users\/1"}],"replies":[{"embeddable":true,"href":"https:\/\/portalv1.com.br\/api\/wp\/v2\/comments?post=20729"}],"version-history":[{"count":0,"href":"https:\/\/portalv1.com.br\/api\/wp\/v2\/posts\/20729\/revisions"}],"wp:attachment":[{"href":"https:\/\/portalv1.com.br\/api\/wp\/v2\/media?parent=20729"}],"wp:term":[{"taxonomy":"category","embeddable":true,"href":"https:\/\/portalv1.com.br\/api\/wp\/v2\/categories?post=20729"},{"taxonomy":"post_tag","embeddable":true,"href":"https:\/\/portalv1.com.br\/api\/wp\/v2\/tags?post=20729"}],"curies":[{"name":"wp","href":"https:\/\/api.w.org\/{rel}","templated":true}]}}