{"id":207387,"date":"2024-06-24T15:20:25","date_gmt":"2024-06-24T18:20:25","guid":{"rendered":"https:\/\/portalv1.com.br\/?p=207387"},"modified":"2024-06-24T15:21:38","modified_gmt":"2024-06-24T18:21:38","slug":"governador-participa-da-abertura-da-mostra-piaui-sampa","status":"publish","type":"post","link":"https:\/\/portalv1.com.br\/governador-participa-da-abertura-da-mostra-piaui-sampa\/","title":{"rendered":"Governador participa da abertura da Mostra Piau\u00ed Sampa"},"content":{"rendered":"<p>O Piau\u00ed, seus pontos tur\u00edsticos e riquezas culturais, hist\u00f3ricas e gastron\u00f4micas ser\u00e3o destaque na Mostra Piau\u00ed Sampa, que inicia, nesta ter\u00e7a-feira (25), e segue at\u00e9 s\u00e1bado (29), no Shopping Vila Ol\u00edmpia, na cidade de S\u00e3o Paulo. O governador Rafael Fonteles participa da abertura do evento, que busca impulsionar o turismo e a economia do Piau\u00ed.<\/p>\n<p>Rafael v\u00ea no evento uma importante oportunidade de apresentar o Piau\u00ed, atrair turistas, firmar parcerias e promover o desenvolvimento sustent\u00e1vel. \u201cUma das prioridades da nossa gest\u00e3o \u00e9 impulsionar o turismo. Temos grandes atrativos, somos um povo acolhedor e ainda contamos com uma culin\u00e1ria incr\u00edvel. Sabendo disso, precisamos trabalhar para que cada vez mais pessoas venham ao nosso estado. Isso gera um grande impacto nos munic\u00edpios e no Piau\u00ed como um todo, pois gera emprego, renda e faz girar a economia\u201d, disse Fonteles.<\/p>\n<p>No dia da abertura oficial da mostra, em S\u00e3o Paulo, o governador Rafael Fonteles participa, ainda, de reuni\u00f5es com empres\u00e1rios.&nbsp;<\/p>\n<p>O gestor visita a Valid, multinacional brasileira fundada em 1957, com sede em S\u00e3o Paulo. A empresa atua em v\u00e1rias \u00e1reas, incluindo meios de pagamento, telecomunica\u00e7\u00f5es, sistemas de identifica\u00e7\u00e3o, certifica\u00e7\u00e3o digital e marketing digital.<\/p>\n<p>Rafael Fonteles se re\u00fane, ainda, com representantes da empresa Honda e Assohonda. A Honda, multinacional japonesa fundada em 1948, \u00e9 uma das maiores fabricantes de autom\u00f3veis, motocicletas e motores do mundo. A Assohonda, por sua vez, \u00e9 a Associa\u00e7\u00e3o Brasileira dos Distribuidores Honda. Ela representa os interesses dos concession\u00e1rios da marca Honda no Brasil.<a href=\"https:\/\/portalv1.com.br\/app\/wp-content\/uploads\/2024\/06\/rafael-1.jpeg\"><img loading=\"lazy\" decoding=\"async\" class=\"aligncenter size-full wp-image-207388\" src=\"https:\/\/portalv1.com.br\/app\/wp-content\/uploads\/2024\/06\/rafael-1.jpeg\" alt=\"\" width=\"1000\" height=\"667\" srcset=\"https:\/\/portalv1.com.br\/app\/wp-content\/uploads\/2024\/06\/rafael-1.jpeg 1000w, https:\/\/portalv1.com.br\/app\/wp-content\/uploads\/2024\/06\/rafael-1-300x200.jpeg 300w, https:\/\/portalv1.com.br\/app\/wp-content\/uploads\/2024\/06\/rafael-1-640x427.jpeg 640w, https:\/\/portalv1.com.br\/app\/wp-content\/uploads\/2024\/06\/rafael-1-768x512.jpeg 768w\" sizes=\"auto, (max-width: 1000px) 100vw, 1000px\" \/><\/a><\/p>\n<p>&nbsp;<strong>Mostra Piau\u00ed Sampa tem programa\u00e7\u00e3o diversificada&nbsp;<\/strong><\/p>\n<p>Mais de 30 pequenos neg\u00f3cios do Piau\u00ed v\u00e3o participar do evento, distribu\u00eddos em tr\u00eas categorias principais: alimentos e bebidas; artesanato;<strong>&nbsp;<\/strong>e gemas e j\u00f3ias. Haver\u00e1, ainda, rodadas de neg\u00f3cios, exposi\u00e7\u00f5es, oficinas vivas, apresenta\u00e7\u00f5es culturais e talk shows com especialistas sobre diversas tem\u00e1ticas, como inova\u00e7\u00e3o, turismo, empreendedorismo, neg\u00f3cios, economia criativa, culin\u00e1ria regional e artesanato.<\/p>\n<p>O gestor visita a Valid, multinacional brasileira fundada em 1957, com sede em S\u00e3o Paulo. A empresa atua em v\u00e1rias \u00e1reas, incluindo meios de pagamento, telecomunica\u00e7\u00f5es, sistemas de identifica\u00e7\u00e3o, certifica\u00e7\u00e3o digital e marketing digital.<\/p>\n<p>Rafael Fonteles se re\u00fane, ainda, com representantes da empresa Honda e Assohonda. A Honda, multinacional japonesa fundada em 1948, \u00e9 uma das maiores fabricantes de autom\u00f3veis, motocicletas e motores do mundo. A Assohonda, por sua vez, \u00e9 a Associa\u00e7\u00e3o Brasileira dos Distribuidores Honda. Ela representa os interesses dos concession\u00e1rios da marca Honda no Brasil.<\/p>\n<p>&nbsp;<strong>Mostra Piau\u00ed Sampa tem programa\u00e7\u00e3o diversificada&nbsp;<\/strong><\/p>\n<p>Mais de 30 pequenos neg\u00f3cios do Piau\u00ed v\u00e3o participar do evento, distribu\u00eddos em tr\u00eas categorias principais: alimentos e bebidas; artesanato;<strong>&nbsp;<\/strong>e gemas e j\u00f3ias. Haver\u00e1, ainda, rodadas de neg\u00f3cios, exposi\u00e7\u00f5es, oficinas vivas, apresenta\u00e7\u00f5es culturais e talk shows com especialistas sobre diversas tem\u00e1ticas, como inova\u00e7\u00e3o, turismo, empreendedorismo, neg\u00f3cios, economia criativa, culin\u00e1ria regional e artesanato.<\/p>\n","protected":false},"excerpt":{"rendered":"<p>O Piau\u00ed, seus pontos tur\u00edsticos e riquezas culturais, hist\u00f3ricas e gastron\u00f4micas ser\u00e3o destaque na Mostra Piau\u00ed Sampa, que inicia, nesta ter\u00e7a-feira (25), e segue at\u00e9 s\u00e1bado (29), no Shopping Vila&#8230;<\/p>\n","protected":false},"author":1,"featured_media":207388,"comment_status":"open","ping_status":"open","sticky":false,"template":"","format":"standard","meta":{"ngg_post_thumbnail":0,"footnotes":""},"categories":[243],"tags":[],"class_list":["post-207387","post","type-post","status-publish","format-standard","has-post-thumbnail","hentry","category-geral"],"views":53,"meta_data":{"thumb":"https:\/\/portalv1.com.br\/app\/wp-content\/uploads\/2024\/06\/rafael-1.jpeg","imagem":{"fullsize":{"url":"https:\/\/portalv1.com.br\/app\/wp-content\/uploads\/2024\/06\/rafael-1.jpeg","width":1000,"height":667},"medium":{"url":"https:\/\/portalv1.com.br\/app\/wp-content\/uploads\/2024\/06\/rafael-1-300x200.jpeg","width":300,"height":200},"large":{"url":"https:\/\/portalv1.com.br\/app\/wp-content\/uploads\/2024\/06\/rafael-1-640x427.jpeg","width":640,"height":427},"thumbnail":{"url":"https:\/\/portalv1.com.br\/app\/wp-content\/uploads\/2024\/06\/rafael-1-100x100.jpeg","width":100,"height":100},"medium_large":{"url":"https:\/\/portalv1.com.br\/app\/wp-content\/uploads\/2024\/06\/rafael-1-768x512.jpeg","width":768,"height":512}},"data":{"simple":"24\/06\/2024","date_time":"24\/06\/2024 12:20:25","date":"h\u00e1 2 anos"},"chapeu":"Veja programa\u00e7\u00e3o ","source":"m_destacada"},"_links":{"self":[{"href":"https:\/\/portalv1.com.br\/api\/wp\/v2\/posts\/207387","targetHints":{"allow":["GET"]}}],"collection":[{"href":"https:\/\/portalv1.com.br\/api\/wp\/v2\/posts"}],"about":[{"href":"https:\/\/portalv1.com.br\/api\/wp\/v2\/types\/post"}],"author":[{"embeddable":true,"href":"https:\/\/portalv1.com.br\/api\/wp\/v2\/users\/1"}],"replies":[{"embeddable":true,"href":"https:\/\/portalv1.com.br\/api\/wp\/v2\/comments?post=207387"}],"version-history":[{"count":0,"href":"https:\/\/portalv1.com.br\/api\/wp\/v2\/posts\/207387\/revisions"}],"wp:featuredmedia":[{"embeddable":true,"href":"https:\/\/portalv1.com.br\/api\/wp\/v2\/media\/207388"}],"wp:attachment":[{"href":"https:\/\/portalv1.com.br\/api\/wp\/v2\/media?parent=207387"}],"wp:term":[{"taxonomy":"category","embeddable":true,"href":"https:\/\/portalv1.com.br\/api\/wp\/v2\/categories?post=207387"},{"taxonomy":"post_tag","embeddable":true,"href":"https:\/\/portalv1.com.br\/api\/wp\/v2\/tags?post=207387"}],"curies":[{"name":"wp","href":"https:\/\/api.w.org\/{rel}","templated":true}]}}