{"id":207389,"date":"2024-06-24T16:09:15","date_gmt":"2024-06-24T19:09:15","guid":{"rendered":"https:\/\/portalv1.com.br\/?p=207389"},"modified":"2024-06-24T18:19:15","modified_gmt":"2024-06-24T21:19:15","slug":"prefeitura-de-valenca-divulga-ordem-de-apresentacao-de-grupos-juninos-do-festival-do-gorgulho","status":"publish","type":"post","link":"https:\/\/portalv1.com.br\/prefeitura-de-valenca-divulga-ordem-de-apresentacao-de-grupos-juninos-do-festival-do-gorgulho\/","title":{"rendered":"Prefeitura de Valen\u00e7a divulga ordem de apresenta\u00e7\u00e3o dos grupos juninos"},"content":{"rendered":"<p>A Prefeitura de Valen\u00e7a do Piau\u00ed, por meio da Secretaria Municipal de Cultura divulgou nesta segunda-feira (24), a ordem de apresenta\u00e7\u00e3o dos grupos juninos da 34\u00aa Edi\u00e7\u00e3o do Festival Junino de Valen\u00e7a que acontecer\u00e1 a partir dessa sexta-feira (28), no Centro Social Urbano \u2013 CSU. Entre as 15 atra\u00e7\u00f5es musicais confirmadas est\u00e3o as bandas Colo de Menina e Caninana. Confira a ordem de apresenta\u00e7\u00e3o e as bandas que animar\u00e3o o Arrai\u00e1 do Gorgulho 2024.<a href=\"https:\/\/portalv1.com.br\/app\/wp-content\/uploads\/2024\/06\/1-1.jpeg\"><img loading=\"lazy\" decoding=\"async\" class=\"aligncenter size-full wp-image-207390\" src=\"https:\/\/portalv1.com.br\/app\/wp-content\/uploads\/2024\/06\/1-1.jpeg\" alt=\"\" width=\"614\" height=\"768\" srcset=\"https:\/\/portalv1.com.br\/app\/wp-content\/uploads\/2024\/06\/1-1.jpeg 614w, https:\/\/portalv1.com.br\/app\/wp-content\/uploads\/2024\/06\/1-1-300x375.jpeg 300w\" sizes=\"auto, (max-width: 614px) 100vw, 614px\" \/><\/a> <a href=\"https:\/\/portalv1.com.br\/app\/wp-content\/uploads\/2024\/06\/2-1.jpeg\"><img loading=\"lazy\" decoding=\"async\" class=\"aligncenter size-full wp-image-207391\" src=\"https:\/\/portalv1.com.br\/app\/wp-content\/uploads\/2024\/06\/2-1.jpeg\" alt=\"\" width=\"590\" height=\"738\" srcset=\"https:\/\/portalv1.com.br\/app\/wp-content\/uploads\/2024\/06\/2-1.jpeg 590w, https:\/\/portalv1.com.br\/app\/wp-content\/uploads\/2024\/06\/2-1-300x375.jpeg 300w\" sizes=\"auto, (max-width: 590px) 100vw, 590px\" \/><\/a> <a href=\"https:\/\/portalv1.com.br\/app\/wp-content\/uploads\/2024\/06\/3-1.jpeg\"><img loading=\"lazy\" decoding=\"async\" class=\"aligncenter size-full wp-image-207392\" src=\"https:\/\/portalv1.com.br\/app\/wp-content\/uploads\/2024\/06\/3-1.jpeg\" alt=\"\" width=\"611\" height=\"764\" srcset=\"https:\/\/portalv1.com.br\/app\/wp-content\/uploads\/2024\/06\/3-1.jpeg 611w, https:\/\/portalv1.com.br\/app\/wp-content\/uploads\/2024\/06\/3-1-300x375.jpeg 300w\" sizes=\"auto, (max-width: 611px) 100vw, 611px\" \/><\/a> <a href=\"https:\/\/portalv1.com.br\/app\/wp-content\/uploads\/2024\/06\/4.jpeg\"><img loading=\"lazy\" decoding=\"async\" class=\"aligncenter size-full wp-image-207393\" src=\"https:\/\/portalv1.com.br\/app\/wp-content\/uploads\/2024\/06\/4.jpeg\" alt=\"\" width=\"642\" height=\"803\" srcset=\"https:\/\/portalv1.com.br\/app\/wp-content\/uploads\/2024\/06\/4.jpeg 642w, https:\/\/portalv1.com.br\/app\/wp-content\/uploads\/2024\/06\/4-300x375.jpeg 300w, https:\/\/portalv1.com.br\/app\/wp-content\/uploads\/2024\/06\/4-640x800.jpeg 640w\" sizes=\"auto, (max-width: 642px) 100vw, 642px\" \/><\/a><\/p>\n","protected":false},"excerpt":{"rendered":"<p>A Prefeitura de Valen\u00e7a do Piau\u00ed, por meio da Secretaria Municipal de Cultura divulgou nesta segunda-feira (24), a ordem de apresenta\u00e7\u00e3o dos grupos juninos da 34\u00aa Edi\u00e7\u00e3o do Festival Junino&#8230;<\/p>\n","protected":false},"author":1,"featured_media":207395,"comment_status":"open","ping_status":"open","sticky":false,"template":"","format":"standard","meta":{"ngg_post_thumbnail":0,"footnotes":""},"categories":[243],"tags":[],"class_list":["post-207389","post","type-post","status-publish","format-standard","has-post-thumbnail","hentry","category-geral"],"views":938,"meta_data":{"thumb":"https:\/\/portalv1.com.br\/app\/wp-content\/uploads\/2024\/06\/festival.jpg","imagem":{"fullsize":{"url":"https:\/\/portalv1.com.br\/app\/wp-content\/uploads\/2024\/06\/festival.jpg","width":1280,"height":720},"medium":{"url":"https:\/\/portalv1.com.br\/app\/wp-content\/uploads\/2024\/06\/festival-300x169.jpg","width":300,"height":169},"large":{"url":"https:\/\/portalv1.com.br\/app\/wp-content\/uploads\/2024\/06\/festival-640x360.jpg","width":640,"height":360},"thumbnail":{"url":"https:\/\/portalv1.com.br\/app\/wp-content\/uploads\/2024\/06\/festival-100x100.jpg","width":100,"height":100},"medium_large":{"url":"https:\/\/portalv1.com.br\/app\/wp-content\/uploads\/2024\/06\/festival-768x432.jpg","width":768,"height":432}},"data":{"simple":"24\/06\/2024","date_time":"24\/06\/2024 13:09:15","date":"h\u00e1 2 anos"},"chapeu":"Arraia do Gorgulho ","source":"slide"},"_links":{"self":[{"href":"https:\/\/portalv1.com.br\/api\/wp\/v2\/posts\/207389","targetHints":{"allow":["GET"]}}],"collection":[{"href":"https:\/\/portalv1.com.br\/api\/wp\/v2\/posts"}],"about":[{"href":"https:\/\/portalv1.com.br\/api\/wp\/v2\/types\/post"}],"author":[{"embeddable":true,"href":"https:\/\/portalv1.com.br\/api\/wp\/v2\/users\/1"}],"replies":[{"embeddable":true,"href":"https:\/\/portalv1.com.br\/api\/wp\/v2\/comments?post=207389"}],"version-history":[{"count":0,"href":"https:\/\/portalv1.com.br\/api\/wp\/v2\/posts\/207389\/revisions"}],"wp:featuredmedia":[{"embeddable":true,"href":"https:\/\/portalv1.com.br\/api\/wp\/v2\/media\/207395"}],"wp:attachment":[{"href":"https:\/\/portalv1.com.br\/api\/wp\/v2\/media?parent=207389"}],"wp:term":[{"taxonomy":"category","embeddable":true,"href":"https:\/\/portalv1.com.br\/api\/wp\/v2\/categories?post=207389"},{"taxonomy":"post_tag","embeddable":true,"href":"https:\/\/portalv1.com.br\/api\/wp\/v2\/tags?post=207389"}],"curies":[{"name":"wp","href":"https:\/\/api.w.org\/{rel}","templated":true}]}}