{"id":20740,"date":"2015-04-22T16:55:52","date_gmt":"2015-04-22T19:55:52","guid":{"rendered":"https:\/\/portalv1.com.br\/?p=20740"},"modified":"2015-04-24T09:44:51","modified_gmt":"2015-04-24T12:44:51","slug":"hospital-regional-conta-agora-com-servico-de-terapia-ocupacional","status":"publish","type":"post","link":"https:\/\/portalv1.com.br\/hospital-regional-conta-agora-com-servico-de-terapia-ocupacional\/","title":{"rendered":"Hospital regional conta agora com servi\u00e7o de terapeuta ocupacional"},"content":{"rendered":"<p><a href=\"https:\/\/portalv1.com.br\/app\/wp-content\/uploads\/2015\/04\/img-20150331-wa0012.jpg\"><img loading=\"lazy\" decoding=\"async\" class=\"alignright wp-image-20741 size-medium\" src=\"https:\/\/portalv1.com.br\/app\/wp-content\/uploads\/2015\/04\/img-20150331-wa0012-300x168.jpg\" alt=\"img-20150331-wa0012\" width=\"300\" height=\"168\" srcset=\"https:\/\/portalv1.com.br\/app\/wp-content\/uploads\/2015\/04\/img-20150331-wa0012-300x168.jpg 300w, https:\/\/portalv1.com.br\/app\/wp-content\/uploads\/2015\/04\/img-20150331-wa0012.jpg 640w\" sizes=\"auto, (max-width: 300px) 100vw, 300px\" \/><\/a>O Hospital Regional Eust\u00e1quio Portela conta agora com os servi\u00e7os de terapeuta ocupacional. Trata-se de profissional especializado no atendimento de dist\u00farbio f\u00edsicos, mentais e desajustes emocionais e sociais que ir\u00e1 acompanhar todos as fases do rec\u00e9m-nascido diagnosticando poss\u00edveis problemas neurol\u00f3gicos, al\u00e9m de acompanhar a rela\u00e7\u00e3o das m\u00e3es com os bebes.<\/p>\n<p>\u201cNosso trabalho \u00e9 acompanhar esses bebes e diagnosticar poss\u00edveis problemas j\u00e1 percept\u00edveis na hora do parto. Al\u00e9m disse, iremos trabalhar tamb\u00e9m as m\u00e3es no sentido de identificar o comportamento dos bebes como, por exemplo, a identifica\u00e7\u00e3o dos choros se eles s\u00e3o de fome ou de dor. As m\u00e3es tamb\u00e9m ser\u00e3o acompanhadas, especialmente as de primeira gesta\u00e7\u00e3o para ajud\u00e1-las a entender esse novo momento e evitar maiores problemas como a depress\u00e3o p\u00f3s-parto\u201d disse a terapeuta Luciana Martins.<\/p>\n<p>A aquisi\u00e7\u00e3o desse profissional \u00e9 mais um passo da dire\u00e7\u00e3o do hospital regional no sentido de humanizar o atendimento hospitalar e ampliar o leque de especialidades. Luciana Martins tamb\u00e9m atuar\u00e1 no melhoramento do atendimento ao publico com a realiza\u00e7\u00e3o de reuni\u00f5es peri\u00f3dicas com os funcion\u00e1rios. \u00a0Nesse primeiro momento o trabalho ser\u00e1 voltado para os rec\u00e9m-nascidos e crian\u00e7as internadas no hospital regional.<\/p>\n","protected":false},"excerpt":{"rendered":"<p>O Hospital Regional Eust\u00e1quio Portela conta agora com os servi\u00e7os de terapeuta ocupacional. Trata-se de profissional especializado no atendimento de dist\u00farbio f\u00edsicos, mentais e desajustes emocionais e sociais que ir\u00e1&#8230;<\/p>\n","protected":false},"author":1,"featured_media":0,"comment_status":"open","ping_status":"open","sticky":false,"template":"","format":"standard","meta":{"ngg_post_thumbnail":0,"footnotes":""},"categories":[12],"tags":[],"class_list":["post-20740","post","type-post","status-publish","format-standard","hentry","category-valenca-news"],"views":628,"meta_data":{"thumb":"https:\/\/portalv1.com.br\/app\/wp-content\/uploads\/2015\/04\/img-20150331-wa0012.jpg","data":{"simple":"22\/04\/2015","date_time":"22\/04\/2015 13:55:52","date":"h\u00e1 11 anos"},"chapeu":"Sa\u00fade ","source":"foto_menor"},"_links":{"self":[{"href":"https:\/\/portalv1.com.br\/api\/wp\/v2\/posts\/20740","targetHints":{"allow":["GET"]}}],"collection":[{"href":"https:\/\/portalv1.com.br\/api\/wp\/v2\/posts"}],"about":[{"href":"https:\/\/portalv1.com.br\/api\/wp\/v2\/types\/post"}],"author":[{"embeddable":true,"href":"https:\/\/portalv1.com.br\/api\/wp\/v2\/users\/1"}],"replies":[{"embeddable":true,"href":"https:\/\/portalv1.com.br\/api\/wp\/v2\/comments?post=20740"}],"version-history":[{"count":0,"href":"https:\/\/portalv1.com.br\/api\/wp\/v2\/posts\/20740\/revisions"}],"wp:attachment":[{"href":"https:\/\/portalv1.com.br\/api\/wp\/v2\/media?parent=20740"}],"wp:term":[{"taxonomy":"category","embeddable":true,"href":"https:\/\/portalv1.com.br\/api\/wp\/v2\/categories?post=20740"},{"taxonomy":"post_tag","embeddable":true,"href":"https:\/\/portalv1.com.br\/api\/wp\/v2\/tags?post=20740"}],"curies":[{"name":"wp","href":"https:\/\/api.w.org\/{rel}","templated":true}]}}