{"id":207796,"date":"2024-06-27T17:45:35","date_gmt":"2024-06-27T20:45:35","guid":{"rendered":"https:\/\/portalv1.com.br\/?p=207796"},"modified":"2024-06-27T17:49:05","modified_gmt":"2024-06-27T20:49:05","slug":"secretarias-de-educacao-e-saude-de-valenca-registram-boletim-de-ocorrencia-contra-apresentadores","status":"publish","type":"post","link":"https:\/\/portalv1.com.br\/secretarias-de-educacao-e-saude-de-valenca-registram-boletim-de-ocorrencia-contra-apresentadores\/","title":{"rendered":"Secret\u00e1rias de educa\u00e7\u00e3o e sa\u00fade de Valen\u00e7a registram Boletim de Ocorr\u00eancia contra apresentadores"},"content":{"rendered":"<p>As secret\u00e1rias de Valen\u00e7a do Piau\u00ed das pastas da Educa\u00e7\u00e3o Iara Costa e de Sa\u00fade Lucilia Marreiros, registraram nesta quinta-feira (27), um Boletim de Ocorr\u00eancia contra os apresentadores do programa Jornal da Confedera\u00e7\u00e3o, Welton Ferreira e Joaquim Filho. Apresentador Joaquim Filho \u00e9 pr\u00e9-candidato a vereador no munic\u00edpio pelo grupo da oposi\u00e7\u00e3o.<\/p>\n<p>A not\u00edcia que fez as secret\u00e1rias realizarem o boletim foi veiculada na emissora e retransmitida pelo Facebook no dia 18 de junho, onde os apresentadores noticiaram que a Pol\u00edcia Federal teria realizado busca e apreens\u00e3o de documentos e computadores nas depend\u00eancias das duas secretarias em Valen\u00e7a, opera\u00e7\u00e3o essa que segunda as duas gestoras \u00e9 desconhecida para elas.<\/p>\n<p>Al\u00e9m de negar a den\u00fancia, as secret\u00e1rias lamentaram a forma em que a mat\u00e9ria foi exibida com sons de sirenes e detalhando a suposta opera\u00e7\u00e3o negada pelas duas. Iara Costa e Lucilia Marreiros ir\u00e3o apresentar uma queixa-crime para que os apresentadores comprovem a veracidade das informa\u00e7\u00f5es repassadas na emissora.<\/p>\n<p><div class=\"content-iframe\" data-content-width=\"600\"><iframe loading=\"lazy\" style=\"border: none; overflow: hidden;\" src=\"https:\/\/www.facebook.com\/plugins\/video.php?height=314&amp;href=https%3A%2F%2Fwww.facebook.com%2Fradioconfederacao%2Fvideos%2F905632447940103%2F&amp;show_text=false&amp;width=560&amp;t=0\" width=\"560\" height=\"314\" frameborder=\"0\" scrolling=\"no\" allowfullscreen=\"allowfullscreen\"><\/iframe><\/div>&nbsp;<\/p>\n<p><a href=\"https:\/\/portalv1.com.br\/app\/wp-content\/uploads\/2024\/06\/d1.jpg\"><img loading=\"lazy\" decoding=\"async\" class=\"aligncenter size-full wp-image-207798\" src=\"https:\/\/portalv1.com.br\/app\/wp-content\/uploads\/2024\/06\/d1.jpg\" alt=\"\" width=\"1280\" height=\"720\" srcset=\"https:\/\/portalv1.com.br\/app\/wp-content\/uploads\/2024\/06\/d1.jpg 1280w, https:\/\/portalv1.com.br\/app\/wp-content\/uploads\/2024\/06\/d1-300x169.jpg 300w, https:\/\/portalv1.com.br\/app\/wp-content\/uploads\/2024\/06\/d1-640x360.jpg 640w, https:\/\/portalv1.com.br\/app\/wp-content\/uploads\/2024\/06\/d1-768x432.jpg 768w\" sizes=\"auto, (max-width: 1280px) 100vw, 1280px\" \/><\/a> <a href=\"https:\/\/portalv1.com.br\/app\/wp-content\/uploads\/2024\/06\/d2.jpg\"><img loading=\"lazy\" decoding=\"async\" class=\"aligncenter size-full wp-image-207799\" src=\"https:\/\/portalv1.com.br\/app\/wp-content\/uploads\/2024\/06\/d2.jpg\" alt=\"\" width=\"1280\" height=\"720\" srcset=\"https:\/\/portalv1.com.br\/app\/wp-content\/uploads\/2024\/06\/d2.jpg 1280w, https:\/\/portalv1.com.br\/app\/wp-content\/uploads\/2024\/06\/d2-300x169.jpg 300w, https:\/\/portalv1.com.br\/app\/wp-content\/uploads\/2024\/06\/d2-640x360.jpg 640w, https:\/\/portalv1.com.br\/app\/wp-content\/uploads\/2024\/06\/d2-768x432.jpg 768w\" sizes=\"auto, (max-width: 1280px) 100vw, 1280px\" \/><\/a><\/p>\n","protected":false},"excerpt":{"rendered":"<p>As secret\u00e1rias de Valen\u00e7a do Piau\u00ed das pastas da Educa\u00e7\u00e3o Iara Costa e de Sa\u00fade Lucilia Marreiros, registraram nesta quinta-feira (27), um Boletim de Ocorr\u00eancia contra os apresentadores do programa&#8230;<\/p>\n","protected":false},"author":1,"featured_media":207797,"comment_status":"open","ping_status":"open","sticky":false,"template":"","format":"standard","meta":{"ngg_post_thumbnail":0,"footnotes":""},"categories":[243],"tags":[],"class_list":["post-207796","post","type-post","status-publish","format-standard","has-post-thumbnail","hentry","category-geral"],"views":2291,"meta_data":{"thumb":"https:\/\/portalv1.com.br\/app\/wp-content\/uploads\/2024\/06\/rcv.jpeg","imagem":{"fullsize":{"url":"https:\/\/portalv1.com.br\/app\/wp-content\/uploads\/2024\/06\/rcv.jpeg","width":1000,"height":561},"medium":{"url":"https:\/\/portalv1.com.br\/app\/wp-content\/uploads\/2024\/06\/rcv-300x168.jpeg","width":300,"height":168},"large":{"url":"https:\/\/portalv1.com.br\/app\/wp-content\/uploads\/2024\/06\/rcv-640x359.jpeg","width":640,"height":359},"thumbnail":{"url":"https:\/\/portalv1.com.br\/app\/wp-content\/uploads\/2024\/06\/rcv-100x100.jpeg","width":100,"height":100},"medium_large":{"url":"https:\/\/portalv1.com.br\/app\/wp-content\/uploads\/2024\/06\/rcv-768x431.jpeg","width":768,"height":431}},"data":{"simple":"27\/06\/2024","date_time":"27\/06\/2024 14:45:35","date":"h\u00e1 2 anos"},"chapeu":"Elei\u00e7\u00f5es 2024","source":"slide"},"_links":{"self":[{"href":"https:\/\/portalv1.com.br\/api\/wp\/v2\/posts\/207796","targetHints":{"allow":["GET"]}}],"collection":[{"href":"https:\/\/portalv1.com.br\/api\/wp\/v2\/posts"}],"about":[{"href":"https:\/\/portalv1.com.br\/api\/wp\/v2\/types\/post"}],"author":[{"embeddable":true,"href":"https:\/\/portalv1.com.br\/api\/wp\/v2\/users\/1"}],"replies":[{"embeddable":true,"href":"https:\/\/portalv1.com.br\/api\/wp\/v2\/comments?post=207796"}],"version-history":[{"count":0,"href":"https:\/\/portalv1.com.br\/api\/wp\/v2\/posts\/207796\/revisions"}],"wp:featuredmedia":[{"embeddable":true,"href":"https:\/\/portalv1.com.br\/api\/wp\/v2\/media\/207797"}],"wp:attachment":[{"href":"https:\/\/portalv1.com.br\/api\/wp\/v2\/media?parent=207796"}],"wp:term":[{"taxonomy":"category","embeddable":true,"href":"https:\/\/portalv1.com.br\/api\/wp\/v2\/categories?post=207796"},{"taxonomy":"post_tag","embeddable":true,"href":"https:\/\/portalv1.com.br\/api\/wp\/v2\/tags?post=207796"}],"curies":[{"name":"wp","href":"https:\/\/api.w.org\/{rel}","templated":true}]}}