{"id":207818,"date":"2024-06-28T09:18:13","date_gmt":"2024-06-28T12:18:13","guid":{"rendered":"https:\/\/portalv1.com.br\/?p=207818"},"modified":"2024-06-28T09:51:47","modified_gmt":"2024-06-28T12:51:47","slug":"festival-junino-de-valenca-comeca-nesta-sexta-feira-com-apresentacoes-de-quadrilhas-e-shows","status":"publish","type":"post","link":"https:\/\/portalv1.com.br\/festival-junino-de-valenca-comeca-nesta-sexta-feira-com-apresentacoes-de-quadrilhas-e-shows\/","title":{"rendered":"Festival Junino de Valen\u00e7a come\u00e7a nesta sexta-feira com apresenta\u00e7\u00f5es de quadrilhas e shows"},"content":{"rendered":"<div id=\"chunk-4uu12\">\n<p>O tradicional Festival de Quadrilhas Juninas de Valen\u00e7a do Piau\u00ed come\u00e7a nesta sexta-feira (28), a partir das 18h. As apresenta\u00e7\u00f5es v\u00e3o acontecer no Centro Social Urbano-CSU at\u00e9 o pr\u00f3ximo domingo, 30 de junho.<\/p>\n<\/div>\n<div id=\"chunk-cpehg\">\n<p>O espet\u00e1culo de valoriza\u00e7\u00e3o da cultura nordestina reunir\u00e1 grupos juninos de Valen\u00e7a e de outras cidades, al\u00e9m de shows e uma completa pra\u00e7a de alimenta\u00e7\u00e3o. A promo\u00e7\u00e3o \u00e9 da Secretaria Municipal de Cultura com apoio das demais secretarias e \u00f3rg\u00e3os municipais.<a href=\"https:\/\/portalv1.com.br\/app\/wp-content\/uploads\/2024\/06\/1-1.jpeg\"><img loading=\"lazy\" decoding=\"async\" class=\"aligncenter size-full wp-image-207390\" src=\"https:\/\/portalv1.com.br\/app\/wp-content\/uploads\/2024\/06\/1-1.jpeg\" alt=\"\" width=\"614\" height=\"768\" srcset=\"https:\/\/portalv1.com.br\/app\/wp-content\/uploads\/2024\/06\/1-1.jpeg 614w, https:\/\/portalv1.com.br\/app\/wp-content\/uploads\/2024\/06\/1-1-300x375.jpeg 300w\" sizes=\"auto, (max-width: 614px) 100vw, 614px\" \/><\/a><a href=\"https:\/\/portalv1.com.br\/app\/wp-content\/uploads\/2024\/06\/2-1.jpeg\"><img loading=\"lazy\" decoding=\"async\" class=\"aligncenter size-full wp-image-207391\" src=\"https:\/\/portalv1.com.br\/app\/wp-content\/uploads\/2024\/06\/2-1.jpeg\" alt=\"\" width=\"590\" height=\"738\" srcset=\"https:\/\/portalv1.com.br\/app\/wp-content\/uploads\/2024\/06\/2-1.jpeg 590w, https:\/\/portalv1.com.br\/app\/wp-content\/uploads\/2024\/06\/2-1-300x375.jpeg 300w\" sizes=\"auto, (max-width: 590px) 100vw, 590px\" \/><\/a><a href=\"https:\/\/portalv1.com.br\/app\/wp-content\/uploads\/2024\/06\/3-1.jpeg\"><img loading=\"lazy\" decoding=\"async\" class=\"aligncenter size-full wp-image-207392\" src=\"https:\/\/portalv1.com.br\/app\/wp-content\/uploads\/2024\/06\/3-1.jpeg\" alt=\"\" width=\"611\" height=\"764\" srcset=\"https:\/\/portalv1.com.br\/app\/wp-content\/uploads\/2024\/06\/3-1.jpeg 611w, https:\/\/portalv1.com.br\/app\/wp-content\/uploads\/2024\/06\/3-1-300x375.jpeg 300w\" sizes=\"auto, (max-width: 611px) 100vw, 611px\" \/><\/a><\/p>\n<\/div>\n","protected":false},"excerpt":{"rendered":"<p>O tradicional Festival de Quadrilhas Juninas de Valen\u00e7a do Piau\u00ed come\u00e7a nesta sexta-feira (28), a partir das 18h. As apresenta\u00e7\u00f5es v\u00e3o acontecer no Centro Social Urbano-CSU at\u00e9 o pr\u00f3ximo domingo,&#8230;<\/p>\n","protected":false},"author":1,"featured_media":207821,"comment_status":"open","ping_status":"open","sticky":false,"template":"","format":"standard","meta":{"ngg_post_thumbnail":0,"footnotes":""},"categories":[243],"tags":[],"class_list":["post-207818","post","type-post","status-publish","format-standard","has-post-thumbnail","hentry","category-geral"],"views":720,"meta_data":{"thumb":"https:\/\/portalv1.com.br\/app\/wp-content\/uploads\/2024\/06\/20230704191101_IMG_0702-Copy.jpeg","imagem":{"fullsize":{"url":"https:\/\/portalv1.com.br\/app\/wp-content\/uploads\/2024\/06\/20230704191101_IMG_0702-Copy.jpeg","width":1200,"height":675},"medium":{"url":"https:\/\/portalv1.com.br\/app\/wp-content\/uploads\/2024\/06\/20230704191101_IMG_0702-Copy-300x169.jpeg","width":300,"height":169},"large":{"url":"https:\/\/portalv1.com.br\/app\/wp-content\/uploads\/2024\/06\/20230704191101_IMG_0702-Copy-640x360.jpeg","width":640,"height":360},"thumbnail":{"url":"https:\/\/portalv1.com.br\/app\/wp-content\/uploads\/2024\/06\/20230704191101_IMG_0702-Copy-100x100.jpeg","width":100,"height":100},"medium_large":{"url":"https:\/\/portalv1.com.br\/app\/wp-content\/uploads\/2024\/06\/20230704191101_IMG_0702-Copy-768x432.jpeg","width":768,"height":432}},"data":{"simple":"28\/06\/2024","date_time":"28\/06\/2024 06:18:13","date":"h\u00e1 2 anos"},"chapeu":"Festival do Gorgulho ","source":"slide"},"_links":{"self":[{"href":"https:\/\/portalv1.com.br\/api\/wp\/v2\/posts\/207818","targetHints":{"allow":["GET"]}}],"collection":[{"href":"https:\/\/portalv1.com.br\/api\/wp\/v2\/posts"}],"about":[{"href":"https:\/\/portalv1.com.br\/api\/wp\/v2\/types\/post"}],"author":[{"embeddable":true,"href":"https:\/\/portalv1.com.br\/api\/wp\/v2\/users\/1"}],"replies":[{"embeddable":true,"href":"https:\/\/portalv1.com.br\/api\/wp\/v2\/comments?post=207818"}],"version-history":[{"count":0,"href":"https:\/\/portalv1.com.br\/api\/wp\/v2\/posts\/207818\/revisions"}],"wp:featuredmedia":[{"embeddable":true,"href":"https:\/\/portalv1.com.br\/api\/wp\/v2\/media\/207821"}],"wp:attachment":[{"href":"https:\/\/portalv1.com.br\/api\/wp\/v2\/media?parent=207818"}],"wp:term":[{"taxonomy":"category","embeddable":true,"href":"https:\/\/portalv1.com.br\/api\/wp\/v2\/categories?post=207818"},{"taxonomy":"post_tag","embeddable":true,"href":"https:\/\/portalv1.com.br\/api\/wp\/v2\/tags?post=207818"}],"curies":[{"name":"wp","href":"https:\/\/api.w.org\/{rel}","templated":true}]}}