{"id":20800,"date":"2015-04-30T10:50:24","date_gmt":"2015-04-30T13:50:24","guid":{"rendered":"https:\/\/portalv1.com.br\/?p=20800"},"modified":"2015-05-04T12:50:19","modified_gmt":"2015-05-04T15:50:19","slug":"inscricoes-para-conselheiro-tutelar-de-pimenteiras-ja-comecou","status":"publish","type":"post","link":"https:\/\/portalv1.com.br\/inscricoes-para-conselheiro-tutelar-de-pimenteiras-ja-comecou\/","title":{"rendered":"Inscri\u00e7\u00f5es para conselheiro tutelar de Pimenteiras j\u00e1 come\u00e7ou"},"content":{"rendered":"<p><a href=\"https:\/\/portalv1.com.br\/app\/wp-content\/uploads\/2015\/04\/cmd.jpg\"><img loading=\"lazy\" decoding=\"async\" class=\"alignright wp-image-20801 size-medium\" src=\"https:\/\/portalv1.com.br\/app\/wp-content\/uploads\/2015\/04\/cmd-300x225.jpg\" alt=\"cmd\" width=\"300\" height=\"225\" srcset=\"https:\/\/portalv1.com.br\/app\/wp-content\/uploads\/2015\/04\/cmd-300x225.jpg 300w, https:\/\/portalv1.com.br\/app\/wp-content\/uploads\/2015\/04\/cmd.jpg 640w\" sizes=\"auto, (max-width: 300px) 100vw, 300px\" \/><\/a>O Conselho Municipal dos Direitos da Crian\u00e7a e Adolescente de Pimenteiras, atrav\u00e9s do edital <strong>01\/2015 <\/strong>comunica que est\u00e3o abertas as inscri\u00e7\u00f5es para elei\u00e7\u00e3o unificada dos conselheiros tutelares de Pimenteiras. Podem se candidatar ao cargo pessoas acima de 21 anos, residentes em Pimenteiras a pelo menos 02 anos, com experi\u00eancia comprovada de 02 anos com trabalho na \u00e1rea de crian\u00e7as e adolescentes e que estejam\u00a0quites com suas obriga\u00e7\u00f5es eleitorais e militares.<\/p>\n<p>Maiores informa\u00e7\u00f5es e pr\u00e9-requisitos encontram-se no Edital \u00a0dispon\u00edvel para consulta no <strong>CMDCA, CRAS, SMAS e sede da Prefeitura Municipal.<\/strong> As inscri\u00e7\u00f5es est\u00e3o sendo feitas na sala dos conselhos (SMAS) situada a Rua C\u00f4nego Acelino, 87 &#8211; Centro, pr\u00f3xima a Igreja Matriz, das 08h as 13h no per\u00edodo de 27 de abril a 22 de maio de 2015.<\/p>\n","protected":false},"excerpt":{"rendered":"<p>O Conselho Municipal dos Direitos da Crian\u00e7a e Adolescente de Pimenteiras, atrav\u00e9s do edital 01\/2015 comunica que est\u00e3o abertas as inscri\u00e7\u00f5es para elei\u00e7\u00e3o unificada dos conselheiros tutelares de Pimenteiras. Podem&#8230;<\/p>\n","protected":false},"author":1,"featured_media":0,"comment_status":"open","ping_status":"open","sticky":false,"template":"","format":"standard","meta":{"ngg_post_thumbnail":0,"footnotes":""},"categories":[1055,12],"tags":[],"class_list":["post-20800","post","type-post","status-publish","format-standard","hentry","category-concurso-e-emprego","category-valenca-news"],"views":398,"meta_data":{"thumb":"https:\/\/portalv1.com.br\/app\/wp-content\/uploads\/2015\/04\/cmd.jpg","data":{"simple":"30\/04\/2015","date_time":"30\/04\/2015 07:50:24","date":"h\u00e1 11 anos"},"chapeu":"Boa Oportunidade ","source":"retirar"},"_links":{"self":[{"href":"https:\/\/portalv1.com.br\/api\/wp\/v2\/posts\/20800","targetHints":{"allow":["GET"]}}],"collection":[{"href":"https:\/\/portalv1.com.br\/api\/wp\/v2\/posts"}],"about":[{"href":"https:\/\/portalv1.com.br\/api\/wp\/v2\/types\/post"}],"author":[{"embeddable":true,"href":"https:\/\/portalv1.com.br\/api\/wp\/v2\/users\/1"}],"replies":[{"embeddable":true,"href":"https:\/\/portalv1.com.br\/api\/wp\/v2\/comments?post=20800"}],"version-history":[{"count":0,"href":"https:\/\/portalv1.com.br\/api\/wp\/v2\/posts\/20800\/revisions"}],"wp:attachment":[{"href":"https:\/\/portalv1.com.br\/api\/wp\/v2\/media?parent=20800"}],"wp:term":[{"taxonomy":"category","embeddable":true,"href":"https:\/\/portalv1.com.br\/api\/wp\/v2\/categories?post=20800"},{"taxonomy":"post_tag","embeddable":true,"href":"https:\/\/portalv1.com.br\/api\/wp\/v2\/tags?post=20800"}],"curies":[{"name":"wp","href":"https:\/\/api.w.org\/{rel}","templated":true}]}}