{"id":20834,"date":"2015-05-06T17:24:48","date_gmt":"2015-05-06T20:24:48","guid":{"rendered":"https:\/\/portalv1.com.br\/?p=20834"},"modified":"2015-05-06T17:27:10","modified_gmt":"2015-05-06T20:27:10","slug":"tre-pi-publica-decisao-sobre-embargos-de-declaracao","status":"publish","type":"post","link":"https:\/\/portalv1.com.br\/tre-pi-publica-decisao-sobre-embargos-de-declaracao\/","title":{"rendered":"TRE-PI publica decis\u00e3o sobre embargos de declara\u00e7\u00e3o de Valen\u00e7a"},"content":{"rendered":"<p><a href=\"https:\/\/portalv1.com.br\/app\/wp-content\/uploads\/2014\/01\/tre.jpg\"><img loading=\"lazy\" decoding=\"async\" class=\"alignright size-medium wp-image-17538\" src=\"https:\/\/portalv1.com.br\/app\/wp-content\/uploads\/2014\/01\/tre-300x168.jpg\" alt=\"tre\" width=\"300\" height=\"168\" srcset=\"https:\/\/portalv1.com.br\/app\/wp-content\/uploads\/2014\/01\/tre-300x168.jpg 300w, https:\/\/portalv1.com.br\/app\/wp-content\/uploads\/2014\/01\/tre.jpg 455w\" sizes=\"auto, (max-width: 300px) 100vw, 300px\" \/><\/a>O Tribunal Regional Eleitoral (TRE-PI) divulgou nesta quarta-feira (06) a decis\u00e3o das a\u00e7\u00f5es referente \u00e0s duas a\u00e7\u00f5es (AIME e AIJE) referentes ao pleito eleitoral em Valen\u00e7a.<\/p>\n<p>Como o Portalv1 j\u00e1 havia adiantado o TRE-PI considerou protelat\u00f3rios os embargos do prefeito cassado Walfredo Filho com a publica\u00e7\u00e3o o pr\u00f3ximo passo \u00e9 esperar a publica\u00e7\u00e3o da resolu\u00e7\u00e3o definindo a data da elei\u00e7\u00e3o suplementar.<\/p>\n<p>Como a publica\u00e7\u00e3o vale a partir dessa quinta-feira a assessoria jur\u00eddica do prefeito Walfredo Filho tentar\u00e1 em Bras\u00edlia reverter \u00e0 decis\u00e3o at\u00e9 uma decis\u00e3o final do processo. Dia 06 de junho completar\u00e1 um ano da cassa\u00e7\u00e3o do prefeito na primeira inst\u00e2ncia.<\/p>\n<p><a href=\"https:\/\/portalv1.com.br\/app\/wp-content\/uploads\/2015\/05\/CLIQUE-E-ACESSE-O-DIARIO-DA-JUSTICA.pdf\">CLIQUE E ACESSE O DIARIO DA JUSTI\u00c7A<\/a><\/p>\n","protected":false},"excerpt":{"rendered":"<p>O Tribunal Regional Eleitoral (TRE-PI) divulgou nesta quarta-feira (06) a decis\u00e3o das a\u00e7\u00f5es referente \u00e0s duas a\u00e7\u00f5es (AIME e AIJE) referentes ao pleito eleitoral em Valen\u00e7a. Como o Portalv1 j\u00e1&#8230;<\/p>\n","protected":false},"author":1,"featured_media":0,"comment_status":"open","ping_status":"open","sticky":false,"template":"","format":"standard","meta":{"ngg_post_thumbnail":0,"footnotes":""},"categories":[12],"tags":[],"class_list":["post-20834","post","type-post","status-publish","format-standard","hentry","category-valenca-news"],"views":1176,"meta_data":{"thumb":"https:\/\/portalv1.com.br\/app\/wp-content\/uploads\/2014\/01\/tre.jpg","data":{"simple":"06\/05\/2015","date_time":"06\/05\/2015 14:24:48","date":"h\u00e1 11 anos"},"chapeu":"Justi\u00e7a Eleitoral","source":"slide"},"_links":{"self":[{"href":"https:\/\/portalv1.com.br\/api\/wp\/v2\/posts\/20834","targetHints":{"allow":["GET"]}}],"collection":[{"href":"https:\/\/portalv1.com.br\/api\/wp\/v2\/posts"}],"about":[{"href":"https:\/\/portalv1.com.br\/api\/wp\/v2\/types\/post"}],"author":[{"embeddable":true,"href":"https:\/\/portalv1.com.br\/api\/wp\/v2\/users\/1"}],"replies":[{"embeddable":true,"href":"https:\/\/portalv1.com.br\/api\/wp\/v2\/comments?post=20834"}],"version-history":[{"count":0,"href":"https:\/\/portalv1.com.br\/api\/wp\/v2\/posts\/20834\/revisions"}],"wp:attachment":[{"href":"https:\/\/portalv1.com.br\/api\/wp\/v2\/media?parent=20834"}],"wp:term":[{"taxonomy":"category","embeddable":true,"href":"https:\/\/portalv1.com.br\/api\/wp\/v2\/categories?post=20834"},{"taxonomy":"post_tag","embeddable":true,"href":"https:\/\/portalv1.com.br\/api\/wp\/v2\/tags?post=20834"}],"curies":[{"name":"wp","href":"https:\/\/api.w.org\/{rel}","templated":true}]}}