{"id":208533,"date":"2024-06-30T13:30:52","date_gmt":"2024-06-30T16:30:52","guid":{"rendered":"https:\/\/portalv1.com.br\/?p=208533"},"modified":"2024-06-30T13:30:52","modified_gmt":"2024-06-30T16:30:52","slug":"prefeitura-de-urucui-abre-processo-seletivo-com-13-vagas","status":"publish","type":"post","link":"https:\/\/portalv1.com.br\/prefeitura-de-urucui-abre-processo-seletivo-com-13-vagas\/","title":{"rendered":"Prefeitura de Uru\u00e7u\u00ed abre processo seletivo com 13 vagas"},"content":{"rendered":"<p>No estado do Piau\u00ed, a&nbsp;Prefeitura de Uru\u00e7u\u00ed&nbsp;divulga a abertura de um novo Processo Seletivo que tem como objetivo a contrata\u00e7\u00e3o de profissionais que tenham ensino fundamental e m\u00e9dio.<\/p>\n<p>As 13 oportunidades s\u00e3o para os cargos de Brigadista de Combate (10); Brigadista Chefe de Esquadr\u00e3o (2) e Brigadista Chefe de Brigada (1), ao serem contratados, os profissionais contar\u00e3o com a remunera\u00e7\u00e3o no valor de R$ 1.412,00 a R$ 2.824,00 ao m\u00eas e a carga hor\u00e1ria ser\u00e1 de 20 a 40 horas semanais.<\/p>\n<div class=\"content\">\n<p>Os candidatos devem comprovar a escolaridade exigida, bem como ter registro no respectivo conselho de classe, idade m\u00ednima de 18 anos e no m\u00e1ximo 59 anos, CNH na categoria &#8220;A&#8221;, dentre outros requisitos que constam no edital.<\/p>\n<p><strong>Procedimentos para participa\u00e7\u00e3o<\/strong><\/p>\n<p>Para participar, os interessados devem efetuar as inscri\u00e7\u00f5es no per\u00edodo de 27 de junho de 2024 a 4 de julho de 2024, na sede da Secretaria Municipal de Meio Ambiente, no hor\u00e1rio das 7h30 \u00e0s 13h30.<\/p>\n<p>A classifica\u00e7\u00e3o dos candidatos ser\u00e1 por meio da&nbsp;an\u00e1lise de t\u00edtulos e teste do TAF e THUFA&nbsp;de acordo com os crit\u00e9rios de pontua\u00e7\u00e3o especificados no edital.<\/p>\n<p>O prazo de validade do presente Processo Seletivo ser\u00e1 de seis meses.<\/p>\n<p><strong>Clique&nbsp;<a href=\"https:\/\/arq.pciconcursos.com.br\/prefeitura-de-urucui-pi-divulga-processo-seletivo-com-13-vagas\/1655297\/a76f2cd7d3\/edital_de_abertura_n_010_2024.pdf\" target=\"_blank\" rel=\"noopener\">aqui<\/a>&nbsp;e confira o edital.<\/strong><\/p>\n<\/div>\n<p>Fonte:&nbsp;<strong>PCI concursos<\/strong><\/p>\n","protected":false},"excerpt":{"rendered":"<p>No estado do Piau\u00ed, a&nbsp;Prefeitura de Uru\u00e7u\u00ed&nbsp;divulga a abertura de um novo Processo Seletivo que tem como objetivo a contrata\u00e7\u00e3o de profissionais que tenham ensino fundamental e m\u00e9dio. As 13&#8230;<\/p>\n","protected":false},"author":1,"featured_media":15219,"comment_status":"open","ping_status":"open","sticky":false,"template":"","format":"standard","meta":{"ngg_post_thumbnail":0,"footnotes":""},"categories":[243],"tags":[],"class_list":["post-208533","post","type-post","status-publish","format-standard","has-post-thumbnail","hentry","category-geral"],"views":65,"meta_data":{"thumb":"https:\/\/portalv1.com.br\/app\/wp-content\/uploads\/2013\/03\/concurso-publico_pref.jpg","imagem":{"fullsize":{"url":"https:\/\/portalv1.com.br\/app\/wp-content\/uploads\/2013\/03\/concurso-publico_pref.jpg","width":455,"height":261},"thumbnail":{"url":"https:\/\/portalv1.com.br\/app\/wp-content\/uploads\/2013\/03\/concurso-publico_pref-100x100.jpg","width":100,"height":100},"medium":{"url":"https:\/\/portalv1.com.br\/app\/wp-content\/uploads\/2013\/03\/concurso-publico_pref-300x172.jpg","width":300,"height":172}},"data":{"simple":"30\/06\/2024","date_time":"30\/06\/2024 10:30:52","date":"h\u00e1 2 anos"},"chapeu":"Veja edital ","source":"m_destacada"},"_links":{"self":[{"href":"https:\/\/portalv1.com.br\/api\/wp\/v2\/posts\/208533","targetHints":{"allow":["GET"]}}],"collection":[{"href":"https:\/\/portalv1.com.br\/api\/wp\/v2\/posts"}],"about":[{"href":"https:\/\/portalv1.com.br\/api\/wp\/v2\/types\/post"}],"author":[{"embeddable":true,"href":"https:\/\/portalv1.com.br\/api\/wp\/v2\/users\/1"}],"replies":[{"embeddable":true,"href":"https:\/\/portalv1.com.br\/api\/wp\/v2\/comments?post=208533"}],"version-history":[{"count":0,"href":"https:\/\/portalv1.com.br\/api\/wp\/v2\/posts\/208533\/revisions"}],"wp:featuredmedia":[{"embeddable":true,"href":"https:\/\/portalv1.com.br\/api\/wp\/v2\/media\/15219"}],"wp:attachment":[{"href":"https:\/\/portalv1.com.br\/api\/wp\/v2\/media?parent=208533"}],"wp:term":[{"taxonomy":"category","embeddable":true,"href":"https:\/\/portalv1.com.br\/api\/wp\/v2\/categories?post=208533"},{"taxonomy":"post_tag","embeddable":true,"href":"https:\/\/portalv1.com.br\/api\/wp\/v2\/tags?post=208533"}],"curies":[{"name":"wp","href":"https:\/\/api.w.org\/{rel}","templated":true}]}}