{"id":209043,"date":"2024-07-01T15:22:36","date_gmt":"2024-07-01T18:22:36","guid":{"rendered":"https:\/\/portalv1.com.br\/?p=209043"},"modified":"2024-07-01T15:22:36","modified_gmt":"2024-07-01T18:22:36","slug":"seduc-traz-orientacoes-sobre-a-busca-ativa-de-matriculas-do-programa-alfabetiza-piaui","status":"publish","type":"post","link":"https:\/\/portalv1.com.br\/seduc-traz-orientacoes-sobre-a-busca-ativa-de-matriculas-do-programa-alfabetiza-piaui\/","title":{"rendered":"Seduc traz orienta\u00e7\u00f5es sobre a busca ativa de matr\u00edculas do Programa Alfabetiza Piau\u00ed"},"content":{"rendered":"<p>O Secret\u00e1rio de Estado da Educa\u00e7\u00e3o (Seduc), Washington Bandeira, participou de reuni\u00e3o t\u00e9cnica para orienta\u00e7\u00e3o e mobiliza\u00e7\u00e3o de matr\u00edculas no Programa Alfabetiza Piau\u00ed. O encontro foi realizado por meio da plataforma do Canal Educa\u00e7\u00e3o, nesta segunda-feira (1), com representantes das 21 Ger\u00eancias Regionais de Educa\u00e7\u00e3o (GREs), coordenadores de ensino, alfabetiza\u00e7\u00e3o e gestores escolares dos Centros de Educa\u00e7\u00e3o de Jovens e Adultos.<\/p>\n<p>A mobiliza\u00e7\u00e3o para efetivar matr\u00edculas do Programa Alfabetiza Piau\u00ed pelas equipes da Seduc em todo o Piau\u00ed inclui o uso da plataforma&nbsp;<a href=\"https:\/\/plataforma.seduc.pi.gov.br\/alfabetiza\/\" target=\"_blank\" rel=\"noopener noreferrer\">https:\/\/plataforma.seduc.pi.gov.br\/alfabetiza\/<\/a>, que facilitar\u00e1 o preenchimento de dados pelas equipes nos centros de ensino que ir\u00e3o ofertar a Educa\u00e7\u00e3o de Jovens e Adultos (EJA).<\/p>\n<p>A estrat\u00e9gia de Busca Ativa permitir\u00e1 localizar os estudantes que n\u00e3o deram seguimento \u00e0 alfabetiza\u00e7\u00e3o, identificar as dificuldades no acesso \u00e0s escolas e propor solu\u00e7\u00f5es para efetivar a matr\u00edcula dos potenciais estudantes.<\/p>\n<p>Washington Bandeira incentivou os gestores a diversificarem as estrat\u00e9gias para atrair os jovens e adultos e iniciarem o ciclo de alfabetiza\u00e7\u00e3o. \u201cEste \u00e9 um encontro para alinhar e mobilizar toda a nossa equipe para realizar diversas a\u00e7\u00f5es de fortalecimento da busca ativa e amplia\u00e7\u00e3o dos matriculados no Programa Alfabetiza Piau\u00ed, para alcan\u00e7armos mais de 100 mil jovens e adultos alfabetizados at\u00e9 2026. No programa, os nossos alunos ter\u00e3o direito a bolsa no valor de R$ 600, transporte e alimenta\u00e7\u00e3o. Ent\u00e3o, os interessados j\u00e1 podem efetivar suas matr\u00edculas no Alfabetiza Piau\u00ed e a previs\u00e3o de in\u00edcio de aulas \u00e9 para o dia 15 de julho\u201d, disse o secret\u00e1rio.<a href=\"https:\/\/portalv1.com.br\/app\/wp-content\/uploads\/2024\/07\/seduc.png\"><img loading=\"lazy\" decoding=\"async\" class=\"aligncenter size-full wp-image-209044\" src=\"https:\/\/portalv1.com.br\/app\/wp-content\/uploads\/2024\/07\/seduc.png\" alt=\"\" width=\"1000\" height=\"628\" srcset=\"https:\/\/portalv1.com.br\/app\/wp-content\/uploads\/2024\/07\/seduc.png 1000w, https:\/\/portalv1.com.br\/app\/wp-content\/uploads\/2024\/07\/seduc-300x188.png 300w, https:\/\/portalv1.com.br\/app\/wp-content\/uploads\/2024\/07\/seduc-640x402.png 640w, https:\/\/portalv1.com.br\/app\/wp-content\/uploads\/2024\/07\/seduc-768x482.png 768w\" sizes=\"auto, (max-width: 1000px) 100vw, 1000px\" \/><\/a><\/p>\n<p><strong>Programa Alfabetiza Piau\u00ed<\/strong><\/p>\n<p>O Programa Alfabetiza Piau\u00ed visa ampliar o acesso \u00e0 Educa\u00e7\u00e3o e a continuidade dos estudos na modalidade de Educa\u00e7\u00e3o de Jovens e Adultos (EJA). Tendo como meta reduzir o \u00edndice de analfabetismo no estado, as a\u00e7\u00f5es do Alfabetiza Piau\u00ed s\u00e3o planejadas para alcan\u00e7ar 125 mil piauienses com idade igual ou superior a 15 anos que n\u00e3o foram alfabetizadas na idade certa, at\u00e9 2026.<\/p>\n<p>Outro meio de incentivo pelo Alfabetiza Piau\u00ed est\u00e1 na oferta de benef\u00edcios como transporte, alimenta\u00e7\u00e3o e uma bolsa no valor de R$ 600,00 ao longo do processo de alfabetiza\u00e7\u00e3o. O pagamento da bolsa ocorrer\u00e1 em tr\u00eas etapas \u00e0 medida que o aluno avan\u00e7ar no curso.<\/p>\n","protected":false},"excerpt":{"rendered":"<p>O Secret\u00e1rio de Estado da Educa\u00e7\u00e3o (Seduc), Washington Bandeira, participou de reuni\u00e3o t\u00e9cnica para orienta\u00e7\u00e3o e mobiliza\u00e7\u00e3o de matr\u00edculas no Programa Alfabetiza Piau\u00ed. O encontro foi realizado por meio da&#8230;<\/p>\n","protected":false},"author":1,"featured_media":209044,"comment_status":"open","ping_status":"open","sticky":false,"template":"","format":"standard","meta":{"ngg_post_thumbnail":0,"footnotes":""},"categories":[243],"tags":[],"class_list":["post-209043","post","type-post","status-publish","format-standard","has-post-thumbnail","hentry","category-geral"],"views":106,"meta_data":{"thumb":"https:\/\/portalv1.com.br\/app\/wp-content\/uploads\/2024\/07\/seduc.png","imagem":{"fullsize":{"url":"https:\/\/portalv1.com.br\/app\/wp-content\/uploads\/2024\/07\/seduc.png","width":1000,"height":628},"medium":{"url":"https:\/\/portalv1.com.br\/app\/wp-content\/uploads\/2024\/07\/seduc-300x188.png","width":300,"height":188},"large":{"url":"https:\/\/portalv1.com.br\/app\/wp-content\/uploads\/2024\/07\/seduc-640x402.png","width":640,"height":402},"thumbnail":{"url":"https:\/\/portalv1.com.br\/app\/wp-content\/uploads\/2024\/07\/seduc-100x100.png","width":100,"height":100},"medium_large":{"url":"https:\/\/portalv1.com.br\/app\/wp-content\/uploads\/2024\/07\/seduc-768x482.png","width":768,"height":482}},"data":{"simple":"01\/07\/2024","date_time":"01\/07\/2024 12:22:36","date":"h\u00e1 2 anos"},"chapeu":"Veja detalhes ","source":"slide"},"_links":{"self":[{"href":"https:\/\/portalv1.com.br\/api\/wp\/v2\/posts\/209043","targetHints":{"allow":["GET"]}}],"collection":[{"href":"https:\/\/portalv1.com.br\/api\/wp\/v2\/posts"}],"about":[{"href":"https:\/\/portalv1.com.br\/api\/wp\/v2\/types\/post"}],"author":[{"embeddable":true,"href":"https:\/\/portalv1.com.br\/api\/wp\/v2\/users\/1"}],"replies":[{"embeddable":true,"href":"https:\/\/portalv1.com.br\/api\/wp\/v2\/comments?post=209043"}],"version-history":[{"count":0,"href":"https:\/\/portalv1.com.br\/api\/wp\/v2\/posts\/209043\/revisions"}],"wp:featuredmedia":[{"embeddable":true,"href":"https:\/\/portalv1.com.br\/api\/wp\/v2\/media\/209044"}],"wp:attachment":[{"href":"https:\/\/portalv1.com.br\/api\/wp\/v2\/media?parent=209043"}],"wp:term":[{"taxonomy":"category","embeddable":true,"href":"https:\/\/portalv1.com.br\/api\/wp\/v2\/categories?post=209043"},{"taxonomy":"post_tag","embeddable":true,"href":"https:\/\/portalv1.com.br\/api\/wp\/v2\/tags?post=209043"}],"curies":[{"name":"wp","href":"https:\/\/api.w.org\/{rel}","templated":true}]}}